{"id":2572,"date":"2026-02-20T12:34:06","date_gmt":"2026-02-20T15:34:06","guid":{"rendered":"https:\/\/grandepremio.com\/es\/2026\/02\/20\/motogp-anuncia-cambios-direccion-carrera-2026\/"},"modified":"2026-02-20T12:34:12","modified_gmt":"2026-02-20T15:34:12","slug":"motogp-anuncia-cambios-direccion-carrera-2026","status":"publish","type":"post","link":"https:\/\/grandepremio.com\/es\/motogp\/motogp-anuncia-cambios-direccion-carrera-2026\/","title":{"rendered":"MotoGP anuncia cambios en el equipo de la direcci\u00f3n de carrera para la temporada 2026"},"content":{"rendered":"\n<p class=\"wp-block-paragraph\">De cara a la temporada 2026 de <strong>MotoGP<\/strong> habr\u00e1 un nuevo director de carrera. Y es que <strong>MotoGP Sports Entertainment Group<\/strong>, que es la propietaria de los derechos comerciales del campeonato del mundo de las dos ruedas, decidi\u00f3 reemplazar a <strong>Mike Webb<\/strong> y colocar a <strong>Graham Webber<\/strong> en su lugar.<\/p>\n\n\n\n<p class=\"wp-block-paragraph\">\ud83d\udfe5&nbsp;<strong><em>\u00a1Todas las novedades te esperan en el canal de&nbsp;<\/em><\/strong><a href=\"https:\/\/www.youtube.com\/@GrandePremioES\"><em>YouTube<\/em><\/a><strong><em>&nbsp;de Grande Pr\u00eamio en Espa\u00f1ol!<\/em><\/strong>&nbsp;\ud83d\udfe8<\/p>\n\n\n\n<p class=\"wp-block-paragraph\">A pesar del cambio, Webb permanecer\u00e1 en la estructura como nuevo coordinador de direcci\u00f3n de carrera en los grandes premios de este a\u00f1o<em> \u201ccomo parte de este equipo renovado\u201d<\/em>, seg\u00fan consignaron en el comunicado oficial. <strong>Jack Gorst<\/strong> ser\u00e1 incorporado como director de carrera adjunto para todo el a\u00f1o y encabezar\u00e1n el equipo que determinar\u00e1 las sanciones a los pilotos de las tres categor\u00edas del mundial.<\/p>\n\n\n\n<p class=\"wp-block-paragraph\"><strong>Simon Crafar<\/strong>, en tanto, ser\u00e1 el presidente del panel de comisarios nominado por <strong>IRTA<\/strong>, la asociaci\u00f3n de equipos, mientras que lo acompa\u00f1ar\u00e1n Andr\u00e9s Somolinos como comisario jefe de la <strong>FIM <\/strong>y Tamara Matko. <strong>Loris Capirossi<\/strong> mantendr\u00e1 su cargo como comisario representante de la empresa controladora en la direcci\u00f3n de carrera y como comisario de la entidad rectora del motociclismo.<\/p>\n\n\n\n<figure class=\"wp-block-embed is-type-video is-provider-youtube wp-block-embed-youtube wp-embed-aspect-16-9 wp-has-aspect-ratio\"><div class=\"wp-block-embed__wrapper\">\n<iframe loading=\"lazy\" title=\"EL AN\u00c1LISIS DE LA PRIMERA SEMANA DE TESTS DE F1 2026 EN BAHR\u00c9IN\" width=\"500\" height=\"281\" src=\"https:\/\/www.youtube.com\/embed\/B54NAgovjjM?feature=oembed\" frameborder=\"0\" allow=\"accelerometer; autoplay; clipboard-write; encrypted-media; gyroscope; picture-in-picture; web-share\" referrerpolicy=\"strict-origin-when-cross-origin\" allowfullscreen><\/iframe>\n<\/div><\/figure>\n\n\n\n<p class=\"wp-block-paragraph\">Tras la salida de <strong>Herve Poncharal <\/strong>como presidente de IRTA, y su sustituci\u00f3n por <strong>Lucio Cecchinello<\/strong>, la <strong>Comisi\u00f3n de Grand Prix<\/strong> estar\u00e1 conformada por el presidente de la ex Dorna, Carmelo Ezpeleta, mantenido por <strong>Liberty Media<\/strong>, los nuevos due\u00f1os, Paul Duparc en representaci\u00f3n de FIM, Mike Webb como nuevo representante y secretario de IRTA y Biense Bierma como representante de <strong>MSMA<\/strong>, la asociaci\u00f3n de constructores. Esta comisi\u00f3n se encarga de todos los cambios reglamentarios de MotoGP.<\/p>\n\n\n\n<p class=\"wp-block-paragraph\">Por \u00faltimo, el panel de apelaciones de la FIM tendr\u00e1 como representantes a Ralph Bohnhorst, Raffaele de Fabritiid, Stuart Higgins, Franco Uncini m\u00e1s una persona de una asociaci\u00f3n nacional afiliada a la Federaci\u00f3n Internacional de Motociclismo. El equipo m\u00e9dico estar\u00e1 a cargo de Giancarlo di Filippo y Bartolom\u00e9 Alfonso como parte de la oficina de seguridad de FIM.<\/p>\n\n\n\n<p class=\"wp-block-paragraph\">\u23e9&nbsp;<strong><em>\u00a1Seguinos en redes por&nbsp;<\/em><\/strong><a href=\"https:\/\/twitter.com\/grandepremioES\"><em>Twitter&nbsp;<\/em><\/a><strong><em>e&nbsp;<\/em><\/strong><a href=\"https:\/\/www.instagram.com\/grandepremioes\/\"><em>Instagram!<br><\/em><\/a>\u23e9&nbsp;<strong><em>Adem\u00e1s, tenemos nuestro&nbsp;<\/em><\/strong><a href=\"https:\/\/whatsapp.com\/channel\/0029VaDZ5zb0gcfDxuwxBM05\"><em>canal de Whatsapp<\/em><\/a><strong><em>&nbsp;con toda la informaci\u00f3n al instante<\/em><\/strong>&nbsp;\ud83c\udfc1<\/p>\n\n\n\n<p class=\"wp-block-paragraph\">MotoGP retomar\u00e1 los test de pretemporada en el circuito de Buriram, en Tailandia, ma\u00f1ana y pasado antes del comienzo de la temporada en el mismo escenario, el fin de semana del 1\u00b0 de marzo.<\/p>\n","protected":false},"excerpt":{"rendered":"<p>El Mundial de Motociclismo confirm\u00f3 hoy que Graham Webber ser\u00e1 el nuevo director de carreras de MotoGP desde la temporada 2026 en lugar de Mike Webb, que ocupar\u00e1 otro cargo administrativo dentro de la organizaci\u00f3n.<\/p>\n","protected":false},"author":0,"featured_media":1010393327,"comment_status":"closed","ping_status":"closed","sticky":false,"template":"","format":"standard","meta":{"42wp_featured_image_caption":"","42wp_featured_image_credits":"","42wp_featured_video":"","42wp_featured_image_hidden":false,"42wp_authors_list":[],"footnotes":""},"categories":[8],"tags":[10256,1448,5748,7255,2610,13856,624,9100,3339,5747,1293,13830,9579,10599],"42wp_author":[14237],"class_list":["post-2572","post","type-post","status-publish","format-standard","has-post-thumbnail","hentry","category-motogp","tag-comision-de-grand-prix","tag-fim","tag-graham-webber","tag-herve-poncharal-2","tag-irta","tag-jack-gorst","tag-liberty-media","tag-loris-capirossi","tag-lucio-cecchinello","tag-mike-webb","tag-motogp","tag-motogp-sports-entertainment-group","tag-msma","tag-simon-crafar","42wp_author-gabriel-garcia"],"_links":{"self":[{"href":"https:\/\/grandepremio.com\/es\/wp-json\/wp\/v2\/posts\/2572","targetHints":{"allow":["GET"]}}],"collection":[{"href":"https:\/\/grandepremio.com\/es\/wp-json\/wp\/v2\/posts"}],"about":[{"href":"https:\/\/grandepremio.com\/es\/wp-json\/wp\/v2\/types\/post"}],"replies":[{"embeddable":true,"href":"https:\/\/grandepremio.com\/es\/wp-json\/wp\/v2\/comments?post=2572"}],"version-history":[{"count":0,"href":"https:\/\/grandepremio.com\/es\/wp-json\/wp\/v2\/posts\/2572\/revisions"}],"wp:featuredmedia":[{"embeddable":true,"href":"https:\/\/grandepremio.com\/es\/wp-json\/wp\/v2\/media\/1010393327"}],"wp:attachment":[{"href":"https:\/\/grandepremio.com\/es\/wp-json\/wp\/v2\/media?parent=2572"}],"wp:term":[{"taxonomy":"category","embeddable":true,"href":"https:\/\/grandepremio.com\/es\/wp-json\/wp\/v2\/categories?post=2572"},{"taxonomy":"post_tag","embeddable":true,"href":"https:\/\/grandepremio.com\/es\/wp-json\/wp\/v2\/tags?post=2572"},{"taxonomy":"42wp_author","embeddable":true,"href":"https:\/\/grandepremio.com\/es\/wp-json\/wp\/v2\/42wp_author?post=2572"}],"curies":[{"name":"wp","href":"https:\/\/api.w.org\/{rel}","templated":true}]}}