{"id":25830,"date":"2021-07-14T14:00:27","date_gmt":"2021-07-14T17:00:27","guid":{"rendered":"https:\/\/grandepremio.com\/es\/2021\/07\/14\/la-f1-anhela-correr-carrera-clasificatoria-en-brasil-pero-teme-cancelacion\/"},"modified":"2021-07-14T14:00:29","modified_gmt":"2021-07-14T17:00:29","slug":"la-f1-anhela-correr-carrera-clasificatoria-en-brasil-pero-teme-cancelacion","status":"publish","type":"post","link":"https:\/\/grandepremio.com\/es\/f1\/la-f1-anhela-correr-carrera-clasificatoria-en-brasil-pero-teme-cancelacion\/","title":{"rendered":"La F1 anhela correr carrera clasificatoria en Brasil, pero teme cancelaci\u00f3n del GP"},"content":{"rendered":"\n<p class=\"wp-block-paragraph\">El fin de semana del GP de Gran Breta\u00f1a develar\u00e1 la nueva generaci\u00f3n de autos de F\u00f3rmula 1, un cap\u00edtulo m\u00e1s del culebr\u00f3n de la carrera por el t\u00edtulo y <a href=\"https:\/\/grandepremio.com\/es\/\/f1\/la-f1-decide-que-el-ganador-de-la-carrera-clasificatoria-sera-el-poleman\/\">el debut de la primera carrera clasificatoria<\/a>. Pero Silverstone ser\u00e1 s\u00f3lo uno de los tres eventos que contar\u00e1n con esta nueva implementaci\u00f3n, donde tambi\u00e9n ya est\u00e1 confirmado Monza. La tercera experiencia est\u00e1 prevista que sea en Brasil, pero la F1 a\u00fan no tiene la completa certeza de que se dispute esta competencia con fecha pautada para noviembre.<\/p>\n\n\n\n<p class=\"wp-block-paragraph\"><strong>\u00a1Conoce el canal de Gran Premio en\u00a0<a href=\"https:\/\/www.youtube.com\/c\/GrandePremioTV\">YouTube<\/a>!<br>\u00a1Sigue a Gran Premio en\u00a0<a href=\"https:\/\/twitter.com\/granpremioes\" target=\"_blank\" rel=\"noreferrer noopener\">Twitter\u00a0<\/a>y en\u00a0<a href=\"https:\/\/instagram.com\/granpremio_es\" target=\"_blank\" rel=\"noreferrer noopener\">Instagram<\/a>!<\/strong><\/p>\n\n\n\n<p class=\"wp-block-paragraph\">La informaci\u00f3n procede de la revista alemana Auto Motor und Sport. Seg\u00fan la publicaci\u00f3n, Interlagos est\u00e1 en la mira para ser sede de la \u00faltima carrera clasificatoria. El motivo es sencillo: el Campeonato del Mundo no sabe si podr\u00e1 correr all\u00ed el fin de semana del 5 al 7 de noviembre.<\/p>\n\n\n\n<p class=\"wp-block-paragraph\">Ya desde que el momento en que se confirm\u00f3 el formato de las carreras clasificatorias hace meses, se estableci\u00f3 que Silverstone, Monza e Interlagos eran los circuitos favoritos para las pruebas, pero que se tem\u00eda por las condiciones sanitarias de Brasil ante la nueva pandemia de coronavirus. El caso es que ahora, en pleno mes de julio y a menos de cinco meses del evento, las dudas contin\u00faan.<\/p>\n\n\n\n<p class=\"wp-block-paragraph\">Seg\u00fan la revista, el temor es la alta tasa de contagio de coronavirus en el pa\u00eds. El pasado martes 13 de julio, Brasil registr\u00f3 42.466 casos y 1.613 muertes. Cifras muy elevadas a pesar de que la cantidad de casos y de muertes es la m\u00e1s baja desde marzo, seg\u00fan fuentes gubernamentales. En total, desde el inicio de la pandemia, Brasil acumula m\u00e1s de 535.000 muertes.<\/p>\n\n\n\n<p class=\"wp-block-paragraph\">Debido a las dudas sobre el GP de S\u00e3o Paulo, la revista alemana afirma que la F1 se tomar\u00e1 el tiempo necesario para definir cu\u00e1l ser\u00e1 la sede de la tercera carrera clasificatoria y que, por lo tanto, no se espera que haya una decisi\u00f3n en las pr\u00f3ximas semanas. Austin, con el GP de Estados Unidos, surge como una fuerte posibilidad. Con la cancelaci\u00f3n del GP de Australia, se especula incluso con la posibilidad de que en el trazado estadounidense se dispute una fecha doble, con un formato similar al que se llev\u00f3 a cabo en las \u00faltimas dos rondas de Austria.<\/p>\n\n\n\n<p class=\"wp-block-paragraph\">La \u00fanica decisi\u00f3n es que no habr\u00e1 carrera de clasificaci\u00f3n en la \u00faltima carrera del campeonato, en Abu Dhabi. &#8220;No queremos que un nuevo formato decida el Mundial&#8221;, atribuye la revista a una fuente de la organizaci\u00f3n de la F\u00f3rmula 1.<\/p>\n","protected":false},"excerpt":{"rendered":"<p>El fin de semana del GP de Gran Breta\u00f1a develar\u00e1 la nueva generaci\u00f3n de autos de F\u00f3rmula 1, un cap\u00edtulo m\u00e1s del culebr\u00f3n de la carrera por el t\u00edtulo y el debut de la primera carrera clasificatoria. Pero Silverstone ser\u00e1 s\u00f3lo uno de los tres eventos que contar\u00e1n con esta nueva implementaci\u00f3n, donde tambi\u00e9n ya [&hellip;]<\/p>\n","protected":false},"author":0,"featured_media":1010028591,"comment_status":"closed","ping_status":"closed","sticky":false,"template":"","format":"standard","meta":{"42wp_featured_image_caption":"","42wp_featured_image_credits":"","42wp_featured_video":"","42wp_featured_image_hidden":false,"42wp_authors_list":[],"footnotes":""},"categories":[5],"tags":[1440,1491,474],"42wp_author":[14223],"class_list":["post-25830","post","type-post","status-publish","format-standard","has-post-thumbnail","hentry","category-f1","tag-carreras-clasificatorias","tag-gp-de-sao-paulo-2","tag-interlagos","42wp_author-esteban-nieto"],"_links":{"self":[{"href":"https:\/\/grandepremio.com\/es\/wp-json\/wp\/v2\/posts\/25830","targetHints":{"allow":["GET"]}}],"collection":[{"href":"https:\/\/grandepremio.com\/es\/wp-json\/wp\/v2\/posts"}],"about":[{"href":"https:\/\/grandepremio.com\/es\/wp-json\/wp\/v2\/types\/post"}],"replies":[{"embeddable":true,"href":"https:\/\/grandepremio.com\/es\/wp-json\/wp\/v2\/comments?post=25830"}],"version-history":[{"count":0,"href":"https:\/\/grandepremio.com\/es\/wp-json\/wp\/v2\/posts\/25830\/revisions"}],"wp:featuredmedia":[{"embeddable":true,"href":"https:\/\/grandepremio.com\/es\/wp-json\/wp\/v2\/media\/1010028591"}],"wp:attachment":[{"href":"https:\/\/grandepremio.com\/es\/wp-json\/wp\/v2\/media?parent=25830"}],"wp:term":[{"taxonomy":"category","embeddable":true,"href":"https:\/\/grandepremio.com\/es\/wp-json\/wp\/v2\/categories?post=25830"},{"taxonomy":"post_tag","embeddable":true,"href":"https:\/\/grandepremio.com\/es\/wp-json\/wp\/v2\/tags?post=25830"},{"taxonomy":"42wp_author","embeddable":true,"href":"https:\/\/grandepremio.com\/es\/wp-json\/wp\/v2\/42wp_author?post=25830"}],"curies":[{"name":"wp","href":"https:\/\/api.w.org\/{rel}","templated":true}]}}