{"id":25900,"date":"2021-07-03T09:34:01","date_gmt":"2021-07-03T12:34:01","guid":{"rendered":"https:\/\/grandepremio.com\/es\/2021\/07\/03\/haas-reconoce-chasis-mas-pesado-de-mazepin-y-promete-cambiarlo\/"},"modified":"2021-07-03T09:34:03","modified_gmt":"2021-07-03T12:34:03","slug":"haas-reconoce-chasis-mas-pesado-de-mazepin-y-promete-cambiarlo","status":"publish","type":"post","link":"https:\/\/grandepremio.com\/es\/f1\/haas-reconoce-chasis-mas-pesado-de-mazepin-y-promete-cambiarlo\/","title":{"rendered":"Haas reconoce &#8220;chasis m\u00e1s pesado&#8221; de Mazepin y promete cambio para B\u00e9lgica"},"content":{"rendered":"\n<p class=\"wp-block-paragraph\">Guenther Steiner, jefe del equipo Haas, reconoci\u00f3 que Nikita Mazepin lleva un chasis ligeramente m\u00e1s pesado que su compa\u00f1ero Mick Schumacher. <a href=\"https:\/\/grandepremio.com\/es\/\/f1\/mazepin-reclama-por-tener-auto-mas-lento-que-schumacher-en-haas\/\">La semana pasada, durante el GP de Estiria, el ruso hab\u00eda hecho comentarios sobre su auto<\/a> y afirm\u00f3 que podr\u00eda ser uno de los motivos que lo llevan a terminar sus carreras por detr\u00e1s de su coequiper alem\u00e1n.  <\/p>\n\n\n\n<p class=\"wp-block-paragraph\">&#8220;Siempre uno intenta hacer lo mejor posible, pero el chasis es un poco m\u00e1s pesado&#8221;, expres\u00f3 Mazepin. &#8220;Pero no en todas las circunstancias, s\u00f3lo cuando necesitamos un cierto equilibrio de peso, as\u00ed que s\u00ed, termina siendo un poco m\u00e1s pesado&#8221;.<\/p>\n\n\n\n<p class=\"wp-block-paragraph\"><strong>\u00a1Conoce el canal de Gran Premio en\u00a0<a href=\"https:\/\/www.youtube.com\/c\/GrandePremioTV\">YouTube<\/a>!<br>\u00a1Sigue a Gran Premio en\u00a0<a href=\"https:\/\/twitter.com\/granpremioes\" target=\"_blank\" rel=\"noreferrer noopener\">Twitter\u00a0<\/a>y en\u00a0<a href=\"https:\/\/instagram.com\/granpremio_es\" target=\"_blank\" rel=\"noreferrer noopener\">Instagram<\/a>!<\/strong><\/p>\n\n\n\n<p class=\"wp-block-paragraph\">Steiner explic\u00f3 que la intenci\u00f3n es entregarle al ruso un nuevo chasis a partir del GP de B\u00e9lgica y confirm\u00f3 que el peso extra marca la diferencia en la velocidad del #9 con respecto al otro monoplaza de la escuder\u00eda.<\/p>\n\n\n\n<p class=\"wp-block-paragraph\">&#8220;El plan es tener un nuevo chasis a partir de B\u00e9lgica para Nikita. No voy a entrar en n\u00fameros porque hemos empezado a especular, as\u00ed que no es un n\u00famero fijo. Pero siempre tiene un impacto que tenga un poco m\u00e1s de peso&#8221;, asegur\u00f3.<\/p>\n\n\n\n<p class=\"wp-block-paragraph\">Mazepin declar\u00f3 el pasado jueves que esta circunstancia genera un gran contratiempo en su velocidad.<\/p>\n\n\n\n<p class=\"wp-block-paragraph\">&#8220;Bueno, creo que la perspectiva com\u00fan que se tiene en el garaje es muy diferente de la que se siente al manejar durante 73 vueltas. As\u00ed que creo que todo el mundo tiene derecho a pensar lo que quiera, y puede que tengan raz\u00f3n, pero estoy seguro de que tiene un gran impacto&#8221;, complet\u00f3 Steiner.<\/p>\n","protected":false},"excerpt":{"rendered":"<p>Guenther Steiner, jefe del equipo Haas, reconoci\u00f3 que Nikita Mazepin lleva un chasis ligeramente m\u00e1s pesado que su compa\u00f1ero Mick Schumacher. La semana pasada, durante el GP de Estiria, el ruso hab\u00eda hecho comentarios sobre su auto y afirm\u00f3 que podr\u00eda ser uno de los motivos que lo llevan a terminar sus carreras por detr\u00e1s [&hellip;]<\/p>\n","protected":false},"author":0,"featured_media":1010027766,"comment_status":"closed","ping_status":"closed","sticky":false,"template":"","format":"standard","meta":{"42wp_featured_image_caption":"","42wp_featured_image_credits":"","42wp_featured_video":"","42wp_featured_image_hidden":false,"42wp_authors_list":[],"footnotes":""},"categories":[5],"tags":[179,329,646,1469,414,504],"42wp_author":[14223],"class_list":["post-25900","post","type-post","status-publish","format-standard","has-post-thumbnail","hentry","category-f1","tag-formula-1","tag-gp-de-austria","tag-gp-de-belgica","tag-guenther-steiner","tag-haas","tag-nikita-mazepin","42wp_author-esteban-nieto"],"_links":{"self":[{"href":"https:\/\/grandepremio.com\/es\/wp-json\/wp\/v2\/posts\/25900","targetHints":{"allow":["GET"]}}],"collection":[{"href":"https:\/\/grandepremio.com\/es\/wp-json\/wp\/v2\/posts"}],"about":[{"href":"https:\/\/grandepremio.com\/es\/wp-json\/wp\/v2\/types\/post"}],"replies":[{"embeddable":true,"href":"https:\/\/grandepremio.com\/es\/wp-json\/wp\/v2\/comments?post=25900"}],"version-history":[{"count":0,"href":"https:\/\/grandepremio.com\/es\/wp-json\/wp\/v2\/posts\/25900\/revisions"}],"wp:featuredmedia":[{"embeddable":true,"href":"https:\/\/grandepremio.com\/es\/wp-json\/wp\/v2\/media\/1010027766"}],"wp:attachment":[{"href":"https:\/\/grandepremio.com\/es\/wp-json\/wp\/v2\/media?parent=25900"}],"wp:term":[{"taxonomy":"category","embeddable":true,"href":"https:\/\/grandepremio.com\/es\/wp-json\/wp\/v2\/categories?post=25900"},{"taxonomy":"post_tag","embeddable":true,"href":"https:\/\/grandepremio.com\/es\/wp-json\/wp\/v2\/tags?post=25900"},{"taxonomy":"42wp_author","embeddable":true,"href":"https:\/\/grandepremio.com\/es\/wp-json\/wp\/v2\/42wp_author?post=25900"}],"curies":[{"name":"wp","href":"https:\/\/api.w.org\/{rel}","templated":true}]}}