{"id":25911,"date":"2021-06-30T17:50:17","date_gmt":"2021-06-30T20:50:17","guid":{"rendered":"https:\/\/grandepremio.com\/es\/2021\/06\/30\/la-f1-decide-que-el-ganador-de-la-carrera-clasificatoria-sera-el-poleman\/"},"modified":"2021-06-30T17:50:19","modified_gmt":"2021-06-30T20:50:19","slug":"la-f1-decide-que-el-ganador-de-la-carrera-clasificatoria-sera-el-poleman","status":"publish","type":"post","link":"https:\/\/grandepremio.com\/es\/f1\/la-f1-decide-que-el-ganador-de-la-carrera-clasificatoria-sera-el-poleman\/","title":{"rendered":"La F1 decide que el ganador de la carrera clasificatoria ser\u00e1 el poleman del GP"},"content":{"rendered":"\n<p class=\"wp-block-paragraph\"><a href=\"https:\/\/grandepremio.com\/es\/\/f1\/jean-todt-cree-que-la-f1-no-necesita-carreras-clasificatorias\/\">Las carreras clasificatorias que est\u00e1n por celebrarse en la F\u00f3rmula 1 est\u00e1n en plena organizaci\u00f3n<\/a>. Esto gener\u00f3 un cambio en lo que hab\u00eda declarado previamente Ross Brawn, director deportivo de la F1, quien hab\u00eda expresado que el poleman se iba defenir en la clasificaci\u00f3n del viernes. Sin embargo, tras discusiones entre la FIA (Federaci\u00f3n Internacional de Automovilismo) y la F1, se decidi\u00f3 que el piloto que gane la carrera del s\u00e1bado ser\u00e1 registrado en las estad\u00edsticas como el ganador de la pole position.<\/p>\n\n\n\n<p class=\"wp-block-paragraph\">&#8220;Probablemente tendr\u00e9 que corregir algo que dije antes, porque inicialmente pensamos que el poleman se decidir\u00eda en la clasificaci\u00f3n del viernes&#8221;, dijo Brawn, cuando se le pregunt\u00f3 sobre el tema de la pole.<\/p>\n\n\n\n<p class=\"wp-block-paragraph\"><strong>\u00a1Conoce el canal de Gran Premio en\u00a0<a href=\"https:\/\/www.youtube.com\/c\/GrandePremioTV\">YouTube<\/a>!<br>\u00a1Sigue a Gran Premio en\u00a0<a href=\"https:\/\/twitter.com\/granpremioes\" target=\"_blank\" rel=\"noreferrer noopener\">Twitter\u00a0<\/a>y en\u00a0<a href=\"https:\/\/instagram.com\/granpremio_es\" target=\"_blank\" rel=\"noreferrer noopener\">Instagram<\/a>!<\/strong><\/p>\n\n\n\n<p class=\"wp-block-paragraph\">&#8220;El piloto que termine la carrera clasificatoria en primer lugar tendr\u00e1 la pole-position en la competencia del domingo. Y eso es lo que contaremos estad\u00edsticamente para el n\u00famero de poles, porque esa es la clasificaci\u00f3n del formato de carrera de los sprints&#8221;, a\u00f1adi\u00f3.<\/p>\n\n\n\n<p class=\"wp-block-paragraph\">Brawn tambi\u00e9n confirm\u00f3 que la prueba del s\u00e1bado no tendr\u00e1 la ceremonia de podio tradicional del domingo.<\/p>\n\n\n\n<p class=\"wp-block-paragraph\">&#8220;Estamos tratando de darle un sabor diferente&#8221;, dijo al ser preguntado por el sitio web estadounidense Motorsport.com sobre las diferencias en el procedimiento. &#8220;Tenemos algunas cosas interesantes que queremos probar despu\u00e9s de la carrera, que es m\u00e1s corta. No habr\u00e1 podio, ser\u00e1 como la clasificaci\u00f3n, porque queremos mantener el podio para la gran cita del fin de semana, que es el domingo&#8221;, continu\u00f3.<\/p>\n\n\n\n<p class=\"wp-block-paragraph\">Brawn subray\u00f3 que es importante explicar al p\u00fablico c\u00f3mo funcionan los fines de semana de carreras clasificatorias. Las normas definitivas del nuevo formato se decidir\u00e1n tras una reuni\u00f3n de los jefes de equipo este jueves en el Red Bull Ring, con algunos detalles de las restricciones del parque cerrado a\u00fan en revisi\u00f3n.<\/p>\n\n\n\n<p class=\"wp-block-paragraph\">&#8220;Tendremos qualy el viernes, una nueva competencia el s\u00e1bado, y todo eso deber\u00eda mejorar el GP del domingo&#8221;, dijo. &#8220;As\u00ed que no creo que podamos olvidarnos del GP en absoluto. Todo esto es aditivo y contribuir\u00e1 a todo el fin de semana&#8221;.<\/p>\n\n\n\n<p class=\"wp-block-paragraph\">Cabe recordar que las carreras de clasificaci\u00f3n est\u00e1n programadas inicialmente para las rondas de Silverstone, Monza y Sao Paulo. La temporada 2021 contin\u00faa este fin de semana en la misma pista de Spielberg, con el GP de Austria.<\/p>\n","protected":false},"excerpt":{"rendered":"<p>Las carreras clasificatorias que est\u00e1n por celebrarse en la F\u00f3rmula 1 est\u00e1n en plena organizaci\u00f3n. Esto gener\u00f3 un cambio en lo que hab\u00eda declarado previamente Ross Brawn, director deportivo de la F1, quien hab\u00eda expresado que el poleman se iba defenir en la clasificaci\u00f3n del viernes. Sin embargo, tras discusiones entre la FIA (Federaci\u00f3n Internacional [&hellip;]<\/p>\n","protected":false},"author":0,"featured_media":1010027680,"comment_status":"closed","ping_status":"closed","sticky":false,"template":"","format":"standard","meta":{"42wp_featured_image_caption":"","42wp_featured_image_credits":"","42wp_featured_video":"","42wp_featured_image_hidden":false,"42wp_authors_list":[],"footnotes":""},"categories":[5],"tags":[1440,570],"42wp_author":[14223],"class_list":["post-25911","post","type-post","status-publish","format-standard","has-post-thumbnail","hentry","category-f1","tag-carreras-clasificatorias","tag-ross-brawn","42wp_author-esteban-nieto"],"_links":{"self":[{"href":"https:\/\/grandepremio.com\/es\/wp-json\/wp\/v2\/posts\/25911","targetHints":{"allow":["GET"]}}],"collection":[{"href":"https:\/\/grandepremio.com\/es\/wp-json\/wp\/v2\/posts"}],"about":[{"href":"https:\/\/grandepremio.com\/es\/wp-json\/wp\/v2\/types\/post"}],"replies":[{"embeddable":true,"href":"https:\/\/grandepremio.com\/es\/wp-json\/wp\/v2\/comments?post=25911"}],"version-history":[{"count":0,"href":"https:\/\/grandepremio.com\/es\/wp-json\/wp\/v2\/posts\/25911\/revisions"}],"wp:featuredmedia":[{"embeddable":true,"href":"https:\/\/grandepremio.com\/es\/wp-json\/wp\/v2\/media\/1010027680"}],"wp:attachment":[{"href":"https:\/\/grandepremio.com\/es\/wp-json\/wp\/v2\/media?parent=25911"}],"wp:term":[{"taxonomy":"category","embeddable":true,"href":"https:\/\/grandepremio.com\/es\/wp-json\/wp\/v2\/categories?post=25911"},{"taxonomy":"post_tag","embeddable":true,"href":"https:\/\/grandepremio.com\/es\/wp-json\/wp\/v2\/tags?post=25911"},{"taxonomy":"42wp_author","embeddable":true,"href":"https:\/\/grandepremio.com\/es\/wp-json\/wp\/v2\/42wp_author?post=25911"}],"curies":[{"name":"wp","href":"https:\/\/api.w.org\/{rel}","templated":true}]}}