{"id":25952,"date":"2021-06-26T10:13:43","date_gmt":"2021-06-26T13:13:43","guid":{"rendered":"https:\/\/grandepremio.com\/es\/2021\/06\/26\/vinales-vuelve-a-vencer-a-quartararo-y-hace-la-pole-del-gp-de-holanda\/"},"modified":"2021-06-26T10:33:00","modified_gmt":"2021-06-26T13:33:00","slug":"vinales-vuelve-a-vencer-a-quartararo-y-hace-la-pole-del-gp-de-holanda","status":"publish","type":"post","link":"https:\/\/grandepremio.com\/es\/motogp\/vinales-vuelve-a-vencer-a-quartararo-y-hace-la-pole-del-gp-de-holanda\/","title":{"rendered":"Vi\u00f1ales vuelve a vencer la disputa con Quartararo y hace la pole en GP de Holanda"},"content":{"rendered":"\n<p class=\"wp-block-paragraph\">Hace una semana Maverick Vi\u00f1ales estaba en la \u00faltima fila de la parrilla en Sachsenring <a href=\"https:\/\/grandepremio.com\/es\/\/motogp\/marquez-resurge-y-se-vuelve-a-mostrar-invencible-en-alemania\/\">para el GP de Alemania<\/a>. Sin embargo, como una contracara, el espa\u00f1ol pas\u00f3 a liderar todas las sesiones y marc\u00f3 una gran vuelta para conseguir la pole del GP de Holanda en Assen con un tiempo de 1min31s814.<\/p>\n\n\n\n<p class=\"wp-block-paragraph\">Fabio Quartararo intent\u00f3 doblegarlo con todas sus fuerzas, pero no pudo adelantar a su compa\u00f1ero de equipo. El l\u00edder del campeonato qued\u00f3 a 0s071 de Vi\u00f1ales y saldr\u00e1 segundo, con Francesco Bagnaia completando la primera fila.<\/p>\n\n\n\n<p class=\"wp-block-paragraph\"><strong>\u00a1Conoce el canal de Gran Premio en\u00a0<a href=\"https:\/\/www.youtube.com\/c\/GrandePremioTV\">YouTube<\/a>!<br>\u00a1Sigue a Gran Premio en\u00a0<a href=\"https:\/\/twitter.com\/granpremioes\" target=\"_blank\" rel=\"noreferrer noopener\">Twitter\u00a0<\/a>y en\u00a0<a href=\"https:\/\/instagram.com\/granpremio_es\" target=\"_blank\" rel=\"noreferrer noopener\">Instagram<\/a>!<\/strong><\/p>\n\n\n\n<p class=\"wp-block-paragraph\">Takaaki Nakagami tambi\u00e9n tuvo un buen rendimiento y se coloc\u00f3 en la cuarta posici\u00f3n, seguido de Johann Zarco, Miguel Oliveira, \u00c1lex Rins, Jack Miller, Aleix Espargar\u00f3 y Joan Mir, para cerrar el top ten. Pol Espargar\u00f3 y Valentino Rossi tambi\u00e9n entraron en la Q2 en Assen.<\/p>\n\n\n\n<p class=\"wp-block-paragraph\"><strong>Quartararo lidera el 1-2 de Yamaha con Vi\u00f1ales en el 4\u00ba Entrenamiento <\/strong><\/p>\n\n\n\n<p class=\"wp-block-paragraph\">A pesar del cielo bastante nublado, la \u00faltima sesi\u00f3n libre en Drenthe comenz\u00f3 con la pista seca. La temperatura era de 26\u00b0C, y el asfalto alcanzaba los 35\u00b0C. La humedad era del 54% y el viento soplaba a 2 km\/h.<\/p>\n\n\n\n<p class=\"wp-block-paragraph\">Francesco Bagnaia comenz\u00f3 la sesi\u00f3n en la parte superior de la parrilla, 0s330 por delante de Miguel Oliveira, pero pronto cedi\u00f3 el paso a Quartararo. El franc\u00e9s fue incluso mejor en la siguiente vuelta para marcar un mejor tiempo de 1min33s310 y abrir un margen de 0s591 sobre \u00c1lex Rins, que se coloc\u00f3 segundo. Marc M\u00e1rquez, Joan Mir y Valentino Rossi han completado los cinco primeros puestos.<\/p>\n\n\n\n<figure class=\"wp-block-image size-large\"><img decoding=\"async\" src=\"https:\/\/grandepremio.com\/es\/\/wp-content\/uploads\/2021\/06\/vinales-otra.jpg\" alt=\"\" class=\"wp-image-24117\"\/><figcaption>Maverick Vi\u00f1ales domina con autoridad en Assen. (Foto: Yamaha)<\/figcaption><\/figure>\n\n\n\n<p class=\"wp-block-paragraph\">Quartararo consigui\u00f3 mejorar una vez m\u00e1s hasta 1min33s227, 0s394 mejor que Rins. Vi\u00f1ales ascendi\u00f3 a la tercera posici\u00f3n, seguido de Francesco Bagnaia y Joan Mir.<\/p>\n\n\n\n<p class=\"wp-block-paragraph\">El l\u00edder del Campeonato del Mundo ha dado una vuelta r\u00e1pida tras otra, llegando a 1min32s194 en su s\u00e9ptima vuelta, 0s391 mejor que el segundo clasificado, Marc M\u00e1rquez. Rins fue tercero.<\/p>\n\n\n\n<p class=\"wp-block-paragraph\">Tambi\u00e9n a mitad de la sesi\u00f3n, Lorenzo Savadori se estrell\u00f3 en Assen, pero se libr\u00f3 de una lesi\u00f3n m\u00e1s grave.<\/p>\n\n\n\n<p class=\"wp-block-paragraph\">Utilizando un neum\u00e1tico duro en la parte trasera de la GSX-RR, Rins mejor\u00f3 a 1min33s134 para seguir siendo segundo, pero redujo la ventaja de Fabio a 0s220. Bagnaia fue tercero, seguido de Marc M\u00e1rquez, Aleix Espargar\u00f3 y Joan Mir. Maverick fue noveno.<\/p>\n\n\n\n<p class=\"wp-block-paragraph\">De vuelta a la pista con un par de neum\u00e1ticos medios, Vi\u00f1ales ha bajado a 1min33s181 y se ha colocado tercero, a 0s360 de Quartararo, que tambi\u00e9n acababa de mejorar, aunque estaba usando un neum\u00e1tico duro en la rueda trasera de su YZR-M1.<\/p>\n\n\n\n<p class=\"wp-block-paragraph\">A continuaci\u00f3n, le toc\u00f3 a Miguel Oliveira subir algunos pelda\u00f1os en la parrilla. El piloto portugu\u00e9s se hizo con el segundo puesto con un mejor tiempo de 1min32s945, a 0s240 de Fabio. Joan Mir tambi\u00e9n ha mejorado y se ha colocado tercero. M\u00e1s atr\u00e1s, Valentino Rossi fue noveno.<\/p>\n\n\n\n<p class=\"wp-block-paragraph\">Como hizo durante toda la sesi\u00f3n, Quartararo fue cada vez m\u00e1s r\u00e1pido y logr\u00f3 1min32s513, 0s403 mejor que Vi\u00f1ales, que pas\u00f3 a Oliveira para ser segundo. Mir, Rins, Marc M\u00e1rquez, Aleix Espargar\u00f3, Johann Zarco, Bagnaia y Nakagami han completado los diez primeros puestos.<\/p>\n\n\n\n<p class=\"wp-block-paragraph\">A medida que el reloj avanzaba, Pol Espargar\u00f3 sub\u00eda hasta la octava posici\u00f3n, a 0s742 del l\u00edder. Nakagami pas\u00f3 entonces a la sexta posici\u00f3n.<\/p>\n\n\n\n<figure class=\"wp-block-image size-large\"><img decoding=\"async\" src=\"https:\/\/grandepremio.com\/es\/\/wp-content\/uploads\/2021\/06\/quartararo-assen-1024x1024.jpg\" alt=\"\" class=\"wp-image-24118\"\/><\/figure>\n\n\n\n<p class=\"wp-block-paragraph\"><strong>Zarco y Bagnaia en la Q2. Marc M\u00e1rquez se cae y largar\u00e1 20\u00ba<\/strong><\/p>\n\n\n\n<p class=\"wp-block-paragraph\">La primera sesi\u00f3n de clasificaci\u00f3n comenz\u00f3 con la pista seca a pesar de las nubes en el cielo de Drenthe. Con 1min32s761 Bagnaia abri\u00f3 la Q1 en primera posici\u00f3n, 0s770 por delante del segundo clasificado, Lorenzo Savadori<\/p>\n\n\n\n<p class=\"wp-block-paragraph\">El mejor tiempo del piloto italiano de Ducati, 1&#8217;32.657, ha abierto una brecha de 0.0.418 sobre el segundo clasificado, Jorge Mart\u00edn. Iker Lecuona fue tercero, a 0s139 de la l\u00ednea de corte de la Q2. Marc M\u00e1rquez s\u00f3lo fue quinto.<\/p>\n\n\n\n<p class=\"wp-block-paragraph\">Lecuona consigui\u00f3 rebajar su tiempo, pero no lo suficiente como para subir un puesto. 0s211 m\u00e1s lento que su compa\u00f1ero de equipo en el Tech3, Danilo Petrucci ocup\u00f3 la cuarta plaza.<\/p>\n\n\n\n<figure class=\"wp-block-video\"><video class=\"video-js vjs-big-play-centered\" data-gp-vjs=\"1\" controls src=\"https:\/\/grandepremio.com\/es\/\/wp-content\/uploads\/2021\/06\/MarcMarquez.mp4\"><\/video><\/figure>\n\n\n\n<p class=\"wp-block-paragraph\">Tras una ronda de paradas en boxes, los pilotos volvieron a la pista para el ataque final. Lecuona hizo entonces 1min32s724 y salt\u00f3 a la segunda posici\u00f3n, a 0s067 de Francesco.<\/p>\n\n\n\n<p class=\"wp-block-paragraph\">A falta de 38 segundos para el final de la sesi\u00f3n, M\u00e1rquez se ha ca\u00eddo en la novena curva y ha terminado la sesi\u00f3n antes de tiempo. El espa\u00f1ol fue el d\u00e9cimo m\u00e1s r\u00e1pido, a 0s820 del l\u00edder Bagnaia.<\/p>\n\n\n\n<p class=\"wp-block-paragraph\">En el tramo final de la sesi\u00f3n se ha vivido otro de esos momentos al estilo de Moto3, con \u00c1lex y Marc M\u00e1rquez y Lecuona intentando seguir a Zarco, lo que ha acabado por enfadar al franc\u00e9s.<\/p>\n\n\n\n<p class=\"wp-block-paragraph\">Aun as\u00ed, con el cron\u00f3metro ya bloqueado, Zarco hizo 1min32s541 y se puso en cabeza, 0s116 mejor que Bagnaia. As\u00ed, Lecuona cay\u00f3 al tercer lugar, 0s067 por debajo de la l\u00ednea de corte.<\/p>\n\n\n\n<p class=\"wp-block-paragraph\">As\u00ed, Zarco y Bagnaia pasar\u00e1n a la Q2, mientras que Lecuona saldr\u00e1 13\u00ba, seguido de Jorge Mart\u00edn, Lorenzo Savadori, \u00c1lex M\u00e1rquez, Luca Marini, Danilo Petrucci y Enea Bastianini. Marc M\u00e1rquez saldr\u00e1 20\u00ba, escoltado por Brad Binder y Garrett Gerloff.<\/p>\n\n\n\n<p class=\"wp-block-paragraph\"><strong>Vi\u00f1ales gana la batalla contra Quartararo por la pole<\/strong><\/p>\n\n\n\n<p class=\"wp-block-paragraph\">La decisiva sesi\u00f3n de clasificaci\u00f3n de MotoGP en Assen comenz\u00f3 con la pole provisional en manos de Quartararo, que marc\u00f3 un mejor tiempo de 1&#8217;32.336 para aventajar en 0.077 al segundo clasificado, Vi\u00f1ales.<\/p>\n\n\n\n<p class=\"wp-block-paragraph\">A continuaci\u00f3n, Zarco se hizo con el tercer puesto por delante de Nakagami, Aleix Espargar\u00f3 y Oliveira. Con una vuelta menos que sus rivales, Fabio dio otro paso m\u00e1s hacia la marca de 1min31s para abrir una ventaja de 0.491 sobre Maverick. La marca del franc\u00e9s de Niza super\u00f3 el r\u00e9cord de Assen, establecido por \u00e9l mismo en 2019, en 0s095.<\/p>\n\n\n\n<p class=\"wp-block-paragraph\">Despu\u00e9s de una parada en boxes, Aleix super\u00f3 a Pol por 0s164 para ocupar el sexto lugar. A continuaci\u00f3n, Rossi se ha colocado d\u00e9cimo, a 0s997 de Quartararo. Vi\u00f1ales estaba en una vuelta r\u00e1pida, pero tuvo un gran bamboleo en la curva nueve.<\/p>\n\n\n\n<p class=\"wp-block-paragraph\">Maverick presion\u00f3 un poco m\u00e1s, hizo 1min31s814 y tom\u00f3 la delantera con 0s108 de ventaja. Bagnaia super\u00f3 a Zarco por 0s036 y se coloc\u00f3 tercero.<\/p>\n\n\n\n<p class=\"wp-block-paragraph\">A pocos segundos de la bandera, Oliveira salt\u00f3 a la tercera posici\u00f3n, pero fue inmediatamente superado por Nakagami, que era 0s136 mejor.<\/p>\n\n\n\n<p class=\"wp-block-paragraph\">Con el reloj bloqueado, Quartararo cometi\u00f3 un error al ir m\u00e1s r\u00e1pido y no pudo superar a Maverick, que se hizo con la pole. Sin embargo, Bagnaia mejor\u00f3 y se asegur\u00f3 el \u00faltimo puesto de la tercera fila.<\/p>\n\n\n\n<p class=\"wp-block-paragraph\"><\/p>\n","protected":false},"excerpt":{"rendered":"<p>Hace una semana Maverick Vi\u00f1ales estaba en la \u00faltima fila de la parrilla en Sachsenring para el GP de Alemania. Sin embargo, como una contracara, el espa\u00f1ol pas\u00f3 a liderar todas las sesiones y marc\u00f3 una gran vuelta para conseguir la pole del GP de Holanda en Assen con un tiempo de 1min31s814. Fabio Quartararo [&hellip;]<\/p>\n","protected":false},"author":0,"featured_media":1010024114,"comment_status":"closed","ping_status":"closed","sticky":false,"template":"","format":"standard","meta":{"42wp_featured_image_caption":"","42wp_featured_image_credits":"","42wp_featured_video":"","42wp_featured_image_hidden":false,"42wp_authors_list":[],"footnotes":""},"categories":[8],"tags":[1458,1306,1443,1391,1293],"42wp_author":[14223],"class_list":["post-25952","post","type-post","status-publish","format-standard","has-post-thumbnail","hentry","category-motogp","tag-assen","tag-fabio-quartararo","tag-gp-de-holanda","tag-maverick-vinales","tag-motogp","42wp_author-esteban-nieto"],"_links":{"self":[{"href":"https:\/\/grandepremio.com\/es\/wp-json\/wp\/v2\/posts\/25952","targetHints":{"allow":["GET"]}}],"collection":[{"href":"https:\/\/grandepremio.com\/es\/wp-json\/wp\/v2\/posts"}],"about":[{"href":"https:\/\/grandepremio.com\/es\/wp-json\/wp\/v2\/types\/post"}],"replies":[{"embeddable":true,"href":"https:\/\/grandepremio.com\/es\/wp-json\/wp\/v2\/comments?post=25952"}],"version-history":[{"count":0,"href":"https:\/\/grandepremio.com\/es\/wp-json\/wp\/v2\/posts\/25952\/revisions"}],"wp:featuredmedia":[{"embeddable":true,"href":"https:\/\/grandepremio.com\/es\/wp-json\/wp\/v2\/media\/1010024114"}],"wp:attachment":[{"href":"https:\/\/grandepremio.com\/es\/wp-json\/wp\/v2\/media?parent=25952"}],"wp:term":[{"taxonomy":"category","embeddable":true,"href":"https:\/\/grandepremio.com\/es\/wp-json\/wp\/v2\/categories?post=25952"},{"taxonomy":"post_tag","embeddable":true,"href":"https:\/\/grandepremio.com\/es\/wp-json\/wp\/v2\/tags?post=25952"},{"taxonomy":"42wp_author","embeddable":true,"href":"https:\/\/grandepremio.com\/es\/wp-json\/wp\/v2\/42wp_author?post=25952"}],"curies":[{"name":"wp","href":"https:\/\/api.w.org\/{rel}","templated":true}]}}