{"id":25972,"date":"2021-06-23T13:23:23","date_gmt":"2021-06-23T16:23:23","guid":{"rendered":"https:\/\/grandepremio.com\/es\/2021\/06\/23\/verstappen-pronostica-carrera-apretada-contra-mercedes-en-austria\/"},"modified":"2021-06-23T13:23:25","modified_gmt":"2021-06-23T16:23:25","slug":"verstappen-pronostica-carrera-apretada-contra-mercedes-en-austria","status":"publish","type":"post","link":"https:\/\/grandepremio.com\/es\/f1\/verstappen-pronostica-carrera-apretada-contra-mercedes-en-austria\/","title":{"rendered":"Verstappen exalta precedentes de Red Bull en Austria, pero espera carrera \u201capretada\u201d"},"content":{"rendered":"\n<p class=\"wp-block-paragraph\">Max Verstappen, <a href=\"https:\/\/grandepremio.com\/es\/\/f1\/verstappen-vence-en-francia-en-duelo-espectacular-con-hamilton\/\">que gan\u00f3 el GP de Francia<\/a>, ya cuenta los d\u00edas para la fecha doble de la F\u00f3rmula 1 en Austria. Con dos victorias en el Red Bull Ring, el holand\u00e9s tiene motivos para estar contento, aunque advierte que es probable que se d\u00e9 otra carrera peleada con Mercedes.<\/p>\n\n\n\n<p class=\"wp-block-paragraph\">De las siete pruebas disputadas en 2021, en seis hubo batallas entre Verstappen y Lewis Hamilton, la gran esperanza de Mercedes para el t\u00edtulo. La excepci\u00f3n fue el GP de M\u00f3naco, en el que Max gan\u00f3 sin despeinarse. Esa facilidad dif\u00edcilmente se ver\u00e1 en el Red Bull Ring.<\/p>\n\n\n\n<p class=\"wp-block-paragraph\">&#8220;Estoy deseando correr en Austria porque es una especie de carrera en nuestra casa&#8221;, dijo Verstappen. &#8220;Tener la oportunidad de hacer dos fechas ah\u00ed lo hace mejor. Siempre es agradable correr aqu\u00ed, m\u00e1s a\u00fan porque hemos tenido buenos resultados, pero nada est\u00e1 garantizado&#8221;, sigui\u00f3.<\/p>\n\n\n\n<p class=\"wp-block-paragraph\"><strong>\u00a1Conoce el canal de Gran Premio en\u00a0<a href=\"https:\/\/www.youtube.com\/c\/GrandePremioTV\">YouTube<\/a>!<br>\u00a1Sigue a Gran Premio en\u00a0<a href=\"https:\/\/twitter.com\/granpremioes\" target=\"_blank\" rel=\"noreferrer noopener\">Twitter\u00a0<\/a>y en\u00a0<a href=\"https:\/\/instagram.com\/granpremio_es\" target=\"_blank\" rel=\"noreferrer noopener\">Instagram<\/a>!<\/strong><\/p>\n\n\n\n<figure class=\"wp-block-image size-large\"><img decoding=\"async\" src=\"https:\/\/grandepremio.com\/es\/\/wp-content\/uploads\/2021\/05\/SI202105090723_news-1024x683.jpg\" alt=\"\" class=\"wp-image-22268\"\/><figcaption>Verstappen y Hamilton tuvieron disputas en seis de las siete fechas del actual campeonato de F1 (Getty Images\/Red Bull Content Pool)  <\/figcaption><\/figure>\n\n\n\n<p class=\"wp-block-paragraph\">&#8220;Necesitamos una buena puesta a punto en el monoplaza una vez m\u00e1s, tenemos que entender las condiciones y reaccionar ante ellas. No s\u00e9 qu\u00e9 tiempo har\u00e1, pero seguro que volver\u00e1 a estar apretado. Ya veremos cuando salgamos a la pista, pero espero que sean dos buenos fines de semana&#8221;, manifest\u00f3.<\/p>\n\n\n\n<p class=\"wp-block-paragraph\">Verstappen ya gan\u00f3 en el Red Bull Ring en 2018 y 2019. Hamilton, por su parte, gan\u00f3 en 2016 y 2021. Los dos se dirigen a Austria con el holand\u00e9s como l\u00edder del Campeonato del Mundo de Pilotos, aunque por s\u00f3lo 12 puntos.<\/p>\n\n\n\n<p class=\"wp-block-paragraph\">La primera carrera de la fecha doble es el GP de Estiria, nombre de la regi\u00f3n en la que se encuentra el circuito, el 27 de junio. Una semana m\u00e1s tarde, el 4 de julio, es el momento del GP de Austria propiamente dicho.<\/p>\n","protected":false},"excerpt":{"rendered":"<p>Max Verstappen, que gan\u00f3 el GP de Francia, ya cuenta los d\u00edas para la fecha doble de la F\u00f3rmula 1 en Austria. Con dos victorias en el Red Bull Ring, el holand\u00e9s tiene motivos para estar contento, aunque advierte que es probable que se d\u00e9 otra carrera peleada con Mercedes. De las siete pruebas disputadas [&hellip;]<\/p>\n","protected":false},"author":0,"featured_media":1010022098,"comment_status":"closed","ping_status":"closed","sticky":false,"template":"","format":"standard","meta":{"42wp_featured_image_caption":"","42wp_featured_image_credits":"","42wp_featured_video":"","42wp_featured_image_hidden":false,"42wp_authors_list":[],"footnotes":""},"categories":[5],"tags":[179,329,360,249],"42wp_author":[14232],"class_list":["post-25972","post","type-post","status-publish","format-standard","has-post-thumbnail","hentry","category-f1","tag-formula-1","tag-gp-de-austria","tag-gp-de-estiria","tag-max-verstappen","42wp_author-redacao-gpes"],"_links":{"self":[{"href":"https:\/\/grandepremio.com\/es\/wp-json\/wp\/v2\/posts\/25972","targetHints":{"allow":["GET"]}}],"collection":[{"href":"https:\/\/grandepremio.com\/es\/wp-json\/wp\/v2\/posts"}],"about":[{"href":"https:\/\/grandepremio.com\/es\/wp-json\/wp\/v2\/types\/post"}],"replies":[{"embeddable":true,"href":"https:\/\/grandepremio.com\/es\/wp-json\/wp\/v2\/comments?post=25972"}],"version-history":[{"count":0,"href":"https:\/\/grandepremio.com\/es\/wp-json\/wp\/v2\/posts\/25972\/revisions"}],"wp:featuredmedia":[{"embeddable":true,"href":"https:\/\/grandepremio.com\/es\/wp-json\/wp\/v2\/media\/1010022098"}],"wp:attachment":[{"href":"https:\/\/grandepremio.com\/es\/wp-json\/wp\/v2\/media?parent=25972"}],"wp:term":[{"taxonomy":"category","embeddable":true,"href":"https:\/\/grandepremio.com\/es\/wp-json\/wp\/v2\/categories?post=25972"},{"taxonomy":"post_tag","embeddable":true,"href":"https:\/\/grandepremio.com\/es\/wp-json\/wp\/v2\/tags?post=25972"},{"taxonomy":"42wp_author","embeddable":true,"href":"https:\/\/grandepremio.com\/es\/wp-json\/wp\/v2\/42wp_author?post=25972"}],"curies":[{"name":"wp","href":"https:\/\/api.w.org\/{rel}","templated":true}]}}