{"id":25980,"date":"2021-06-22T13:54:48","date_gmt":"2021-06-22T16:54:48","guid":{"rendered":"https:\/\/grandepremio.com\/es\/2021\/06\/22\/norris-reclama-sobre-superacion-de-ricciardo-al-inicio-del-gp-de-francia\/"},"modified":"2021-06-22T13:54:49","modified_gmt":"2021-06-22T16:54:49","slug":"norris-reclama-sobre-superacion-de-ricciardo-al-inicio-del-gp-de-francia","status":"publish","type":"post","link":"https:\/\/grandepremio.com\/es\/f1\/norris-reclama-sobre-superacion-de-ricciardo-al-inicio-del-gp-de-francia\/","title":{"rendered":"Norris reclama sobre superaci\u00f3n de Ricciardo: &#8220;No deber\u00eda haberla hecho as\u00ed&#8221;"},"content":{"rendered":"\n<p class=\"wp-block-paragraph\"><a href=\"https:\/\/grandepremio.com\/es\/\/f1\/verstappen-vence-en-francia-en-duelo-espectacular-con-hamilton\/\">El GP de Francia termin\u00f3 de forma inmensamente positiva para McLaren<\/a>, con sus dos pilotos s\u00f3lo por detr\u00e1s de Mercedes y Red Bull. Incluso partiendo desde atr\u00e1s, dejaron atr\u00e1s a Alpine, AlphaTauri y Ferrari y establecieron a la escuder\u00eda como la tercera fuerza en Paul Ricard. Sin embargo, los buenos resultados no impidieron que Lando Norris se quejara p\u00fablicamente de la maniobra de su compa\u00f1ero de equipo Daniel Ricciardo al principio de la carrera.<\/p>\n\n\n\n<p class=\"wp-block-paragraph\">Fue justo al principio cuando el australiano, con un fuerte ritmo, realiz\u00f3 una serie de adelantamientos, incluso sobre el otro McLaren. Pero a Norris no le gust\u00f3 que durante la disputa de la posici\u00f3n se quedara sin espacio para tomar la curva, especialmente en la pista francesa, donde las grandes &#8220;bananas&#8221; reductoras de velocidad se interponen en el camino de los que salen de la pista.<\/p>\n\n\n\n<p class=\"wp-block-paragraph\"><strong>\u00a1Conoce el canal de Gran Premio en\u00a0<a href=\"https:\/\/www.youtube.com\/c\/GrandePremioTV\">YouTube<\/a>!<br>\u00a1Sigue a Gran Premio en\u00a0<a href=\"https:\/\/twitter.com\/granpremioes\" target=\"_blank\" rel=\"noreferrer noopener\">Twitter\u00a0<\/a>y en\u00a0<a href=\"https:\/\/instagram.com\/granpremio_es\" target=\"_blank\" rel=\"noreferrer noopener\">Instagram<\/a>!<\/strong><\/p>\n\n\n\n<p class=\"wp-block-paragraph\">El ingl\u00e9s prometi\u00f3 discutir la situaci\u00f3n con el compa\u00f1ero en privado, pero habl\u00f3 p\u00fablicamente de que Ricciardo no deber\u00eda haber hecho el adelantamiento de esa manera. Seg\u00fan \u00e9l, fue demasiado agresivo.<\/p>\n\n\n\n<p class=\"wp-block-paragraph\">&#8220;No tengo nada en contra Daniel, pero creo que no deber\u00eda haber hecho eso. Pero en fin, as\u00ed son las carreras. Probablemente yo hubiera hecho lo mismo, aunque estuviera al borde del piano&#8221;, dijo.<\/p>\n\n\n\n<p class=\"wp-block-paragraph\">&#8220;Si tuviera una zona de escape normal o algo en mi lado derecho, no me quejar\u00eda, pero como hay todas esas vibraciones y baches ah\u00ed, no pude hacer la curva y tuve que pasar por ese lugar porque me apret\u00f3. No pretendo quejarme, pero sin duda lo discutiremos&#8221;, dijo.<\/p>\n\n\n\n<p class=\"wp-block-paragraph\">Ya en el tramo final de la carrera, Norris hizo lo contrario y super\u00f3 a Ricciardo, ahora sin problemas, para terminar con el quinto puesto. Seg\u00fan \u00e9l, el \u00e9xito de McLaren -Ricciardo fue sexto- se debi\u00f3 en gran medida a sus t\u00e1cticas.<\/p>\n\n\n\n<p class=\"wp-block-paragraph\">&#8220;Nuestra estrategia fue clave. Tuve problemas con mis neum\u00e1ticos al final del primer stint, pero despu\u00e9s de la parada pude descontar un poco en relaci\u00f3n a la punta. Los dem\u00e1s ya hab\u00edan gastado sus neum\u00e1ticos, as\u00ed que pude atacar y pasarlos con bastante facilidad. El equipo hizo un muy buen trabajo y creo que yo tambi\u00e9n. Por eso todo sali\u00f3 bien&#8221;, dijo.<\/p>\n\n\n\n<p class=\"wp-block-paragraph\">Tras otra gran carrera, est\u00e1 claro que Norris vuelve a Austria ilusionado, donde logr\u00f3 su primer podio en la F1 en 2020.<\/p>\n\n\n\n<figure class=\"wp-block-image size-large\"><img decoding=\"async\" src=\"https:\/\/grandepremio.com\/es\/\/wp-content\/uploads\/2021\/06\/mclaren-1024x683.jpg\" alt=\"\" class=\"wp-image-23956\"\/><figcaption>McLaren se estableci\u00f3 como tercera fuerza en Francia detr\u00e1s de Red Bull y Mercedes. (Foto: McLaren)<\/figcaption><\/figure>\n\n\n\n<p class=\"wp-block-paragraph\">&#8220;El a\u00f1o pasado obtuvimos unos resultados muy buenos en las dos carreras de Austria -3\u00aa y 4\u00aa-, as\u00ed que espero un fin de semana similar en esta ocasi\u00f3n. No podemos equivocarnos: hay muchas cosas diferentes a las del a\u00f1o pasado, como los coches y los neum\u00e1ticos. Vamos a estas dos carreras dispuestos a trabajar y a ir paso a paso para buscar resultados como en Francia, pero tambi\u00e9n para mejorar nuestro rendimiento en la clasificaci\u00f3n&#8221;, finaliz\u00f3.<\/p>\n\n\n\n<p class=\"wp-block-paragraph\">Adem\u00e1s de Ricciardo, Norris tambi\u00e9n se quej\u00f3 mucho de Pierre Gasly hacia el final de la carrera, cuando el franc\u00e9s defend\u00eda su posici\u00f3n frente a los McLaren m\u00e1s r\u00e1pidos. Al final, no s\u00f3lo le pas\u00f3 Norris, sino que tambi\u00e9n lo hizo Ricciardo. Al final de la carrera, cuando los dos se encontraron, Gasly brome\u00f3 al respecto y evit\u00f3 la pol\u00e9mica.<\/p>\n\n\n\n<p class=\"wp-block-paragraph\">Sin tregua, la F\u00f3rmula 1 contin\u00faa el campeonato este fin de semana. Los GP de Austria y de Austria, ambos en el circuito de Spielberg, est\u00e1n programados para las dos pr\u00f3ximas semanas. Despu\u00e9s, Inglaterra y Hungr\u00eda cerrar\u00e1n la primera parte de la temporada.<\/p>\n","protected":false},"excerpt":{"rendered":"<p>El GP de Francia termin\u00f3 de forma inmensamente positiva para McLaren, con sus dos pilotos s\u00f3lo por detr\u00e1s de Mercedes y Red Bull. Incluso partiendo desde atr\u00e1s, dejaron atr\u00e1s a Alpine, AlphaTauri y Ferrari y establecieron a la escuder\u00eda como la tercera fuerza en Paul Ricard. Sin embargo, los buenos resultados no impidieron que Lando [&hellip;]<\/p>\n","protected":false},"author":0,"featured_media":1010023957,"comment_status":"closed","ping_status":"closed","sticky":false,"template":"","format":"standard","meta":{"42wp_featured_image_caption":"","42wp_featured_image_credits":"","42wp_featured_video":"","42wp_featured_image_hidden":false,"42wp_authors_list":[],"footnotes":""},"categories":[5],"tags":[365,179,1428,268,1245],"42wp_author":[14232],"class_list":["post-25980","post","type-post","status-publish","format-standard","has-post-thumbnail","hentry","category-f1","tag-daniel-ricciardo","tag-formula-1","tag-gp-de-francia","tag-lando-norris","tag-mclaren-f1","42wp_author-redacao-gpes"],"_links":{"self":[{"href":"https:\/\/grandepremio.com\/es\/wp-json\/wp\/v2\/posts\/25980","targetHints":{"allow":["GET"]}}],"collection":[{"href":"https:\/\/grandepremio.com\/es\/wp-json\/wp\/v2\/posts"}],"about":[{"href":"https:\/\/grandepremio.com\/es\/wp-json\/wp\/v2\/types\/post"}],"replies":[{"embeddable":true,"href":"https:\/\/grandepremio.com\/es\/wp-json\/wp\/v2\/comments?post=25980"}],"version-history":[{"count":0,"href":"https:\/\/grandepremio.com\/es\/wp-json\/wp\/v2\/posts\/25980\/revisions"}],"wp:featuredmedia":[{"embeddable":true,"href":"https:\/\/grandepremio.com\/es\/wp-json\/wp\/v2\/media\/1010023957"}],"wp:attachment":[{"href":"https:\/\/grandepremio.com\/es\/wp-json\/wp\/v2\/media?parent=25980"}],"wp:term":[{"taxonomy":"category","embeddable":true,"href":"https:\/\/grandepremio.com\/es\/wp-json\/wp\/v2\/categories?post=25980"},{"taxonomy":"post_tag","embeddable":true,"href":"https:\/\/grandepremio.com\/es\/wp-json\/wp\/v2\/tags?post=25980"},{"taxonomy":"42wp_author","embeddable":true,"href":"https:\/\/grandepremio.com\/es\/wp-json\/wp\/v2\/42wp_author?post=25980"}],"curies":[{"name":"wp","href":"https:\/\/api.w.org\/{rel}","templated":true}]}}