{"id":26062,"date":"2021-06-08T16:46:22","date_gmt":"2021-06-08T19:46:22","guid":{"rendered":"https:\/\/grandepremio.com\/es\/2021\/06\/08\/vettel-espera-que-aston-martin-tome-impulso-con-el-podio-de-azerbaiyan\/"},"modified":"2021-06-08T16:46:24","modified_gmt":"2021-06-08T19:46:24","slug":"vettel-espera-que-aston-martin-tome-impulso-con-el-podio-de-azerbaiyan","status":"publish","type":"post","link":"https:\/\/grandepremio.com\/es\/f1\/vettel-espera-que-aston-martin-tome-impulso-con-el-podio-de-azerbaiyan\/","title":{"rendered":"Vettel espera que Aston Martin tome impulso con el podio de Azerbaiy\u00e1n"},"content":{"rendered":"\n<p class=\"wp-block-paragraph\">Tras pasar una turbulenta experiencia en Ferrari, Sebastian Vettel no tuvo un inicio apropiado en la escuder\u00eda brit\u00e1nica: estuvo fuera de la zona de puntuaci\u00f3n en las primeras cuatro competencias. Sin embargo, el quinto puesto en M\u00f3naco pareci\u00f3 traer caminos m\u00e1s f\u00e1ciles para el alem\u00e1n,<a href=\"https:\/\/grandepremio.com\/es\/\/f1\/perez-vence-en-baku-en-final-electrizante-vettel-y-gasly-cierran-el-podio\/\"> que se concretaron en Bak\u00fa con un segundo lugar<\/a>. Por lo tanto, Vettel espera que el buen desempe\u00f1o de los dos \u00faltimos GP pueda ser un impulso hacia el futuro.<\/p>\n\n\n\n<p class=\"wp-block-paragraph\">Seb espera que la evoluci\u00f3n de las carreras callejeras recientes saque a Aston Martin del nivel extremadamente decepcionante en el que comenz\u00f3 el campeonato.<\/p>\n\n\n\n<p class=\"wp-block-paragraph\">&#8220;No ten\u00eda grandes expectativas, para ser honesto&#8221;, dijo Vettel despu\u00e9s de la carrera. &#8220;Me sent\u00ed bien todo el fin de semana, as\u00ed que sab\u00eda que pod\u00edamos sumar algunos puntos, pero ciertamente no esperaba el segundo lugar&#8221;, dijo.<\/p>\n\n\n\n<p class=\"wp-block-paragraph\">&#8220;Obviamente, estoy muy contento con el podio y con el equipo, creo que eso es genial. Tuvimos un comienzo de temporada muy dif\u00edcil. Esper\u00e1bamos un poco m\u00e1s despu\u00e9s de un a\u00f1o tan fuerte que tuvo el equipo el a\u00f1o pasado&#8221;, agreg\u00f3.<\/p>\n\n\n\n<figure class=\"wp-block-image\"><img decoding=\"async\" src=\"https:\/\/www.grandepremio.com\/br\/wp-content\/uploads\/2021\/06\/E3Nek3iUcAQ1V7o-1024x683.jpg\" alt=\"SEBASTIAN VETTEL; VETTEL; ASTON MARTIN; GP DO AZERBAIJ\u00c3O; BAKU;\"\/><figcaption>Sebastian Vettel gan\u00f3 el podio y celebr\u00f3 la mayor adaptaci\u00f3n a Aston Martin (Foto: Aston Martin)<\/figcaption><\/figure>\n\n\n\n<p class=\"wp-block-paragraph\">&#8220;Siempre es bueno llegar a un equipo nuevo y obtener buenos resultados&#8221;, dijo Vettel. &#8220;Obviamente, cuando estaba en el cuarto lugar, sab\u00eda que era algo bueno para el equipo y para m\u00ed, pero tan pronto como subimos al podio, realmente pens\u00e9 que podr\u00edamos tener algo m\u00e1s&#8221;.<\/p>\n\n\n\n<p class=\"wp-block-paragraph\">&#8220;Creo que me sent\u00ed muy c\u00f3modo en el auto todo el fin de semana, lo que definitivamente es genial, as\u00ed que espero que podamos llevar este impulso de Bak\u00fa a los pr\u00f3ximos GP&#8221;, concluy\u00f3.<\/p>\n\n\n\n<p class=\"wp-block-paragraph\">El resultado de Vettel casi ha duplicado la cuenta de puntos de Aston Martin para la temporada hasta ahora, pero no ha sido suficiente para superar a AlphaTauri en su quinto puesto en el Campeonato Mundial de Constructores. En cualquier caso, el resultado logrado por el alem\u00e1n fue el mejor desde el GP de M\u00e9xico de 2019, adem\u00e1s de igualar la mejor marca que hab\u00eda tenido en Bak\u00fa, en la primera carrera de F1 en el callejero disputada en 2016.<\/p>\n\n\n\n<p class=\"wp-block-paragraph\">La F1 vuelve con el GP de Francia, en Paul Ricard, el 20 de junio.<\/p>\n\n\n\n<p class=\"wp-block-paragraph\"><strong>\u00a1Conoce el canal de Gran Premio en\u00a0<a href=\"https:\/\/www.youtube.com\/c\/GrandePremioTV\">YouTube<\/a>!<br>\u00a1Sigue a Gran Premio en\u00a0<a href=\"https:\/\/twitter.com\/granpremioes\" target=\"_blank\" rel=\"noreferrer noopener\">Twitter\u00a0<\/a>y en\u00a0<a href=\"https:\/\/instagram.com\/granpremio_es\" target=\"_blank\" rel=\"noreferrer noopener\">Instagram<\/a>!<\/strong><\/p>\n","protected":false},"excerpt":{"rendered":"<p>Tras pasar una turbulenta experiencia en Ferrari, Sebastian Vettel no tuvo un inicio apropiado en la escuder\u00eda brit\u00e1nica: estuvo fuera de la zona de puntuaci\u00f3n en las primeras cuatro competencias. Sin embargo, el quinto puesto en M\u00f3naco pareci\u00f3 traer caminos m\u00e1s f\u00e1ciles para el alem\u00e1n, que se concretaron en Bak\u00fa con un segundo lugar. Por [&hellip;]<\/p>\n","protected":false},"author":0,"featured_media":1010022647,"comment_status":"closed","ping_status":"closed","sticky":false,"template":"","format":"standard","meta":{"42wp_featured_image_caption":"","42wp_featured_image_credits":"","42wp_featured_video":"","42wp_featured_image_hidden":false,"42wp_authors_list":[],"footnotes":""},"categories":[5],"tags":[209,1393,181,1233,1386,208],"42wp_author":[14230],"class_list":["post-26062","post","type-post","status-publish","format-standard","has-post-thumbnail","hentry","category-f1","tag-aston-martin","tag-baku","tag-f1","tag-f1-2021","tag-gp-de-azerbaiyan","tag-sebastian-vettel","42wp_author-ana-cerveira"],"_links":{"self":[{"href":"https:\/\/grandepremio.com\/es\/wp-json\/wp\/v2\/posts\/26062","targetHints":{"allow":["GET"]}}],"collection":[{"href":"https:\/\/grandepremio.com\/es\/wp-json\/wp\/v2\/posts"}],"about":[{"href":"https:\/\/grandepremio.com\/es\/wp-json\/wp\/v2\/types\/post"}],"replies":[{"embeddable":true,"href":"https:\/\/grandepremio.com\/es\/wp-json\/wp\/v2\/comments?post=26062"}],"version-history":[{"count":0,"href":"https:\/\/grandepremio.com\/es\/wp-json\/wp\/v2\/posts\/26062\/revisions"}],"wp:featuredmedia":[{"embeddable":true,"href":"https:\/\/grandepremio.com\/es\/wp-json\/wp\/v2\/media\/1010022647"}],"wp:attachment":[{"href":"https:\/\/grandepremio.com\/es\/wp-json\/wp\/v2\/media?parent=26062"}],"wp:term":[{"taxonomy":"category","embeddable":true,"href":"https:\/\/grandepremio.com\/es\/wp-json\/wp\/v2\/categories?post=26062"},{"taxonomy":"post_tag","embeddable":true,"href":"https:\/\/grandepremio.com\/es\/wp-json\/wp\/v2\/tags?post=26062"},{"taxonomy":"42wp_author","embeddable":true,"href":"https:\/\/grandepremio.com\/es\/wp-json\/wp\/v2\/42wp_author?post=26062"}],"curies":[{"name":"wp","href":"https:\/\/api.w.org\/{rel}","templated":true}]}}