{"id":26080,"date":"2021-06-07T12:15:00","date_gmt":"2021-06-07T15:15:00","guid":{"rendered":"https:\/\/grandepremio.com\/es\/2021\/06\/07\/marquez-percibe-sus-siete-mejores-vueltas-del-ano-a-pesar-de-su-caida\/"},"modified":"2021-06-07T13:31:42","modified_gmt":"2021-06-07T16:31:42","slug":"marquez-percibe-sus-siete-mejores-vueltas-del-ano-a-pesar-de-su-caida","status":"publish","type":"post","link":"https:\/\/grandepremio.com\/es\/motogp\/marquez-percibe-sus-siete-mejores-vueltas-del-ano-a-pesar-de-su-caida\/","title":{"rendered":"M\u00e1rquez percibe &#8220;las siete mejores vueltas del a\u00f1o&#8221; a pesar de estrellarse en Catalu\u00f1a"},"content":{"rendered":"\n<p class=\"wp-block-paragraph\">Marc M\u00e1rquez termin\u00f3 satisfecho del GP de Catalu\u00f1a a pesar de haber registrado su tercer abandono consecutivo en la temporada 2021 de MotoGP. El espa\u00f1ol de Cervera consider\u00f3 que realiz\u00f3 sus mejores \u201csiete vueltas del a\u00f1o\u201d en Barcelona y a\u00fan as\u00ed logr\u00f3 identificar las debilidades de la Honda.<\/p>\n\n\n\n<p class=\"wp-block-paragraph\">El seis veces campe\u00f3n de la categor\u00eda reina a\u00fan no recuper\u00f3 completamente su forma f\u00edsica despu\u00e9s de haberse roto el brazo al comienzo de la temporada pasada, <a href=\"https:\/\/grandepremio.com\/es\/\/motogp\/marquez-revela-que-se-planteo-pausar-su-carrera-tras-accidente-en-jerez\/\">y esta dificultad se hab\u00eda reflejado en sus resultados previos<\/a>.<\/p>\n\n\n\n<p class=\"wp-block-paragraph\">En Catalu\u00f1a, sin embargo, Marc sinti\u00f3 que no solo estaba quemando combustible y se encontr\u00f3 m\u00e1s cerca del piloto que sol\u00eda ser antes de su lesi\u00f3n en el brazo derecho. Este domingo, M\u00e1rquez arranc\u00f3 en el puesto 13 y subi\u00f3 al noveno en la primera vuelta. En la cuarta, el espa\u00f1ol ya estaba sexto.<\/p>\n\n\n\n<p class=\"wp-block-paragraph\">A medida que el ritmo se aceleraba, el piloto conocido por el #93 intentaba superar a Aleix Espargar\u00f3 cuando se estrell\u00f3 en la curva 10.<\/p>\n\n\n\n<figure class=\"wp-block-image\"><img decoding=\"async\" src=\"https:\/\/www.grandepremio.com\/br\/wp-content\/uploads\/2021\/06\/Copy-of-RD6_Catalunya_Marc_2021-2-2-1024x683.jpg\" alt=\"\"\/><figcaption>Marc M\u00e1rquez se march\u00f3 satisfecho de Barcelona pese a su ca\u00edda (Foto: Repsol)<\/figcaption><\/figure>\n\n\n\n<p class=\"wp-block-paragraph\">\u201cHoy lo disfrut\u00e9, para m\u00ed, fueron las mejores siete vueltas del a\u00f1o. Conduje de la manera que quer\u00eda\u201d, coment\u00f3 M\u00e1rquez.<\/p>\n\n\n\n<p class=\"wp-block-paragraph\">&#8220;En la parrilla dije: &#8216;Hoy es un d\u00eda para correr riesgos&#8217;, porque solo estoy quemando combustible y neum\u00e1ticos para estar 12\u00ba, 14\u00ba, no soy yo\u201d, se\u00f1al\u00f3. \u201cAs\u00ed que eso es lo que hice. Empuj\u00e9 desde el principio. Hice algunos adelantamientos y lo disfrut\u00e9, pero en cuanto todos encontraron el ritmo, no est\u00e1bamos en la forma adecuada&#8221;, reconoci\u00f3.<\/p>\n\n\n\n<p class=\"wp-block-paragraph\">&#8220;Sab\u00eda que esas tres, cuatro vueltas eran cr\u00edticas. Los dem\u00e1s estaban corriendo en 1min40s, que no era mi ritmo, pero pens\u00e9 &#8216;si puedo correr junto con ellos durante estas tres vueltas, lo har\u00e9 toda la carrera'&#8221;, dijo. &#8220;Pero tom\u00e9 muchos riesgos y lo que pas\u00f3 fue simple: estaba detr\u00e1s de Aleix [Espargar\u00f3], perdiendo mucho en aceleraci\u00f3n y luego intent\u00e9 recuperarme en la frenada. Realmente no retras\u00e9 el punto de frenado porque [Maverick] Vi\u00f1ales estaba detr\u00e1s de m\u00ed y fren\u00f3 tarde, pero logr\u00f3 frenar y yo no. Simplemente me ca\u00ed &#8220;, explic\u00f3.<\/p>\n\n\n\n<p class=\"wp-block-paragraph\">&#8220;Por supuesto, no estoy contento con el resultado, pero s\u00ed lo estoy por la forma en que hice esas siete vueltas. Prefiero correr de esa manera que quedarme en la moto y terminar&#8221;, afirm\u00f3.<\/p>\n\n\n\n<p class=\"wp-block-paragraph\"><strong>\u00a1Conoce el canal de Gran Premio en&nbsp;<a href=\"https:\/\/www.youtube.com\/c\/GrandePremioTV\">YouTube<\/a>!<br>\u00a1Sigue a Gran Premio en&nbsp;<a href=\"https:\/\/twitter.com\/granpremioes\" target=\"_blank\" rel=\"noreferrer noopener\">Twitter&nbsp;<\/a>y en&nbsp;<a href=\"https:\/\/instagram.com\/granpremio_es\" target=\"_blank\" rel=\"noreferrer noopener\">Instagram<\/a>!<\/strong><\/p>\n\n\n\n<p class=\"wp-block-paragraph\">Adem\u00e1s de hacerlo m\u00e1s satisfecho, Marc cree que la carrera catalana le ha ayudado a ver d\u00f3nde pierde la RC213V frente a las motos rivales.<\/p>\n\n\n\n<p class=\"wp-block-paragraph\">&#8220;En el lado de la aceleraci\u00f3n, no conseguimos agarre y, al entrar en la curva, no pudimos detener la moto, porque tampoco tenemos agarre en la parte trasera. Hay dos problemas distintos, en dos \u00e1reas distintas, pero creo que la soluci\u00f3n va por el mismo camino&#8221;, indic\u00f3. &#8220;Estamos frenando tarde, pero paramos con mucha inclinaci\u00f3n y, cuando te detienes con mucha inclinaci\u00f3n, pasan estas cosas [ca\u00eddas], como me pas\u00f3 hoy con Aleix [Espargar\u00f3]&#8221;, se\u00f1al\u00f3.<\/p>\n\n\n\n<p class=\"wp-block-paragraph\">&#8220;Pero otro punto es que estamos perdiendo mucho en aceleraci\u00f3n, ya que no podemos agarrarnos. Si pierdes en aceleraci\u00f3n, pierdes en toda la recta&#8221;, reflexion\u00f3.<\/p>\n\n\n\n<p class=\"wp-block-paragraph\">MotoGP vuelve a las pistas el 20 de junio, para la disputa del GP de Alemania, en Sachsenring, octava etapa de la temporada 2021. <\/p>\n","protected":false},"excerpt":{"rendered":"<p>Marc M\u00e1rquez termin\u00f3 satisfecho del GP de Catalu\u00f1a a pesar de haber registrado su tercer abandono consecutivo en la temporada 2021 de MotoGP. El espa\u00f1ol de Cervera consider\u00f3 que realiz\u00f3 sus mejores \u201csiete vueltas del a\u00f1o\u201d en Barcelona y a\u00fan as\u00ed logr\u00f3 identificar las debilidades de la Honda. El seis veces campe\u00f3n de la categor\u00eda [&hellip;]<\/p>\n","protected":false},"author":0,"featured_media":1010023411,"comment_status":"closed","ping_status":"closed","sticky":false,"template":"","format":"standard","meta":{"42wp_featured_image_caption":"","42wp_featured_image_credits":"","42wp_featured_video":"","42wp_featured_image_hidden":false,"42wp_authors_list":[],"footnotes":""},"categories":[8],"tags":[1399,221,1308,1293],"42wp_author":[14225],"class_list":["post-26080","post","type-post","status-publish","format-standard","has-post-thumbnail","hentry","category-motogp","tag-gp-de-cataluna","tag-honda","tag-marc-marquez","tag-motogp","42wp_author-juliana-tesser"],"_links":{"self":[{"href":"https:\/\/grandepremio.com\/es\/wp-json\/wp\/v2\/posts\/26080","targetHints":{"allow":["GET"]}}],"collection":[{"href":"https:\/\/grandepremio.com\/es\/wp-json\/wp\/v2\/posts"}],"about":[{"href":"https:\/\/grandepremio.com\/es\/wp-json\/wp\/v2\/types\/post"}],"replies":[{"embeddable":true,"href":"https:\/\/grandepremio.com\/es\/wp-json\/wp\/v2\/comments?post=26080"}],"version-history":[{"count":0,"href":"https:\/\/grandepremio.com\/es\/wp-json\/wp\/v2\/posts\/26080\/revisions"}],"wp:featuredmedia":[{"embeddable":true,"href":"https:\/\/grandepremio.com\/es\/wp-json\/wp\/v2\/media\/1010023411"}],"wp:attachment":[{"href":"https:\/\/grandepremio.com\/es\/wp-json\/wp\/v2\/media?parent=26080"}],"wp:term":[{"taxonomy":"category","embeddable":true,"href":"https:\/\/grandepremio.com\/es\/wp-json\/wp\/v2\/categories?post=26080"},{"taxonomy":"post_tag","embeddable":true,"href":"https:\/\/grandepremio.com\/es\/wp-json\/wp\/v2\/tags?post=26080"},{"taxonomy":"42wp_author","embeddable":true,"href":"https:\/\/grandepremio.com\/es\/wp-json\/wp\/v2\/42wp_author?post=26080"}],"curies":[{"name":"wp","href":"https:\/\/api.w.org\/{rel}","templated":true}]}}