{"id":26101,"date":"2021-06-05T13:15:00","date_gmt":"2021-06-05T16:15:00","guid":{"rendered":"https:\/\/grandepremio.com\/es\/2021\/06\/05\/perez-lamenta-bandera-roja-y-error-en-su-clasificacion-de-baku\/"},"modified":"2021-06-05T14:08:57","modified_gmt":"2021-06-05T17:08:57","slug":"perez-lamenta-bandera-roja-y-error-en-su-clasificacion-de-baku","status":"publish","type":"post","link":"https:\/\/grandepremio.com\/es\/f1\/perez-lamenta-bandera-roja-y-error-en-su-clasificacion-de-baku\/","title":{"rendered":"P\u00e9rez lamenta bandera roja y error &#8220;en la vuelta que importaba&#8221; en qualy de Bak\u00fa"},"content":{"rendered":"\n<p class=\"wp-block-paragraph\">Quiz\u00e1s nunca antes Sergio P\u00e9rez ha estado tan cerca de conquistar su primera pole position en la F\u00f3rmula 1. El buen desempe\u00f1o mostrado en los entrenamientos libres del viernes se confirm\u00f3 este s\u00e1bado en Bak\u00fa, tanto en la tercera tanda de ensayos como en el inicio de la <a href=\"https:\/\/grandepremio.com\/es\/\/f1\/leclerc-logra-la-pole-en-clasificacion-accidentada-del-gp-de-azerbaiyan\/\">clasificaci\u00f3n del GP de Azerbaiy\u00e1n<\/a>. &#8216;Checo&#8217; llev\u00f3 al auto #11 de Red Bull al top 3 en la Q1 y tambi\u00e9n en la Q2 cuando estaba solo 0.005 por detr\u00e1s del tiempo establecido por Max Verstappen. Pero lo que importa, al final, son los tiempos en la \u00faltima ronda.<\/p>\n\n\n\n<p class=\"wp-block-paragraph\">P\u00e9rez cometi\u00f3 un error en su primer intento, perdi\u00f3 tiempo y marc\u00f3 1min41s917, lo que le dio un s\u00e9ptimo puesto provisional. Luego, el mexicano sali\u00f3 por su segunda chance en la Q3, pero luego sobrevino el accidente protagonizado por Yuki Tsunoda y Carlos Sainz y la bandera roja resultante. Bien lejos de la pole, el &#8216;checo&#8217; no pudo mejorar su posici\u00f3n inicial y  saldr\u00e1 s\u00e9ptimo.<\/p>\n\n\n\n<p class=\"wp-block-paragraph\">\u201cHoy ha sido una gran l\u00e1stima, ya que hemos demostrado, durante todo el fin de semana, que tenemos muy buen ritmo. Pero hoy no pudimos demostrarlo en la vuelta que importaba. Hab\u00eda mucho m\u00e1s que entregar y, obviamente, esper\u00e1bamos m\u00e1s&#8221;, declar\u00f3 el piloto, que explic\u00f3 lo sucedido en la fase final de la clasificaci\u00f3n.<\/p>\n\n\n\n<p class=\"wp-block-paragraph\">\u201cEn mi primer intento en la Q3, bloque\u00e9 las ruedas en la curva 4, y luego estuve atrasado durante el resto de la vuelta. En la segunda, estaba listo para hacer un gran tiempo, pero luego surgi\u00f3 la bandera roja por los accidentes de Yuki y Carlos. Eso fue todo&#8221;, coment\u00f3.<\/p>\n\n\n\n<p class=\"wp-block-paragraph\">A pesar del caos y el resultado considerado por debajo de las expectativas, P\u00e9rez extrae lecciones positivas hasta ahora del fin de semana en Azerbaiy\u00e1n.<\/p>\n\n\n\n<p class=\"wp-block-paragraph\">\u201cNo recuerdo haber tenido tantas banderas rojas en una sesi\u00f3n, pero ma\u00f1ana es donde cuenta y cualquier cosa puede pasar en esta pista. Creo que hay muchas cosas positivas a tener en cuenta este fin de semana, el ritmo, en cada sesi\u00f3n, ha estado ah\u00ed y hemos mostrado buenos avances, as\u00ed que podemos estar satisfechos con eso&#8221;, recalc\u00f3 el piloto, que busca repetir la victoria que logr\u00f3 el a\u00f1o pasado con Racing Point en Sakhir.<\/p>\n\n\n\n<p class=\"wp-block-paragraph\">&#8220;La carrera de ma\u00f1ana es larga y hay mucho en juego, as\u00ed que tenemos que concentrarnos y asegurar la nuestra. Creo que tenemos un coche muy fuerte, por lo que el podio deber\u00eda ser el objetivo&#8221;, concluy\u00f3.<\/p>\n\n\n\n<p class=\"wp-block-paragraph\"><strong>\u00a1Conoce el canal de Gran Premio en&nbsp;<a href=\"https:\/\/www.youtube.com\/c\/GrandePremioTV\">YouTube<\/a>!<br>\u00a1Sigue a Gran Premio en&nbsp;<a href=\"https:\/\/twitter.com\/granpremioes\" target=\"_blank\" rel=\"noreferrer noopener\">Twitter&nbsp;<\/a>y en&nbsp;<a href=\"https:\/\/instagram.com\/granpremio_es\" target=\"_blank\" rel=\"noreferrer noopener\">Instagram<\/a>!<\/strong><\/p>\n","protected":false},"excerpt":{"rendered":"<p>Quiz\u00e1s nunca antes Sergio P\u00e9rez ha estado tan cerca de conquistar su primera pole position en la F\u00f3rmula 1. El buen desempe\u00f1o mostrado en los entrenamientos libres del viernes se confirm\u00f3 este s\u00e1bado en Bak\u00fa, tanto en la tercera tanda de ensayos como en el inicio de la clasificaci\u00f3n del GP de Azerbaiy\u00e1n. &#8216;Checo&#8217; llev\u00f3 [&hellip;]<\/p>\n","protected":false},"author":0,"featured_media":1010023293,"comment_status":"closed","ping_status":"closed","sticky":false,"template":"","format":"standard","meta":{"42wp_featured_image_caption":"","42wp_featured_image_credits":"","42wp_featured_video":"","42wp_featured_image_hidden":false,"42wp_authors_list":[],"footnotes":""},"categories":[5],"tags":[1393,181,1233,1386,206,294],"42wp_author":[14226],"class_list":["post-26101","post","type-post","status-publish","format-standard","has-post-thumbnail","hentry","category-f1","tag-baku","tag-f1","tag-f1-2021","tag-gp-de-azerbaiyan","tag-red-bull","tag-sergio-perez","42wp_author-fernando-silva"],"_links":{"self":[{"href":"https:\/\/grandepremio.com\/es\/wp-json\/wp\/v2\/posts\/26101","targetHints":{"allow":["GET"]}}],"collection":[{"href":"https:\/\/grandepremio.com\/es\/wp-json\/wp\/v2\/posts"}],"about":[{"href":"https:\/\/grandepremio.com\/es\/wp-json\/wp\/v2\/types\/post"}],"replies":[{"embeddable":true,"href":"https:\/\/grandepremio.com\/es\/wp-json\/wp\/v2\/comments?post=26101"}],"version-history":[{"count":0,"href":"https:\/\/grandepremio.com\/es\/wp-json\/wp\/v2\/posts\/26101\/revisions"}],"wp:featuredmedia":[{"embeddable":true,"href":"https:\/\/grandepremio.com\/es\/wp-json\/wp\/v2\/media\/1010023293"}],"wp:attachment":[{"href":"https:\/\/grandepremio.com\/es\/wp-json\/wp\/v2\/media?parent=26101"}],"wp:term":[{"taxonomy":"category","embeddable":true,"href":"https:\/\/grandepremio.com\/es\/wp-json\/wp\/v2\/categories?post=26101"},{"taxonomy":"post_tag","embeddable":true,"href":"https:\/\/grandepremio.com\/es\/wp-json\/wp\/v2\/tags?post=26101"},{"taxonomy":"42wp_author","embeddable":true,"href":"https:\/\/grandepremio.com\/es\/wp-json\/wp\/v2\/42wp_author?post=26101"}],"curies":[{"name":"wp","href":"https:\/\/api.w.org\/{rel}","templated":true}]}}