{"id":26173,"date":"2021-05-27T11:00:00","date_gmt":"2021-05-27T14:00:00","guid":{"rendered":"https:\/\/grandepremio.com\/es\/2021\/05\/27\/jefe-de-mclaren-dice-que-ricciardo-aun-carece-de-estilo-de-conduccion\/"},"modified":"2021-05-27T12:36:24","modified_gmt":"2021-05-27T15:36:24","slug":"jefe-de-mclaren-dice-que-ricciardo-aun-carece-de-estilo-de-conduccion","status":"publish","type":"post","link":"https:\/\/grandepremio.com\/es\/f1\/jefe-de-mclaren-dice-que-ricciardo-aun-carece-de-estilo-de-conduccion\/","title":{"rendered":"Jefe de McLaren dice que Ricciardo a\u00fan carece del &#8220;estilo&#8221; que requiere el MCL35M"},"content":{"rendered":"\n<p class=\"wp-block-paragraph\">La llegada de Daniel Ricciardo a McLaren para la temporada actual comenz\u00f3 con algunas dificultades y lejos del sue\u00f1o m\u00e1s dulce que ambas partes pudieran imaginar. Seg\u00fan el jefe del equipo tradicional de Woking, Andreas Seidl, la culpa es de la personalidad del MCL35M, monoplaza de McLaren en 2021, porque el b\u00f3lido requiere de un estilo de conducci\u00f3n espec\u00edfico.<\/p>\n\n\n\n<p class=\"wp-block-paragraph\">Dado que estos autos de F\u00f3rmula 1 actuales est\u00e1n en su \u00faltimo a\u00f1o desde su aparici\u00f3n en 2017, los equipos llevan mucho tiempo en adaptarlos a las necesidades de sus pilotos. Lando Norris, en su tercer a\u00f1o como titular, saca mucho provecho del coche y demuestra que es posible ir r\u00e1pido. Ricciardo, por el contrario, todav\u00eda necesita aprender a hacerlo.<\/p>\n\n\n\n<figure class=\"wp-block-image\"><img decoding=\"async\" src=\"https:\/\/www.grandepremio.com\/br\/wp-content\/uploads\/2020\/05\/Ricciardo-1024x683.jpg\" alt=\"\"\/><figcaption>Daniel Ricciardo sigue sufriendo con el MCL35M (Foto: Beto Issa)<\/figcaption><\/figure>\n\n\n\n<p class=\"wp-block-paragraph\">\u201cPara conducir nuestros autos r\u00e1pidamente, en este momento, es necesario tener un estilo de conducci\u00f3n especial que no es natural para Daniel. Por eso no es f\u00e1cil para \u00e9l sacarle provecho y el mejor rendimiento&#8221;, dijo Seidl.<\/p>\n\n\n\n<p class=\"wp-block-paragraph\">&#8220;Simplemente tenemos que seguir trabajando juntos en esto como equipo: mantener la calma, seguir aprendiendo, analizar y hacer dos cosas. Uno de ellos es seguir adaptando nuestro coche, porque ve que el potencial est\u00e1 ah\u00ed. Es positivo incluso para \u00e9l ver que Lando puede hacerlo&#8221;, dijo.<\/p>\n\n\n\n<p class=\"wp-block-paragraph\">&#8220;La otra cosa es evaluar la parte colectiva y entender qu\u00e9 podemos hacer para ayudarlo con el coche, recuperar su sensaci\u00f3n natural, que es algo que necesario para ser r\u00e1pido. En eso es donde nos enfocamos&#8221;, concluy\u00f3.<\/p>\n\n\n\n<p class=\"wp-block-paragraph\">Pese a tener 32 puntos menos que Norris en la tabla del campeonato (56 a 24), Ricciardo ocupa la octava posici\u00f3n y est\u00e1 al l\u00edmite de lo aceptable para McLaren: solo por detr\u00e1s de las parejas de Mercedes, Red Bull y Ferrari.<\/p>\n\n\n\n<p class=\"wp-block-paragraph\">La F\u00f3rmula 1 vuelve a la acci\u00f3n el 6 de junio con el Gran Premio de Azerbaiy\u00e1n en las calles de Bak\u00fa.<\/p>\n\n\n\n<p class=\"wp-block-paragraph\"><strong>\u00a1Conoce el canal de Gran Premio en&nbsp;<a href=\"https:\/\/www.youtube.com\/c\/GrandePremioTV\">YouTube<\/a>!<br>\u00a1Sigue a Gran Premio en&nbsp;<a href=\"https:\/\/twitter.com\/granpremioes\" target=\"_blank\" rel=\"noreferrer noopener\">Twitter&nbsp;<\/a>y en&nbsp;<a href=\"https:\/\/instagram.com\/granpremio_es\" target=\"_blank\" rel=\"noreferrer noopener\">Instagram<\/a>!<\/strong><\/p>\n","protected":false},"excerpt":{"rendered":"<p>La llegada de Daniel Ricciardo a McLaren para la temporada actual comenz\u00f3 con algunas dificultades y lejos del sue\u00f1o m\u00e1s dulce que ambas partes pudieran imaginar. Seg\u00fan el jefe del equipo tradicional de Woking, Andreas Seidl, la culpa es de la personalidad del MCL35M, monoplaza de McLaren en 2021, porque el b\u00f3lido requiere de un [&hellip;]<\/p>\n","protected":false},"author":0,"featured_media":1010022533,"comment_status":"closed","ping_status":"closed","sticky":false,"template":"","format":"standard","meta":{"42wp_featured_image_caption":"","42wp_featured_image_credits":"","42wp_featured_video":"","42wp_featured_image_hidden":false,"42wp_authors_list":[],"footnotes":""},"categories":[5],"tags":[365,181,1233,269],"42wp_author":[14224],"class_list":["post-26173","post","type-post","status-publish","format-standard","has-post-thumbnail","hentry","category-f1","tag-daniel-ricciardo","tag-f1","tag-f1-2021","tag-mclaren","42wp_author-pedro-marum"],"_links":{"self":[{"href":"https:\/\/grandepremio.com\/es\/wp-json\/wp\/v2\/posts\/26173","targetHints":{"allow":["GET"]}}],"collection":[{"href":"https:\/\/grandepremio.com\/es\/wp-json\/wp\/v2\/posts"}],"about":[{"href":"https:\/\/grandepremio.com\/es\/wp-json\/wp\/v2\/types\/post"}],"replies":[{"embeddable":true,"href":"https:\/\/grandepremio.com\/es\/wp-json\/wp\/v2\/comments?post=26173"}],"version-history":[{"count":0,"href":"https:\/\/grandepremio.com\/es\/wp-json\/wp\/v2\/posts\/26173\/revisions"}],"wp:featuredmedia":[{"embeddable":true,"href":"https:\/\/grandepremio.com\/es\/wp-json\/wp\/v2\/media\/1010022533"}],"wp:attachment":[{"href":"https:\/\/grandepremio.com\/es\/wp-json\/wp\/v2\/media?parent=26173"}],"wp:term":[{"taxonomy":"category","embeddable":true,"href":"https:\/\/grandepremio.com\/es\/wp-json\/wp\/v2\/categories?post=26173"},{"taxonomy":"post_tag","embeddable":true,"href":"https:\/\/grandepremio.com\/es\/wp-json\/wp\/v2\/tags?post=26173"},{"taxonomy":"42wp_author","embeddable":true,"href":"https:\/\/grandepremio.com\/es\/wp-json\/wp\/v2\/42wp_author?post=26173"}],"curies":[{"name":"wp","href":"https:\/\/api.w.org\/{rel}","templated":true}]}}