{"id":26175,"date":"2021-05-27T09:00:00","date_gmt":"2021-05-27T12:00:00","guid":{"rendered":"https:\/\/grandepremio.com\/es\/2021\/05\/27\/consultor-de-red-bull-se-queja-de-perez-por-ser-debil-en-clasificacion\/"},"modified":"2021-05-27T10:26:23","modified_gmt":"2021-05-27T13:26:23","slug":"consultor-de-red-bull-se-queja-de-perez-por-ser-debil-en-clasificacion","status":"publish","type":"post","link":"https:\/\/grandepremio.com\/es\/f1\/consultor-de-red-bull-se-queja-de-perez-por-ser-debil-en-clasificacion\/","title":{"rendered":"Consultor de Red Bull se queja de P\u00e9rez: &#8220;Muy d\u00e9bil en la clasificaci\u00f3n hasta ahora&#8221;"},"content":{"rendered":"\n<p class=\"wp-block-paragraph\">Helmut Marko, consultor de Red Bull, dej\u00f3 en claro su descontento con el rendimiento de Sergio P\u00e9rez en clasificaci\u00f3n en esta primera etapa del ciclo del mexicano con el equipo de Milton Keynes. El austr\u00edaco habl\u00f3 sobre la debilidad de su piloto en lo que va de 2021<a href=\"https:\/\/grandepremio.com\/es\/\/f1\/verstappen-aprovecha-dia-negro-de-mercedes-y-vence-facil-en-monaco\/\"> despu\u00e9s del Gran Premio de M\u00f3naco el pasado fin de semana.<\/a><\/p>\n\n\n\n<p class=\"wp-block-paragraph\">La posici\u00f3n en la grilla obtenida por &#8216;Checo&#8217; en el GP de Emilia-Romagna, un segundo puesto y apenas 035 por detr\u00e1s de la pole, Lewis Hamilton, fue una excepci\u00f3n. En Bahr\u00e9in, el piloto del auto #11 ni siquiera lleg\u00f3 a la Q3 (estaba 11\u00ba) y sali\u00f3 cuarto en el GP de Portugal. Pero en circuitos de reconocida dificultad para adelantar, P\u00e9rez lo hizo mal el s\u00e1bado: octavo en la parrilla del GP de Espa\u00f1a &#8211; termin\u00f3 la carrera en quinto lugar &#8211; mientras que en M\u00f3naco el latinoamericano fue noveno. Debido a la estrategia y la conducci\u00f3n de Red Bull, Sergio logr\u00f3 ganar posiciones importantes y termin\u00f3 cuarto.<\/p>\n\n\n\n<figure class=\"wp-block-image\"><img decoding=\"async\" src=\"https:\/\/www.grandepremio.com\/br\/wp-content\/uploads\/2021\/05\/redbull-sergioperez-01-7-1024x683.jpg\" alt=\"\"\/><figcaption>Sergio P\u00e9rez todav\u00eda debe mucho los s\u00e1bados, dijo Helmut Marko (Foto: Red Bull Pool Content \/ Getty Images)<\/figcaption><\/figure>\n\n\n\n<p class=\"wp-block-paragraph\">El propio piloto reconoci\u00f3, justo despu\u00e9s de la carrera, que necesita tener un mejor rendimiento los s\u00e1bados para poder tener un fin de semana redondo y finalmente conseguir su primer podio con Red Bull.<\/p>\n\n\n\n<p class=\"wp-block-paragraph\">Y Marko, siempre en\u00e9rgico, no ocult\u00f3 su descontento. &#8220;Est\u00e1 muy d\u00e9bil en la clasificaci\u00f3n hasta ahora&#8221;, expres\u00f3 el ex piloto de BRM en una entrevista con la revista alemana Sport Bild.<\/p>\n\n\n\n<p class=\"wp-block-paragraph\">El consultor de Red Bul no olvida el hecho de que P\u00e9rez no pudo ayudar a Verstappen a contener a Lewis Hamilton en la lucha por la victoria en el Gran Premio de Espa\u00f1a. &#8220;Si hubiera estado al mismo nivel que Bottas, no creo que Mercedes hubiera logrado hacer una estrategia de dos paradas en Barcelona. Esta es nuestra mayor desventaja en este momento&#8221;, reconoci\u00f3.<\/p>\n\n\n\n<p class=\"wp-block-paragraph\"><strong>\u00a1Conoce el canal de Gran Premio en&nbsp;<a href=\"https:\/\/www.youtube.com\/c\/GrandePremioTV\">YouTube<\/a>!<br>\u00a1Sigue a Gran Premio en&nbsp;<a href=\"https:\/\/twitter.com\/granpremioes\" target=\"_blank\" rel=\"noreferrer noopener\">Twitter&nbsp;<\/a>y en&nbsp;<a href=\"https:\/\/instagram.com\/granpremio_es\" target=\"_blank\" rel=\"noreferrer noopener\">Instagram<\/a>!<\/strong><\/p>\n\n\n\n<p class=\"wp-block-paragraph\">El consultor del equipo de bebidas energ\u00e9ticas entiende que 2021, incluso m\u00e1s despu\u00e9s de que Mercedes expres\u00f3 el deseo de centrarse cada vez m\u00e1s en el coche del pr\u00f3ximo a\u00f1o, es una gran oportunidad para que el equipo vuelva finalmente a la cima de la F\u00f3rmula 1. &#8220;Ahora vemos nuestra oportunidad de dar el cambio&#8221;, dijo.<\/p>\n\n\n\n<p class=\"wp-block-paragraph\">Por otro lado, Marko elogi\u00f3 a Verstappen, el nuevo l\u00edder de la temporada 2021 tras la victoria en M\u00f3naco.<\/p>\n\n\n\n<p class=\"wp-block-paragraph\">&#8220;Aprendi\u00f3 que lo m\u00e1s importante es el paquete en su conjunto: no se rompe si algo sale mal o si no va tan r\u00e1pido&#8221;, dijo. Sin embargo, el t\u00e9cnico record\u00f3 que Hamilton siempre ser\u00e1 un rival fuerte, as\u00ed que trat\u00f3 de ser cauteloso. &#8220;Es una temporada larga y espero que \u00e9l [Verstappen] tenga m\u00e1s reservas que Hamilton, que ha hecho algunas carreras incre\u00edblemente buenas hasta ahora&#8221;, concluy\u00f3.<\/p>\n\n\n\n<p class=\"wp-block-paragraph\">La F\u00f3rmula 1 vuelve a la acci\u00f3n el 6 de junio con el Gran Premio de Azerbaiy\u00e1n, en las calles de Bak\u00fa.<\/p>\n","protected":false},"excerpt":{"rendered":"<p>Helmut Marko, consultor de Red Bull, dej\u00f3 en claro su descontento con el rendimiento de Sergio P\u00e9rez en clasificaci\u00f3n en esta primera etapa del ciclo del mexicano con el equipo de Milton Keynes. El austr\u00edaco habl\u00f3 sobre la debilidad de su piloto en lo que va de 2021 despu\u00e9s del Gran Premio de M\u00f3naco el [&hellip;]<\/p>\n","protected":false},"author":0,"featured_media":1010022314,"comment_status":"closed","ping_status":"closed","sticky":false,"template":"","format":"standard","meta":{"42wp_featured_image_caption":"","42wp_featured_image_credits":"","42wp_featured_video":"","42wp_featured_image_hidden":false,"42wp_authors_list":[],"footnotes":""},"categories":[5],"tags":[181,1233,1312,1358,206,294],"42wp_author":[14226],"class_list":["post-26175","post","type-post","status-publish","format-standard","has-post-thumbnail","hentry","category-f1","tag-f1","tag-f1-2021","tag-formula-1-2021","tag-helmut-marko","tag-red-bull","tag-sergio-perez","42wp_author-fernando-silva"],"_links":{"self":[{"href":"https:\/\/grandepremio.com\/es\/wp-json\/wp\/v2\/posts\/26175","targetHints":{"allow":["GET"]}}],"collection":[{"href":"https:\/\/grandepremio.com\/es\/wp-json\/wp\/v2\/posts"}],"about":[{"href":"https:\/\/grandepremio.com\/es\/wp-json\/wp\/v2\/types\/post"}],"replies":[{"embeddable":true,"href":"https:\/\/grandepremio.com\/es\/wp-json\/wp\/v2\/comments?post=26175"}],"version-history":[{"count":0,"href":"https:\/\/grandepremio.com\/es\/wp-json\/wp\/v2\/posts\/26175\/revisions"}],"wp:featuredmedia":[{"embeddable":true,"href":"https:\/\/grandepremio.com\/es\/wp-json\/wp\/v2\/media\/1010022314"}],"wp:attachment":[{"href":"https:\/\/grandepremio.com\/es\/wp-json\/wp\/v2\/media?parent=26175"}],"wp:term":[{"taxonomy":"category","embeddable":true,"href":"https:\/\/grandepremio.com\/es\/wp-json\/wp\/v2\/categories?post=26175"},{"taxonomy":"post_tag","embeddable":true,"href":"https:\/\/grandepremio.com\/es\/wp-json\/wp\/v2\/tags?post=26175"},{"taxonomy":"42wp_author","embeddable":true,"href":"https:\/\/grandepremio.com\/es\/wp-json\/wp\/v2\/42wp_author?post=26175"}],"curies":[{"name":"wp","href":"https:\/\/api.w.org\/{rel}","templated":true}]}}