{"id":26220,"date":"2021-05-23T14:56:22","date_gmt":"2021-05-23T17:56:22","guid":{"rendered":"https:\/\/grandepremio.com\/es\/2021\/05\/23\/bottas-califica-su-abandono-como-gran-error-en-el-gp-de-monaco\/"},"modified":"2021-05-23T16:26:28","modified_gmt":"2021-05-23T19:26:28","slug":"bottas-califica-su-abandono-como-gran-error-en-el-gp-de-monaco","status":"publish","type":"post","link":"https:\/\/grandepremio.com\/es\/f1\/bottas-califica-su-abandono-como-gran-error-en-el-gp-de-monaco\/","title":{"rendered":"Bottas califica su abandono como \u201cgran error\u201d y se irrita: \u201cNo deber\u00eda ocurrir\u201d"},"content":{"rendered":"\n<p class=\"wp-block-paragraph\">Valtteri Bottas gan\u00f3 una posici\u00f3n antes del inicio del GP de M\u00f3naco cuando Charles Leclerc abandon\u00f3. A pesar de no haber podido adelantar a Max Verstappen en la salida, se mantuvo segundo durante gran parte de la carrera hasta que abandon\u00f3 en la vuelta 30.<\/p>\n\n\n\n<p class=\"wp-block-paragraph\">Y la retirada de Bottas fue cruel. El finland\u00e9s se dirigi\u00f3 a cambiar los neum\u00e1ticos en los boxes, pero un fallo en la extracci\u00f3n de su compuesto delantero derecho hizo que la carrera del piloto de Mercedes se detuviera antes de tiempo.<\/p>\n\n\n\n<p class=\"wp-block-paragraph\"><strong>\u00a1Conoce el canal de Gran Premio en\u00a0<a href=\"https:\/\/www.youtube.com\/c\/GrandePremioTV\">YouTube<\/a>!<br>\u00a1Sigue a Gran Premio en\u00a0<a href=\"https:\/\/twitter.com\/granpremioes\" target=\"_blank\" rel=\"noreferrer noopener\">Twitter\u00a0<\/a>y en\u00a0<a href=\"https:\/\/instagram.com\/granpremio_es\" target=\"_blank\" rel=\"noreferrer noopener\">Instagram<\/a>!<\/strong><\/p>\n\n\n\n<p class=\"wp-block-paragraph\">&#8220;No s\u00e9 qu\u00e9 pas\u00f3 en el pit-stop, para ser sincero. Todav\u00eda no s\u00e9 si fue un error humano o t\u00e9cnico. En cualquier caso, tenemos que aprender de ello. Es un gran error por nuestra parte y no deber\u00eda ocurrir&#8221;, dijo a los periodistas tras la etapa.<\/p>\n\n\n\n<p class=\"wp-block-paragraph\">A pesar del accidente, que le cost\u00f3 a Mercedes el liderato del Campeonato del Mundo de Constructores, Bottas dijo que podr\u00eda haberle disputado <a href=\"https:\/\/grandepremio.com\/es\/\/f1\/verstappen-aprovecha-dia-negro-de-mercedes-y-vence-facil-en-monaco\/\">el primer puesto a Verstappen en las calles del Principado<\/a>.<\/p>\n\n\n\n<p class=\"wp-block-paragraph\">&#8220;Creo que hubi\u00e9ramos podido luchar por la victoria. Red Bull y Max Verstappen eran muy r\u00e1pidos, as\u00ed que creo que hubiera sido muy dif\u00edcil, pero al menos podr\u00edamos haber aspirado a un segundo lugar y conseguir buenos puntos. Max ha sido r\u00e1pido y creo que ha controlado el neum\u00e1tico blando al m\u00e1ximo en el primer stint. Y cuando se ponen los compuestos duros, no hay muchos cambios. Pero no s\u00e9, nunca vamos a saber si lo podr\u00eda haber desafiado o no&#8221;, concluy\u00f3 el finland\u00e9s.<\/p>\n\n\n\n<p class=\"wp-block-paragraph\">Este fue el segundo abandono de Bottas en la temporada 2021, siendo el primero en el accidente sufrido con George Russell en el GP de Emilia-Roma\u00f1a. Con esto, cae al cuarto lugar en el campeonato, detr\u00e1s de Lando Norris, de McLaren.<\/p>\n","protected":false},"excerpt":{"rendered":"<p>Valtteri Bottas gan\u00f3 una posici\u00f3n antes del inicio del GP de M\u00f3naco cuando Charles Leclerc abandon\u00f3. A pesar de no haber podido adelantar a Max Verstappen en la salida, se mantuvo segundo durante gran parte de la carrera hasta que abandon\u00f3 en la vuelta 30. Y la retirada de Bottas fue cruel. El finland\u00e9s se [&hellip;]<\/p>\n","protected":false},"author":0,"featured_media":1000476716,"comment_status":"closed","ping_status":"closed","sticky":false,"template":"","format":"standard","meta":{"42wp_featured_image_caption":"","42wp_featured_image_credits":"","42wp_featured_video":"","42wp_featured_image_hidden":false,"42wp_authors_list":[],"footnotes":""},"categories":[5],"tags":[1236,252],"42wp_author":[14223],"class_list":["post-26220","post","type-post","status-publish","format-standard","has-post-thumbnail","hentry","category-f1","tag-mercedes-f1","tag-valtteri-bottas","42wp_author-esteban-nieto"],"_links":{"self":[{"href":"https:\/\/grandepremio.com\/es\/wp-json\/wp\/v2\/posts\/26220","targetHints":{"allow":["GET"]}}],"collection":[{"href":"https:\/\/grandepremio.com\/es\/wp-json\/wp\/v2\/posts"}],"about":[{"href":"https:\/\/grandepremio.com\/es\/wp-json\/wp\/v2\/types\/post"}],"replies":[{"embeddable":true,"href":"https:\/\/grandepremio.com\/es\/wp-json\/wp\/v2\/comments?post=26220"}],"version-history":[{"count":0,"href":"https:\/\/grandepremio.com\/es\/wp-json\/wp\/v2\/posts\/26220\/revisions"}],"wp:featuredmedia":[{"embeddable":true,"href":"https:\/\/grandepremio.com\/es\/wp-json\/wp\/v2\/media\/1000476716"}],"wp:attachment":[{"href":"https:\/\/grandepremio.com\/es\/wp-json\/wp\/v2\/media?parent=26220"}],"wp:term":[{"taxonomy":"category","embeddable":true,"href":"https:\/\/grandepremio.com\/es\/wp-json\/wp\/v2\/categories?post=26220"},{"taxonomy":"post_tag","embeddable":true,"href":"https:\/\/grandepremio.com\/es\/wp-json\/wp\/v2\/tags?post=26220"},{"taxonomy":"42wp_author","embeddable":true,"href":"https:\/\/grandepremio.com\/es\/wp-json\/wp\/v2\/42wp_author?post=26220"}],"curies":[{"name":"wp","href":"https:\/\/api.w.org\/{rel}","templated":true}]}}