{"id":26293,"date":"2021-04-28T12:59:14","date_gmt":"2021-04-28T15:59:14","guid":{"rendered":"https:\/\/grandepremio.com\/es\/2021\/04\/28\/formula-1-cancela-gp-canada-regresa-turquia-mantener-23-carreras-2021\/"},"modified":"2021-04-30T12:26:03","modified_gmt":"2021-04-30T15:26:03","slug":"formula-1-cancela-gp-canada-regresa-turquia-mantener-23-carreras-2021","status":"publish","type":"post","link":"https:\/\/grandepremio.com\/es\/f1\/formula-1-cancela-gp-canada-regresa-turquia-mantener-23-carreras-2021\/","title":{"rendered":"La F1 cancela el GP de Canad\u00e1 y regresa a Turqu\u00eda para mantener su calendario de 23 carreras"},"content":{"rendered":"\n<p class=\"wp-block-paragraph\" id=\"tw-target-text\">Por segundo a\u00f1o consecutivo, la F\u00f3rmula 1 no tendr\u00e1 un GP de Canad\u00e1. Un comunicado emitido el mi\u00e9rcoles (28) oficializ\u00f3 que, debido a los desaf\u00edos impuestos por la pandemia Covid-19, no hay forma de correr en el Circuito Gilles Villeneuve en junio de 2021. Sin embargo, la fecha quedar\u00e1 en blanco: el Mundial difundi\u00f3 en el mismo comunicado que el GP de Turqu\u00eda ser\u00e1 la sustituta de la carrera norteamericana y mantendr\u00e1 el calendario con las 23 carreras.<\/p>\n\n\n\n<p class=\"wp-block-paragraph\" id=\"tw-target-text\">La F1, sin embargo, anunci\u00f3 que tiene la intenci\u00f3n de regresar al Circuito Gilles Villeneuve el pr\u00f3ximo a\u00f1o. La carta de inter\u00e9s lleg\u00f3 con el anuncio de una extensi\u00f3n de contrato de dos a\u00f1os, que recupera el bienio perdido debido a la pandemia Covid-19. De esta forma, Canad\u00e1 volver\u00eda a aparecer, si no hay nuevos contratiempos, en el calendario de F1 del pr\u00f3ximo a\u00f1o.<\/p>\n\n\n\n<p class=\"wp-block-paragraph\" id=\"tw-target-text\">&#8220;Aunque es decepcionante no poder ir a Canad\u00e1 esta temporada, estamos emocionados en confirmar que Turqu\u00eda albergar\u00e1 un GP en 2021 despu\u00e9s de una carrera incre\u00edble el a\u00f1o pasado. S\u00e9 que nuestros fan\u00e1ticos est\u00e1n entusiasmados con este dram\u00e1tico comienzo de temporada, y Turqu\u00eda tiene una gran pista, con grandes disputas&#8221;, manifest\u00f3 el jefe de la F1, Stefano Domenicali.<\/p>\n\n\n\n<p class=\"wp-block-paragraph\" id=\"tw-target-text\">&#8220;Quiero agradecer a promotores y autoridades de Canad\u00e1 por sus esfuerzos en las \u00faltimas semanas, pero el tema de los viajes ha hecho nuestros planes imposibles. Tambi\u00e9n quiero agradecer a los representantes de Turqu\u00eda por su disposici\u00f3n para albergar la F\u00f3rmula 1, mostrando un gran inter\u00e9s en nuestro deporte. Hemos tenido muy buenas conversaciones con otros promotores desde principios de a\u00f1o, y seguimos trabajando junto a ellos durante este per\u00edodo&#8221;, agreg\u00f3.<\/p>\n\n\n\n<figure class=\"wp-block-image\"><img decoding=\"async\" src=\"https:\/\/www.grandepremio.com\/br\/wp-content\/uploads\/2019\/06\/2019681551259_Ferrari_CharlesLeclerc_32_DMa.jpg\" alt=\"\"\/><figcaption>El GP de Canad\u00e1 sigue fuera del calendario de F\u00f3rmula 1 (Foto: Ferrari)<\/figcaption><\/figure>\n\n\n\n<p class=\"wp-block-paragraph\" id=\"tw-target-text\">La informaci\u00f3n de cancelaci\u00f3n fue publicada originalmente por Radio Canada hace unas semanas. Seg\u00fan la emisora, los funcionarios de salud p\u00fablica en Montreal se opusieron a correr, alegando que todav\u00eda existe el riesgo de contagio, a pesar de los protocolos y planes de la categor\u00eda para correr a puertas cerradas.<\/p>\n\n\n\n<p class=\"wp-block-paragraph\" id=\"tw-target-text\">Tambi\u00e9n seg\u00fan Radio Canad\u00e1, el mayor obst\u00e1culo fue el tema de la entrada al pa\u00eds. La F1 quer\u00eda una autorizaci\u00f3n especial para no realizar los 14 d\u00edas de cuarentena, que son obligatorios para los viajeros. Para ello, la categor\u00eda planific\u00f3 un sistema de burbujas m\u00e1s estricto que el utilizado en Europa. Sin embargo, no fue suficiente para convencer a los canadienses.<\/p>\n\n\n\n<p class=\"wp-block-paragraph\" id=\"tw-target-text\">Adem\u00e1s del tema sanitario, tambi\u00e9n hab\u00eda un tema financiero pendiente. Para afrontar una carrera con puertas cerradas, la F1 requiri\u00f3 un pago adicional de US$ 6 millones. No est\u00e1 claro si este factor contribuy\u00f3 a la cancelaci\u00f3n de la carrera.<\/p>\n\n\n\n<p class=\"wp-block-paragraph\" id=\"tw-target-text\">En consecuencia, en su lugar llega Turqu\u00eda, que ya hab\u00eda aparecido para suavizar el arrugado calendario de la F\u00f3rmula 1 en 2020. La edici\u00f3n estuvo marcada por una de las mejores carreras de la temporada pasada, impulsada por la lluvia y el nuevo asfalto, que gener\u00f3 una serie de errores e incluso sorpresas, como la in\u00e9dita pole position de Lance Stroll.<\/p>\n\n\n\n<p class=\"wp-block-paragraph\" id=\"tw-target-text\">La carrera fue otra jornada especial. Lewis Hamilton gan\u00f3 en una de las mayores actuaciones de su carrera, con Sergio P\u00e9rez como escolta, para obtener hasta ese momento el mejor resultado de su trayectoria, y Sebastian Vettel termin\u00f3 como tercero, ganando un podio para salvar la temporada. Stroll, que lider\u00f3 gran parte de la competencia, fue noveno.<\/p>\n\n\n\n<p class=\"wp-block-paragraph\" id=\"tw-target-text\">En total, se disputaron ocho carreras en la pista de la famosa y temida Curva 8, una de las m\u00e1s desafiantes de todo el calendario. El brasile\u00f1o Felipe Massa contin\u00faa como el mayor ganador en Turqu\u00eda, con tres victorias consecutivas entre 2006 y 2008. Hamilton gan\u00f3 en 2010, con McLaren, y en 2020 con Mercedes.<\/p>\n\n\n\n<p class=\"wp-block-paragraph\" id=\"tw-target-text\">El viaje a Estambul termina por corregir un problema log\u00edstico en el calendario. Ahora, la F1 proseguir\u00e1 su camino hacia  Azerbaiy\u00e1n y a Turqu\u00eda; mientras que en Europa competir\u00e1 en Francia, Austria, Reino Unido, Hungr\u00eda, B\u00e9lgica, Holanda, Italia y Rusia.<\/p>\n\n\n\n<p class=\"wp-block-paragraph\" id=\"tw-target-text\">La F1 emiti\u00f3 un breve comunicado tras la confirmaci\u00f3n y se asegur\u00f3 de que las otras dos carreras en Norteam\u00e9rica salieran seg\u00fan lo previsto.<\/p>\n\n\n\n<p class=\"wp-block-paragraph\" id=\"tw-target-text\">&#8220;Siguiendo las noticias espec\u00edficas de hoy sobre Canad\u00e1, la F\u00f3rmula 1 quiere dejar muy claro que no habr\u00e1 cambios en las carreras en M\u00e9xico y Estados Unidos m\u00e1s adelante esta temporada y espera que sigan adelante. Hemos estado trabajando en estrecha colaboraci\u00f3n con los promotores y est\u00e1n listos para ofrecer un gran espect\u00e1culo y esperamos estar all\u00ed m\u00e1s adelante esta temporada&#8221;, cerr\u00f3 la misiva.<\/p>\n\n\n\n<p class=\"wp-block-paragraph\" id=\"tw-target-text\">El GP de Turqu\u00eda est\u00e1 previsto para el 13 de junio.<\/p>\n","protected":false},"excerpt":{"rendered":"<p>Tras semanas de especulaciones sobre la cancelaci\u00f3n del Gran Premio de Canad\u00e1, la F\u00f3rmula 1 hizo oficial la informaci\u00f3n y la reposici\u00f3n: entra el Gran Premio de Turqu\u00eda<\/p>\n","protected":false},"author":0,"featured_media":1010022159,"comment_status":"closed","ping_status":"closed","sticky":false,"template":"","format":"standard","meta":{"42wp_featured_image_caption":"","42wp_featured_image_credits":"","42wp_featured_video":"","42wp_featured_image_hidden":false,"42wp_authors_list":[],"footnotes":""},"categories":[5],"tags":[1300,181,1233,1298,641,674,1299],"42wp_author":[14224],"class_list":["post-26293","post","type-post","status-publish","format-standard","has-post-thumbnail","hentry","category-f1","tag-calendario-f1","tag-f1","tag-f1-2021","tag-gp-de-canada","tag-gp-de-turquia","tag-istanbul-park","tag-montreal","42wp_author-pedro-marum"],"_links":{"self":[{"href":"https:\/\/grandepremio.com\/es\/wp-json\/wp\/v2\/posts\/26293","targetHints":{"allow":["GET"]}}],"collection":[{"href":"https:\/\/grandepremio.com\/es\/wp-json\/wp\/v2\/posts"}],"about":[{"href":"https:\/\/grandepremio.com\/es\/wp-json\/wp\/v2\/types\/post"}],"replies":[{"embeddable":true,"href":"https:\/\/grandepremio.com\/es\/wp-json\/wp\/v2\/comments?post=26293"}],"version-history":[{"count":0,"href":"https:\/\/grandepremio.com\/es\/wp-json\/wp\/v2\/posts\/26293\/revisions"}],"wp:featuredmedia":[{"embeddable":true,"href":"https:\/\/grandepremio.com\/es\/wp-json\/wp\/v2\/media\/1010022159"}],"wp:attachment":[{"href":"https:\/\/grandepremio.com\/es\/wp-json\/wp\/v2\/media?parent=26293"}],"wp:term":[{"taxonomy":"category","embeddable":true,"href":"https:\/\/grandepremio.com\/es\/wp-json\/wp\/v2\/categories?post=26293"},{"taxonomy":"post_tag","embeddable":true,"href":"https:\/\/grandepremio.com\/es\/wp-json\/wp\/v2\/tags?post=26293"},{"taxonomy":"42wp_author","embeddable":true,"href":"https:\/\/grandepremio.com\/es\/wp-json\/wp\/v2\/42wp_author?post=26293"}],"curies":[{"name":"wp","href":"https:\/\/api.w.org\/{rel}","templated":true}]}}