{"id":2650,"date":"2026-02-16T12:46:48","date_gmt":"2026-02-16T15:46:48","guid":{"rendered":"https:\/\/grandepremio.com\/es\/2026\/02\/16\/montenegro-deja-tcr-desembarca-gt3-wrt\/"},"modified":"2026-02-16T12:46:52","modified_gmt":"2026-02-16T15:46:52","slug":"montenegro-deja-tcr-desembarca-gt3-wrt","status":"publish","type":"post","link":"https:\/\/grandepremio.com\/es\/resistencia\/montenegro-deja-tcr-desembarca-gt3-wrt\/","title":{"rendered":"Montenegro deja el TCR World Tour y desembarca en GT3 con el equipo WRT"},"content":{"rendered":"\n<p class=\"wp-block-paragraph\">Tras haber competido en la temporada 2025 en el <strong>TCR World Tour<\/strong> con un <strong>Honda Civic Type R<\/strong>, <strong>Ignacio Montenegro <\/strong>cambiar\u00e1 por completo su programa deportivo para 2026 con su llegada al <strong>GT World Challenge Europe<\/strong> en sus dos modalidades, endurance y sprint, con el equipo <strong>WRT<\/strong>, que alista los <strong>BMW M4 GT3<\/strong>.<\/p>\n\n\n\n<p class=\"wp-block-paragraph\">\ud83d\udfe5&nbsp;<strong><em>\u00a1Todas las novedades te esperan en el canal de&nbsp;<\/em><\/strong><a href=\"https:\/\/www.youtube.com\/@GrandePremioES\"><em>YouTube<\/em><\/a><strong><em>&nbsp;de Grande Pr\u00eamio en Espa\u00f1ol!<\/em><\/strong>&nbsp;\ud83d\udfe8<\/p>\n\n\n\n<p class=\"wp-block-paragraph\">Nacho fue campe\u00f3n del <strong>TCR South America<\/strong> en 2023 con el equipo de <strong>Sebasti\u00e1n Martino<\/strong>, se fue a Europa para ganar el TCR Winter Series en 2024 y, en ese mismo a\u00f1o, llevarse la medalla de oro en los FIA Motorsport Games en Valencia y varios podios en su salto al World Tour el a\u00f1o pasado, pero har\u00e1 un gran salto a los GT3 con WRT, que ha obtenido m\u00faltiples victorias en las <strong>24 Horas de Spa<\/strong>, as\u00ed como triunfos en las 24 Horas de Le Mans, las 12 Horas de Bathurst y las 24 Horas de N\u00fcrburgring.<\/p>\n\n\n\n<p class=\"wp-block-paragraph\">En 2026, el joven oriundo de Rada Tilly, en la provincia de Chubut, estar\u00e1 acompa\u00f1ado por los belgas <strong>Amaury Cordeel<\/strong> y <strong>Matisse Lismont<\/strong>. En el caso de Cordeel, ser\u00e1 el piloto que se sume en las carreras endurance. La temporada comenzar\u00e1 en Paul Ricard, el 12 de abril para acabar en Portimao, en octubre, con la gran carrera, las 24 horas de Spa, a disputarse entre el 24 y el 28 de junio.<\/p>\n\n\n\n<figure class=\"wp-block-embed is-type-video is-provider-youtube wp-block-embed-youtube wp-embed-aspect-16-9 wp-has-aspect-ratio\"><div class=\"wp-block-embed__wrapper\">\n<iframe loading=\"lazy\" title=\"EL AN\u00c1LISIS DE LA PRIMERA SEMANA DE TESTS DE F1 2026 EN BAHR\u00c9IN\" width=\"500\" height=\"281\" src=\"https:\/\/www.youtube.com\/embed\/B54NAgovjjM?feature=oembed\" frameborder=\"0\" allow=\"accelerometer; autoplay; clipboard-write; encrypted-media; gyroscope; picture-in-picture; web-share\" referrerpolicy=\"strict-origin-when-cross-origin\" allowfullscreen><\/iframe>\n<\/div><\/figure>\n\n\n\n<p class=\"wp-block-paragraph\"><strong>&#8220;Unirme a WRT y dar el salto a las carreras de GT representa un nuevo cap\u00edtulo importante en mi carrera. Es una disciplina diferente que exige precisi\u00f3n, constancia y trabajo en equipo al m\u00e1s alto nivel, y estoy entusiasmado por seguir aprendiendo y creciendo con uno de los mejores equipos del mundo&#8221;<\/strong>, declar\u00f3 Montenegro.<\/p>\n\n\n\n<p class=\"wp-block-paragraph\"><strong>Jamie Campbell-Walter<\/strong>, Director General de Bullet Sports Management, se\u00f1al\u00f3:<strong> &#8220;A Nacho le esperan tiempos emocionantes en su transici\u00f3n a los coches GT. Contamos con una amplia experiencia guiando a pilotos en esta transici\u00f3n, y Nacho es un joven talento altamente calificado y excepcionalmente trabajador. Tambi\u00e9n estamos encantados de volver a trabajar con WRT. Cinco de nuestros pilotos actuales y antiguos de Bullet han competido con ellos, logrando algunos de los mejores resultados de sus carreras, incluyendo dos Campeonatos del Mundo y una victoria en Le Mans, as\u00ed que Nacho no podr\u00eda estar en mejores manos al comenzar su andadura en los GT. \u00a1Que llegue el 2026!&#8221;.<\/strong><\/p>\n\n\n\n<p class=\"wp-block-paragraph\">\u23e9&nbsp;<strong><em>\u00a1Seguinos en redes por&nbsp;<\/em><\/strong><a href=\"https:\/\/twitter.com\/grandepremioES\"><em>Twitter&nbsp;<\/em><\/a><strong><em>e&nbsp;<\/em><\/strong><a href=\"https:\/\/www.instagram.com\/grandepremioes\/\"><em>Instagram!<br><\/em><\/a>\u23e9&nbsp;<strong><em>Adem\u00e1s, tenemos nuestro&nbsp;<\/em><\/strong><a href=\"https:\/\/whatsapp.com\/channel\/0029VaDZ5zb0gcfDxuwxBM05\"><em>canal de Whatsapp<\/em><\/a><strong><em>&nbsp;con toda la informaci\u00f3n al instante<\/em><\/strong>&nbsp;\ud83c\udfc1<\/p>\n\n\n\n<p class=\"wp-block-paragraph\">El campeonato del GT World Challenge se iniciar\u00e1 el Paul Ricard, el 11 y 12 de abril, en tanto que los test ser\u00e1n unos d\u00edas antes, el 8 y 9 de ese mes. El certamen europeo consta de cinco pruebas de endurance y otras cinco que son sprint.<\/p>\n","protected":false},"excerpt":{"rendered":"<p>Ignacio Montenegro, campe\u00f3n del TCR South America en 2023, dejar\u00e1 los autos de TCR para la temporada 2026 y se unir\u00e1 al equipo belga WRT para competir en los campeonatos sprint y endurance del GT World Challenge Europe junto Amaury Cordeel y Matisse Lismont. <\/p>\n","protected":false},"author":0,"featured_media":1010392903,"comment_status":"closed","ping_status":"closed","sticky":false,"template":"","format":"standard","meta":{"42wp_featured_image_caption":"","42wp_featured_image_credits":"","42wp_featured_video":"","42wp_featured_image_hidden":false,"42wp_authors_list":[],"footnotes":""},"categories":[19],"tags":[9015,2091,10210,11780,9499,6352,9012,13825,12492,2839,6765,2039],"42wp_author":[14237],"class_list":["post-2650","post","type-post","status-publish","format-standard","has-post-thumbnail","hentry","category-resistencia","tag-24-horas-de-spa","tag-amaury-cordeel","tag-bmw-m4-gt3","tag-gt-world-challenge-europe","tag-honda-civic-type-r","tag-ignacio-montenegro","tag-jamie-campbell-walter","tag-matisse-lismont","tag-sebastian-martino","tag-tcr-south-america","tag-tcr-world-tour","tag-wrt","42wp_author-gabriel-garcia"],"_links":{"self":[{"href":"https:\/\/grandepremio.com\/es\/wp-json\/wp\/v2\/posts\/2650","targetHints":{"allow":["GET"]}}],"collection":[{"href":"https:\/\/grandepremio.com\/es\/wp-json\/wp\/v2\/posts"}],"about":[{"href":"https:\/\/grandepremio.com\/es\/wp-json\/wp\/v2\/types\/post"}],"replies":[{"embeddable":true,"href":"https:\/\/grandepremio.com\/es\/wp-json\/wp\/v2\/comments?post=2650"}],"version-history":[{"count":0,"href":"https:\/\/grandepremio.com\/es\/wp-json\/wp\/v2\/posts\/2650\/revisions"}],"wp:featuredmedia":[{"embeddable":true,"href":"https:\/\/grandepremio.com\/es\/wp-json\/wp\/v2\/media\/1010392903"}],"wp:attachment":[{"href":"https:\/\/grandepremio.com\/es\/wp-json\/wp\/v2\/media?parent=2650"}],"wp:term":[{"taxonomy":"category","embeddable":true,"href":"https:\/\/grandepremio.com\/es\/wp-json\/wp\/v2\/categories?post=2650"},{"taxonomy":"post_tag","embeddable":true,"href":"https:\/\/grandepremio.com\/es\/wp-json\/wp\/v2\/tags?post=2650"},{"taxonomy":"42wp_author","embeddable":true,"href":"https:\/\/grandepremio.com\/es\/wp-json\/wp\/v2\/42wp_author?post=2650"}],"curies":[{"name":"wp","href":"https:\/\/api.w.org\/{rel}","templated":true}]}}