{"id":2705,"date":"2026-02-12T13:08:19","date_gmt":"2026-02-12T16:08:19","guid":{"rendered":"https:\/\/grandepremio.com\/es\/2026\/02\/12\/charles-leclerc-lidera-dia-2-bahrein-formula-1-2026\/"},"modified":"2026-02-12T13:48:41","modified_gmt":"2026-02-12T16:48:41","slug":"charles-leclerc-lidera-dia-2-bahrein-formula-1-2026","status":"publish","type":"post","link":"https:\/\/grandepremio.com\/es\/f1\/charles-leclerc-lidera-dia-2-bahrein-formula-1-2026\/","title":{"rendered":"Leclerc mantiene ventaja y lidera d\u00eda 2 de tests de pretemporada de F1 en Bahr\u00e9in"},"content":{"rendered":"\n<p class=\"wp-block-paragraph\"><strong>Charles Leclerc <\/strong>logr\u00f3 prevalecer con su tiempo matutino de 1m34s273 para terminar al frente en el segundo d\u00eda de pretemporada de la <strong>F\u00f3rmula 1<\/strong> en<strong> Bahr\u00e9in<\/strong>. El piloto monegasco de<strong> Ferrari<\/strong> aventaj\u00f3 por 0s511 a <strong>Lando Norris<\/strong> y <strong>Oliver Bearman<\/strong>, de <strong>Haas<\/strong>, qued\u00f3 tercero a 1s121.<\/p>\n\n\n\n<p class=\"wp-block-paragraph\">M\u00e1s atr\u00e1s en el clasificador,<strong> George Russell (Mercedes), Isack Hadjar (Red Bull), Gabriel Bortoleto (Audi), Pierre Gasly (Alpine), Valtteri Bottas (Cadillac), Alex Albon (Williams) y Nico H\u00fclkenberg (Audi) <\/strong>completaron las diez primeras posiciones.<\/p>\n\n\n\n<p class=\"wp-block-paragraph\"><strong><em>\u00a1Todas las novedades te esperan en el canal de <a href=\"https:\/\/www.youtube.com\/@GrandePremioES\" target=\"_blank\" rel=\"noreferrer noopener\">YouTube<\/a> de Grande Pr\u00eamio en Espa\u00f1ol!<\/em><\/strong><\/p>\n\n\n\n<figure class=\"wp-block-image size-full\"><img decoding=\"async\" src=\"https:\/\/grandepremio.com\/es\/wp-content\/uploads\/..\/gp_br_uploads\/2026\/02\/testes-pre-temporada-f1-2026-haas-oliver-bearman-01-2.jpeg\" alt=\"\" class=\"wp-image-392266\"\/><figcaption class=\"wp-element-caption\">Ollie Bearman tuvo una actuaci\u00f3n destacada este jueves. (Foto: Haas)<\/figcaption><\/figure>\n\n\n\n<p class=\"wp-block-paragraph\"><strong><em>\u00a1Seguinos en redes por <a href=\"https:\/\/twitter.com\/grandepremioES\" target=\"_blank\" rel=\"noreferrer noopener\">Twitter <\/a>e <a href=\"https:\/\/www.instagram.com\/grandepremioes\/\" target=\"_blank\" rel=\"noreferrer noopener\">Instagram!<\/a><\/em><\/strong><br><strong><em>Adem\u00e1s, tenemos nuestro <a href=\"https:\/\/whatsapp.com\/channel\/0029VaDZ5zb0gcfDxuwxBM05\" target=\"_blank\" rel=\"noreferrer noopener\">canal de Whatsapp<\/a> con toda la informaci\u00f3n al instante<\/em><\/strong><\/p>\n\n\n\n<p class=\"wp-block-paragraph\"><strong>\u00bfC\u00f3mo fue la sesi\u00f3n vespertina del segundo d\u00eda de ensayos de la F\u00f3rmula 1 en Bahr\u00e9in?<\/strong><\/p>\n\n\n\n<p class=\"wp-block-paragraph\"><a href=\"https:\/\/grandepremio.com\/es\/f1\/charles-leclerc-lider-dia-2-bahrein-formula-1-2026\/\">Luego de que Charles Leclerc fuera el m\u00e1s r\u00e1pido en la tanda matutina<\/a>, la F\u00f3rmula 1 continu\u00f3 con su sesi\u00f3n vespertina en el segundo d\u00eda de pretemporada de la categor\u00eda en el circuito de Bahr\u00e9in. Como parte de su jornada completa, Lando Norris (McLaren), Isack Hadjar (Red Bull), Pierre Gasly (Alpine), Charles Leclerc (Ferrari), Fernando Alonso (Aston Martin) y Oliver Bearman (Haas) volvieron a estar arriba de sus monoplazas. <\/p>\n\n\n\n<p class=\"wp-block-paragraph\">Por otro lado, al tener un programa compartido, los que tomaron el volante por la tarde fueron George Russell (Mercedes), Carlos Sainz (Williams), Arvid Lindblad (Racing Bulls), Valtteri Bottas (Cadillac) y Gabriel Bortoleto. (Audi).<\/p>\n\n\n\n<p class=\"wp-block-paragraph\">Una vez dada la bandera verde, los primeros en girar fueron Norris, Gasly, Bearman, Alonso, Hadjar y Bortoleto. Luego, Russell tambi\u00e9n fue al asfalto despu\u00e9s de una ma\u00f1ana complicada por problemas t\u00e9cnicos con Antonelli. Y tras una vueltas de instalaci\u00f3n, el brit\u00e1nico se puso tercero, a unos dos segundos del mejor tiempo de Leclerc.<\/p>\n\n\n\n<figure class=\"wp-block-image size-full\"><img decoding=\"async\" src=\"https:\/\/grandepremio.com\/es\/wp-content\/uploads\/..\/gp_br_uploads\/2026\/02\/testes-pre-temporada-f1-2026-mercedes-george-russell-01.jpg\" alt=\"\" class=\"wp-image-392272\"\/><figcaption class=\"wp-element-caption\">George Russell gir\u00f3 durante la tarde en Bahr\u00e9in. (Foto: Mercedes)<\/figcaption><\/figure>\n\n\n\n<p class=\"wp-block-paragraph\">Por otro lado, quien no lograba el mejor tiempo pero s\u00ed acumulaba muchas vueltas encima Gasly. Sin embargo, su auto qued\u00f3 detenido en la pista cuando promediaba la sesi\u00f3n vespertina. <\/p>\n\n\n\n<p class=\"wp-block-paragraph\">En esta instancia, otro auto de mitad de pelot\u00f3n comenz\u00f3 a destacarse, el Haas de Ollie Bearman. El brit\u00e1nico comenz\u00f3 a disputarle la tercera posici\u00f3n al Mercedes de Russell, y logr\u00f3 integrar el top-3 detr\u00e1s de Leclerc y Norris a 1s121 de la punta.<\/p>\n\n\n\n<figure class=\"wp-block-image size-full\"><img decoding=\"async\" src=\"https:\/\/grandepremio.com\/es\/wp-content\/uploads\/..\/gp_br_uploads\/2026\/02\/afp-testes-pre-temporada-f1-2026-alpine-pierre-gasly-01.jpg\" alt=\"\" class=\"wp-image-392208\"\/><figcaption class=\"wp-element-caption\">Pierre Gasly gir\u00f3 todo el d\u00eda en Alpine. Ma\u00f1ana, ser\u00e1 el turno de Franco Colapinto. (Foto: AFP)<\/figcaption><\/figure>\n\n\n\n<p class=\"wp-block-paragraph\">Ya para la \u00faltima hora de ensayos, el conteo de vueltas estaba liderado por Norris, con 105, y 104 por parte de Bearman. Tras la aver\u00eda, el Alpine de Gasly qued\u00f3 clavado en 97 giros, y con su m\u00e1quina en los boxes.<\/p>\n\n\n\n<p class=\"wp-block-paragraph\">Ya sobre el cierre, ning\u00fan auto mejor\u00f3, a la vez que la direcci\u00f3n de carrera comenz\u00f3 a probar banderas, lo que tambi\u00e9n dificult\u00f3 que los pilotos pudieran cerrar vueltas. Apenas, con cinco minutos restantes, la actividad se reanud\u00f3 con la esperanza de alguna mejora en los tiempos. <\/p>\n\n\n\n<p class=\"wp-block-paragraph\"><strong>F\u00f3rmula 1 &#8211; Bahr\u00e9in &#8211; Pretemporada &#8211; D\u00eda 2<\/strong><\/p>\n\n\n\n<figure class=\"wp-block-table\"><table class=\"has-fixed-layout\"><tbody><tr><td>Pos<\/td><td>Piloto<\/td><td>Equipo<\/td><td>Tiempo<\/td><td>Diferencia<\/td><td>Vueltas<\/td><\/tr><tr><td><strong>1<\/strong><\/td><td>C LECLERC<\/td><td>Ferrari<\/td><td>1:34.273<\/td><td>&nbsp;<\/td><td>139<\/td><\/tr><tr><td><strong>2<\/strong><\/td><td>L NORRIS<\/td><td>McLaren Mercedes<\/td><td>1:34.784<\/td><td>+0.511<\/td><td>149<\/td><\/tr><tr><td><strong>3<\/strong><\/td><td>O BEARMAN<\/td><td>Haas Ferrari<\/td><td>1:35.394<\/td><td>+1.121<\/td><td>130<\/td><\/tr><tr><td><strong>4<\/strong><\/td><td>G RUSSELL<\/td><td>Mercedes<\/td><td>1:35.466<\/td><td>+1.193<\/td><td>54<\/td><\/tr><tr><td><strong>5<\/strong><\/td><td>I HADJAR<\/td><td>Red Bull RBPT Ford<\/td><td>1:36.561<\/td><td>+2.288<\/td><td>87<\/td><\/tr><tr><td><strong>6<\/strong><\/td><td>G BORTOLETO<\/td><td>Audi<\/td><td>1:36.670<\/td><td>+2.397<\/td><td>67<\/td><\/tr><tr><td><strong>7<\/strong><\/td><td>P GASLY<\/td><td>Alpine Mercedes<\/td><td>1:36.723<\/td><td>+2.450<\/td><td>97<\/td><\/tr><tr><td><strong>8<\/strong><\/td><td>V BOTTAS<\/td><td>Cadillac Ferrari<\/td><td>1:36.824<\/td><td>+2.551<\/td><td>67<\/td><\/tr><tr><td><strong>9<\/strong><\/td><td>A ALBON<\/td><td>Williams Mercedes<\/td><td>1:37.229<\/td><td>+2.956<\/td><td>62<\/td><\/tr><tr><td><strong>10<\/strong><\/td><td>N H\u00dcLKENBERG<\/td><td>Audi<\/td><td>1:37.266<\/td><td>+2.993<\/td><td>47<\/td><\/tr><tr><td><strong>11<\/strong><\/td><td>A LINDBLAD<\/td><td>Racing Bulls<\/td><td>1:37.470<\/td><td>+3.197<\/td><td>83<\/td><\/tr><tr><td><strong>12<\/strong><\/td><td>C SAINZ<\/td><td>Williams Mercedes<\/td><td>1:37.592<\/td><td>+3.319<\/td><td>69<\/td><\/tr><tr><td><strong>13<\/strong><\/td><td>L LAWSON<\/td><td>Racing Bulls<\/td><td>1:38.017<\/td><td>+3.744<\/td><td>50<\/td><\/tr><tr><td><strong>14<\/strong><\/td><td>F ALONSO<\/td><td>Aston Martin Honda<\/td><td>1:38.248<\/td><td>+3.975<\/td><td>98<\/td><\/tr><tr><td><strong>15<\/strong><\/td><td>S P\u00c9REZ<\/td><td>Cadillac Ferrari<\/td><td>1:38.653<\/td><td>+4.380<\/td><td>42<\/td><\/tr><tr><td><strong>16<\/strong><\/td><td>A K ANTONELLI<\/td><td>Mercedes<\/td><td>\u00a0Sin tiempos<\/td><td>&nbsp;<\/td><td>3<\/td><\/tr><tr><td><strong>17<\/strong><\/td><td>M VERSTAPPEN<\/td><td>Red Bull RBPT Ford<\/td><td>\u00a0Sin tiempos<\/td><td>&nbsp;<\/td><td>&nbsp;0<\/td><\/tr><tr><td><strong>18<\/strong><\/td><td>L STROLL<\/td><td>Aston Martin Honda<\/td><td>\u00a0Sin tiempos<\/td><td>&nbsp;<\/td><td>&nbsp;0<\/td><\/tr><tr><td><strong>19<\/strong><\/td><td>E OCON<\/td><td>Haas Ferrari<\/td><td>Sin tiempos<\/td><td>&nbsp;<\/td><td>&nbsp;0<\/td><\/tr><tr><td><strong>20<\/strong><\/td><td>F COLAPINTO<\/td><td>Alpine Mercedes<\/td><td>Sin tiempos<\/td><td>&nbsp;<\/td><td>&nbsp;0<\/td><\/tr><tr><td><strong>21<\/strong><\/td><td>L HAMILTON<\/td><td>Ferrari<\/td><td>\u00a0Sin tiempos<\/td><td>&nbsp;<\/td><td>&nbsp;0<\/td><\/tr><tr><td><strong>22<\/strong><\/td><td>O PIASTRI<\/td><td>McLaren Mercedes<\/td><td>Sin tiempos<\/td><td>&nbsp;<\/td><td>&nbsp;0<\/td><\/tr><\/tbody><\/table><\/figure>\n\n\n\n<p class=\"wp-block-paragraph\"><\/p>\n","protected":false},"excerpt":{"rendered":"<p>Charles Leclerc termin\u00f3 como el m\u00e1s r\u00e1pido en el segundo d\u00eda de pretemporada de la F\u00f3rmula 1 en Bahr\u00e9in. Lando Norris y Ollie Bearman completaron los tres primeros lugares.<\/p>\n","protected":false},"author":0,"featured_media":1010392269,"comment_status":"closed","ping_status":"closed","sticky":false,"template":"","format":"standard","meta":{"42wp_featured_image_caption":"","42wp_featured_image_credits":"","42wp_featured_video":"","42wp_featured_image_hidden":false,"42wp_authors_list":[],"footnotes":""},"categories":[5],"tags":[247,181,1680,185,179,269,197,206],"42wp_author":[14223],"class_list":["post-2705","post","type-post","status-publish","format-standard","has-post-thumbnail","hentry","category-f1","tag-charles-leclerc","tag-f1","tag-f1-2026","tag-ferrari","tag-formula-1","tag-mclaren","tag-mercedes","tag-red-bull","42wp_author-esteban-nieto"],"_links":{"self":[{"href":"https:\/\/grandepremio.com\/es\/wp-json\/wp\/v2\/posts\/2705","targetHints":{"allow":["GET"]}}],"collection":[{"href":"https:\/\/grandepremio.com\/es\/wp-json\/wp\/v2\/posts"}],"about":[{"href":"https:\/\/grandepremio.com\/es\/wp-json\/wp\/v2\/types\/post"}],"replies":[{"embeddable":true,"href":"https:\/\/grandepremio.com\/es\/wp-json\/wp\/v2\/comments?post=2705"}],"version-history":[{"count":0,"href":"https:\/\/grandepremio.com\/es\/wp-json\/wp\/v2\/posts\/2705\/revisions"}],"wp:featuredmedia":[{"embeddable":true,"href":"https:\/\/grandepremio.com\/es\/wp-json\/wp\/v2\/media\/1010392269"}],"wp:attachment":[{"href":"https:\/\/grandepremio.com\/es\/wp-json\/wp\/v2\/media?parent=2705"}],"wp:term":[{"taxonomy":"category","embeddable":true,"href":"https:\/\/grandepremio.com\/es\/wp-json\/wp\/v2\/categories?post=2705"},{"taxonomy":"post_tag","embeddable":true,"href":"https:\/\/grandepremio.com\/es\/wp-json\/wp\/v2\/tags?post=2705"},{"taxonomy":"42wp_author","embeddable":true,"href":"https:\/\/grandepremio.com\/es\/wp-json\/wp\/v2\/42wp_author?post=2705"}],"curies":[{"name":"wp","href":"https:\/\/api.w.org\/{rel}","templated":true}]}}