{"id":2742,"date":"2026-02-10T16:05:36","date_gmt":"2026-02-10T19:05:36","guid":{"rendered":"https:\/\/grandepremio.com\/es\/2026\/02\/10\/formula-3-tests-barcelona-colnaghi\/"},"modified":"2026-02-10T16:12:13","modified_gmt":"2026-02-10T19:12:13","slug":"formula-3-tests-barcelona-colnaghi","status":"publish","type":"post","link":"https:\/\/grandepremio.com\/es\/f3\/formula-3-tests-barcelona-colnaghi\/","title":{"rendered":"Slater lidera primer d\u00eda de los tests de F3 en Barcelona; Colnaghi es 15\u00b0"},"content":{"rendered":"\n<p class=\"wp-block-paragraph\">Con el argentino <strong>Mattia Colnaghi <\/strong>en el 15\u00b0 lugar, la <strong>F\u00f3rmula 3 <\/strong>concluy\u00f3 este martes el primer d\u00eda de pruebas de pretemporada en <strong>Barcelona.<\/strong> Una de las grandes sensaciones de la categor\u00eda, <strong>Freddie Slater,<\/strong> registr\u00f3 un tiempo de 1m28s411 y coloc\u00f3 a<strong> Trident<\/strong> en lo m\u00e1s alto de la tabla de tiempos, 0s331 segundos m\u00e1s r\u00e1pido que <strong>Kanato Le<\/strong>, de <strong>ART.<\/strong><\/p>\n\n\n\n<p class=\"wp-block-paragraph\">Debido a que la pista estaba ligeramente mojada durante la sesi\u00f3n matutina, los pilotos tuvieron que calzar neum\u00e1ticos de lluvia, con<strong> Louis Sharp<\/strong> abriendo la sesi\u00f3n y marcando 1m43s903. Sin embargo, <strong>Th\u00e9ophile Na\u00ebl<\/strong> no tard\u00f3 en saltar al primer puesto, con 1m43s188, mientras que <strong>Ugo Ugochukwu<\/strong>, que recientemente gan\u00f3 el t\u00edtulo de la <strong>F\u00f3rmula Regional de Ocean\u00eda<\/strong>, se coloc\u00f3 segundo.<\/p>\n\n\n\n<p class=\"wp-block-paragraph\">El brasile\u00f1o <strong>Fernando Barrichello<\/strong> fue el responsable de la primera bandera roja de las pruebas de F3, ya que su AIX se detuvo en la curva 10 del circuito de Catalu\u00f1a. Finalmente, <strong>Jin Nakamura<\/strong> marc\u00f3 1m36s795 en el cron\u00f3metro para terminar en primera posici\u00f3n, con <strong>Tim Tramnitz y Brando Badoer<\/strong> completando el top 3. En esta instancia, Colnaghi dio muy pocos giros, sin marcar tiempos de vuelta relevantes.<\/p>\n\n\n\n<figure class=\"wp-block-image size-full\"><img decoding=\"async\" src=\"https:\/\/grandepremio.com\/cdn-cgi\/image\/width=893,height=558,fit=contain,gravity=0.5x0.5,quality=75,format=webp\/es\/wp-content\/uploads\/2026\/02\/image-6.png\" alt=\"\" class=\"wp-image-391914\"\/><figcaption class=\"wp-element-caption\">Mattia Colnaghi fue 15, con un despiste incluido. (Foto: Dutch Photo Agency)<\/figcaption><\/figure>\n\n\n\n<p class=\"wp-block-paragraph\">En condiciones de pista seca, los pilotos comenzaron la sesi\u00f3n vespertina con neum\u00e1ticos duros. <strong>Taito Kato <\/strong>r\u00e1pidamente marc\u00f3 el ritmo con un tiempo de 1m29s118, solo 0s016 segundos m\u00e1s r\u00e1pido que <strong>Tuukka Taponen<\/strong>. Tras la primera tanda de vueltas, Le, Ugochukwu y Na\u00ebl completaban los cinco primeros puestos.<\/p>\n\n\n\n<p class=\"wp-block-paragraph\">Minutos m\u00e1s tarde, Le pas\u00f3 al frente con un tiempo de 1m28s742, acompa\u00f1ado por Kato y <strong>Maciej Gladysz,<\/strong> compa\u00f1eros de ART, en los tres primeros lugares. La segunda bandera roja del d\u00eda fue causada por <strong>Enzo Deligny,<\/strong> cuyo VAR se apag\u00f3 en la curva 4, aunque consigui\u00f3 volver a boxes sin mayores problemas.<\/p>\n\n\n\n<p class=\"wp-block-paragraph\">En los \u00faltimos minutos,Slater marc\u00f3 1m28s411 para liderar las actividades, escoltado por Le y Ugochukwu en el el top 3. Colnaghi, por su parte, fue 15\u00b0 a 0s824, con 31 giros en la tanda vespertina. Sin embargo, el argentino termin\u00f3 la actividad en la leca despu\u00e9s de un despiste. <\/p>\n\n\n\n<p class=\"wp-block-paragraph\">La segunda jornada de pruebas de pretemporada de F\u00f3rmula 3 en Barcelona tendr\u00e1 lugar este jueves.<\/p>\n\n\n\n<p class=\"wp-block-paragraph\"><strong>F\u00f3rmula 3 &#8211; Tests de pretemporada &#8211; D\u00eda 1<\/strong><\/p>\n\n\n\n<p class=\"wp-block-paragraph\"><strong> <\/strong><\/p>\n","protected":false},"excerpt":{"rendered":"<p>Freddie Slater fue el m\u00e1s veloz en la primera jornada de pretemporada de la F\u00f3rmula 3 en Barcelona. El argentino Mattia Colnaghi fue 15\u00b0.<\/p>\n","protected":false},"author":0,"featured_media":1010391912,"comment_status":"closed","ping_status":"closed","sticky":false,"template":"","format":"standard","meta":{"42wp_featured_image_caption":"","42wp_featured_image_credits":"","42wp_featured_video":"","42wp_featured_image_hidden":false,"42wp_authors_list":[],"footnotes":""},"categories":[4],"tags":[181,1680,179,10935,11070],"42wp_author":[14223],"class_list":["post-2742","post","type-post","status-publish","format-standard","has-post-thumbnail","hentry","category-f3","tag-f1","tag-f1-2026","tag-formula-1","tag-freddie-slater","tag-mattia-colnaghi","42wp_author-esteban-nieto"],"_links":{"self":[{"href":"https:\/\/grandepremio.com\/es\/wp-json\/wp\/v2\/posts\/2742","targetHints":{"allow":["GET"]}}],"collection":[{"href":"https:\/\/grandepremio.com\/es\/wp-json\/wp\/v2\/posts"}],"about":[{"href":"https:\/\/grandepremio.com\/es\/wp-json\/wp\/v2\/types\/post"}],"replies":[{"embeddable":true,"href":"https:\/\/grandepremio.com\/es\/wp-json\/wp\/v2\/comments?post=2742"}],"version-history":[{"count":0,"href":"https:\/\/grandepremio.com\/es\/wp-json\/wp\/v2\/posts\/2742\/revisions"}],"wp:featuredmedia":[{"embeddable":true,"href":"https:\/\/grandepremio.com\/es\/wp-json\/wp\/v2\/media\/1010391912"}],"wp:attachment":[{"href":"https:\/\/grandepremio.com\/es\/wp-json\/wp\/v2\/media?parent=2742"}],"wp:term":[{"taxonomy":"category","embeddable":true,"href":"https:\/\/grandepremio.com\/es\/wp-json\/wp\/v2\/categories?post=2742"},{"taxonomy":"post_tag","embeddable":true,"href":"https:\/\/grandepremio.com\/es\/wp-json\/wp\/v2\/tags?post=2742"},{"taxonomy":"42wp_author","embeddable":true,"href":"https:\/\/grandepremio.com\/es\/wp-json\/wp\/v2\/42wp_author?post=2742"}],"curies":[{"name":"wp","href":"https:\/\/api.w.org\/{rel}","templated":true}]}}