{"id":2765,"date":"2026-02-09T16:16:16","date_gmt":"2026-02-09T19:16:16","guid":{"rendered":"https:\/\/grandepremio.com\/es\/2026\/02\/09\/perez-habla-shakedown-cadillac-bahrein\/"},"modified":"2026-02-09T16:16:21","modified_gmt":"2026-02-09T19:16:21","slug":"perez-habla-shakedown-cadillac-bahrein","status":"publish","type":"post","link":"https:\/\/grandepremio.com\/es\/f1\/perez-habla-shakedown-cadillac-bahrein\/","title":{"rendered":"P\u00e9rez habla tras participar del shakedown con Cadillac en Bahrein: &#8220;Muestra el esfuerzo&#8221;"},"content":{"rendered":"\n<p class=\"wp-block-paragraph\">El equipo <strong>Cadillac <\/strong>no perdi\u00f3 tiempo luego de haber presentado el dise\u00f1o para la temporada 2026 de la <strong>F\u00f3rmula 1<\/strong> y realiz\u00f3 un shakedown en el circuito de Bahrein con sus dos pilotos para este a\u00f1o, <strong>Valtteri Bottas<\/strong> y <strong>Sergio P\u00e9rez<\/strong>, antes de la continuidad de las pruebas de pretemporada, que se pondr\u00e1 en marcha pasado ma\u00f1ana.<\/p>\n\n\n\n<p class=\"wp-block-paragraph\">\ud83d\udfe5&nbsp;<strong><em>\u00a1Todas las novedades te esperan en el canal de&nbsp;<\/em><\/strong><a href=\"https:\/\/www.youtube.com\/@GrandePremioES\"><em>YouTube<\/em><\/a><strong><em>&nbsp;de Grande Pr\u00eamio en Espa\u00f1ol!<\/em><\/strong>&nbsp;\ud83d\udfe8<\/p>\n\n\n\n<p class=\"wp-block-paragraph\">La escuder\u00eda comandada por <strong>Graeme Lowdon<\/strong> fue el segundo que menos vueltas dio en <strong>Barcelona<\/strong>, en el shakedown de enero, con 164, apenas por delante de <strong>Aston Martin<\/strong>, que alcanz\u00f3 a dar 65 giros con sus corredores. Hay que recordar que los equipos pueden completar hasta 200 kil\u00f3metros fuera de las pruebas autorizadas por la <strong>FIA <\/strong>y con diferentes compuestos de <strong>Pirelli <\/strong>en relaci\u00f3n a los que se usan en las carreras.<\/p>\n\n\n\n<p class=\"wp-block-paragraph\"><strong>Sergio P\u00e9rez<\/strong> brind\u00f3 sus declaraciones despu\u00e9s de haberse subido al auto en la jornada de hoy: <strong>\u201cAyer y hoy marcamos otro paso importante en la trayectoria del equipo en la F1. El lanzamiento de nuestra imagen para la temporada es un momento especial para todos los involucrados, ya que demuestra claramente el esfuerzo que se est\u00e1 poniendo para superar los l\u00edmites al entrar en la categor\u00eda por primera vez. Tenemos una gran oportunidad de aprovechar este impulso durante las pr\u00f3ximas pruebas en Bahrein, mientras seguimos aprendiendo m\u00e1s sobre las capacidades del coche\u201d.<\/strong><\/p>\n\n\n\n<figure class=\"wp-block-embed is-type-video is-provider-youtube wp-block-embed-youtube wp-embed-aspect-16-9 wp-has-aspect-ratio\"><div class=\"wp-block-embed__wrapper\">\n<iframe loading=\"lazy\" title=\"JOSHUA DUERKSEN, LA ESTRELLA EN ASCENSO DE PARAGUAY\" width=\"500\" height=\"281\" src=\"https:\/\/www.youtube.com\/embed\/kGEOxZCtxdI?feature=oembed\" frameborder=\"0\" allow=\"accelerometer; autoplay; clipboard-write; encrypted-media; gyroscope; picture-in-picture; web-share\" referrerpolicy=\"strict-origin-when-cross-origin\" allowfullscreen><\/iframe>\n<\/div><\/figure>\n\n\n\n<p class=\"wp-block-paragraph\">Bottas elogi\u00f3 el trabajo realizado por la escuder\u00eda de <strong>GM <\/strong>para poder girar antes de los test de esta semana: <strong>\u201cPasar de presentar nuestra imagen en el Super Bowl a verla en la pista casi inmediatamente despu\u00e9s es una manera impresionante de comenzar nuestra primera temporada. Hace que todo parezca muy real, y es emocionante ver c\u00f3mo todo el trabajo duro cobra vida\u201d.<\/strong><\/p>\n\n\n\n<p class=\"wp-block-paragraph\">Para el piloto finland\u00e9s, lo m\u00e1s importante es la preparaci\u00f3n para el GP de Australia, que se disputar\u00e1 en menos de un mes: <strong>\u201cEl equipo hizo un trabajo incre\u00edble dise\u00f1ando la primera imagen en la historia de Cadillac. Ahora estamos totalmente concentrados en aprovechar al m\u00e1ximo cada vuelta durante las pruebas de pretemporada para comprender el paquete del coche y prepararnos para llegar a Melbourne en plena forma\u201d.<\/strong><\/p>\n\n\n\n<p class=\"wp-block-paragraph\">\u23e9&nbsp;<strong><em>\u00a1Seguinos en redes por&nbsp;<\/em><\/strong><a href=\"https:\/\/twitter.com\/grandepremioES\"><em>Twitter&nbsp;<\/em><\/a><strong><em>e&nbsp;<\/em><\/strong><a href=\"https:\/\/www.instagram.com\/grandepremioes\/\"><em>Instagram!<br><\/em><\/a>\u23e9&nbsp;<strong><em>Adem\u00e1s, tenemos nuestro&nbsp;<\/em><\/strong><a href=\"https:\/\/whatsapp.com\/channel\/0029VaDZ5zb0gcfDxuwxBM05\"><em>canal de Whatsapp<\/em><\/a><strong><em>&nbsp;con toda la informaci\u00f3n al instante<\/em><\/strong>&nbsp;\ud83c\udfc1<\/p>\n\n\n\n<p class=\"wp-block-paragraph\">La F\u00f3rmula 1 prosigue con los test de pretemporada entre el 11 y el 13 de febrero, ya en el circuito de Bahrein, con la segunda tanda de ensayos del a\u00f1o.<\/p>\n","protected":false},"excerpt":{"rendered":"<p>Sergio P\u00e9rez y Valtteri Bottas salieron a girar en el circuito de Bahrein con el auto de Cadillac, luego de la presentaci\u00f3n de la decoraci\u00f3n del equipo de la F\u00f3rmula 1 para la temporada 2026. <\/p>\n","protected":false},"author":0,"featured_media":1010391742,"comment_status":"closed","ping_status":"closed","sticky":false,"template":"","format":"standard","meta":{"42wp_featured_image_caption":"","42wp_featured_image_credits":"","42wp_featured_video":"","42wp_featured_image_hidden":false,"42wp_authors_list":[],"footnotes":""},"categories":[5],"tags":[209,577,1560,263,179,4907,11211,520,294,252],"42wp_author":[14237],"class_list":["post-2765","post","type-post","status-publish","format-standard","has-post-thumbnail","hentry","category-f1","tag-aston-martin","tag-barcelona","tag-cadillac","tag-fia","tag-formula-1","tag-gm","tag-graeme-lowdon","tag-pirelli","tag-sergio-perez","tag-valtteri-bottas","42wp_author-gabriel-garcia"],"_links":{"self":[{"href":"https:\/\/grandepremio.com\/es\/wp-json\/wp\/v2\/posts\/2765","targetHints":{"allow":["GET"]}}],"collection":[{"href":"https:\/\/grandepremio.com\/es\/wp-json\/wp\/v2\/posts"}],"about":[{"href":"https:\/\/grandepremio.com\/es\/wp-json\/wp\/v2\/types\/post"}],"replies":[{"embeddable":true,"href":"https:\/\/grandepremio.com\/es\/wp-json\/wp\/v2\/comments?post=2765"}],"version-history":[{"count":0,"href":"https:\/\/grandepremio.com\/es\/wp-json\/wp\/v2\/posts\/2765\/revisions"}],"wp:featuredmedia":[{"embeddable":true,"href":"https:\/\/grandepremio.com\/es\/wp-json\/wp\/v2\/media\/1010391742"}],"wp:attachment":[{"href":"https:\/\/grandepremio.com\/es\/wp-json\/wp\/v2\/media?parent=2765"}],"wp:term":[{"taxonomy":"category","embeddable":true,"href":"https:\/\/grandepremio.com\/es\/wp-json\/wp\/v2\/categories?post=2765"},{"taxonomy":"post_tag","embeddable":true,"href":"https:\/\/grandepremio.com\/es\/wp-json\/wp\/v2\/tags?post=2765"},{"taxonomy":"42wp_author","embeddable":true,"href":"https:\/\/grandepremio.com\/es\/wp-json\/wp\/v2\/42wp_author?post=2765"}],"curies":[{"name":"wp","href":"https:\/\/api.w.org\/{rel}","templated":true}]}}