{"id":2766,"date":"2026-02-09T14:36:24","date_gmt":"2026-02-09T17:36:24","guid":{"rendered":"https:\/\/grandepremio.com\/es\/2026\/02\/09\/jefe-mclaren-deja-titulos-presentacion-mcl40-f1-2026\/"},"modified":"2026-02-09T14:36:30","modified_gmt":"2026-02-09T17:36:30","slug":"jefe-mclaren-deja-titulos-presentacion-mcl40-f1-2026","status":"publish","type":"post","link":"https:\/\/grandepremio.com\/es\/f1\/jefe-mclaren-deja-titulos-presentacion-mcl40-f1-2026\/","title":{"rendered":"Jefe de McLaren deja de lado los t\u00edtulos en presentaci\u00f3n del MCL40: &#8220;No cuentan&#8221;"},"content":{"rendered":"\n<p class=\"wp-block-paragraph\"><strong>McLaren <\/strong>present\u00f3 este lunes su dise\u00f1o, no tan nuevo, para la temporada 2026 de la <strong>F\u00f3rmula 1<\/strong>, donde defender\u00e1 los t\u00edtulos del <strong>Mundial de Constructores<\/strong> y del <strong>Mundial de Pilotos<\/strong>, ganador por <strong>Lando Norris<\/strong>, en 2025. <strong>Andrea Stella<\/strong>, el jefe de la escuder\u00eda de <strong>Woking<\/strong>, elogi\u00f3 el trabajo realizado para encarar la nueva era t\u00e9cnica de la categor\u00eda que empieza este a\u00f1o.<\/p>\n\n\n\n<p class=\"wp-block-paragraph\">\ud83d\udfe5&nbsp;<strong><em>\u00a1Todas las novedades te esperan en el canal de&nbsp;<\/em><\/strong><a href=\"https:\/\/www.youtube.com\/@GrandePremioES\"><em>YouTube<\/em><\/a><strong><em>&nbsp;de Grande Pr\u00eamio en Espa\u00f1ol!<\/em><\/strong>&nbsp;\ud83d\udfe8<\/p>\n\n\n\n<p class=\"wp-block-paragraph\">Durante la presentaci\u00f3n del <strong>MCL40<\/strong>, que se llev\u00f3 a cabo en Bahrein, el italiano se\u00f1al\u00f3 que el equipo <em>\u2018papaya\u2019<\/em> tiene un<em> &#8220;nuevo reto&#8221; <\/em>con la introducci\u00f3n del nuevo reglamento t\u00e9cnico de la categor\u00eda y que los logros pasados \u200b\u200b<em>&#8220;ya no cuentan para nada&#8221;<\/em>.<\/p>\n\n\n\n<p class=\"wp-block-paragraph\"><strong>\u201cEs fant\u00e1stico revelar la decoraci\u00f3n del coche para la temporada 2026, el MCL40, en un momento en el que hemos alcanzado un hito importante gracias al incre\u00edble trabajo y la dedicaci\u00f3n del equipo antes del inicio de las carreras de este a\u00f1o, que marca un nuevo reto, con la entrada en una nueva era en la normativa de la F1\u201d,<\/strong> coment\u00f3 el ingeniero.<\/p>\n\n\n\n<figure class=\"wp-block-embed is-type-video is-provider-youtube wp-block-embed-youtube wp-embed-aspect-16-9 wp-has-aspect-ratio\"><div class=\"wp-block-embed__wrapper\">\n<iframe loading=\"lazy\" title=\"JOSHUA DUERKSEN, LA ESTRELLA EN ASCENSO DE PARAGUAY\" width=\"500\" height=\"281\" src=\"https:\/\/www.youtube.com\/embed\/kGEOxZCtxdI?feature=oembed\" frameborder=\"0\" allow=\"accelerometer; autoplay; clipboard-write; encrypted-media; gyroscope; picture-in-picture; web-share\" referrerpolicy=\"strict-origin-when-cross-origin\" allowfullscreen><\/iframe>\n<\/div><\/figure>\n\n\n\n<p class=\"wp-block-paragraph\"><strong>\u201cLa temporada tambi\u00e9n comienza con el equipo como aspirante independiente, enfrent\u00e1ndose a cinco grandes fabricantes que aspiran a la victoria. Si bien se benefician de las lecciones aprendidas del \u00e9xito de los \u00faltimos a\u00f1os, toda la parrilla est\u00e1 empezando desde cero y los logros pasados \u200b\u200bno cuentan para nada\u201d<\/strong>, analiz\u00f3 Stella.<\/p>\n\n\n\n<p class=\"wp-block-paragraph\"><strong>\u201cQueremos empezar con fuerza desde el principio, y contamos con la mejor combinaci\u00f3n posible de equipo, dupla de pilotos, colaboraci\u00f3n con Mercedes HPP, socios y aficionados para hacerlo realidad. Nos centraremos en crear las condiciones necesarias para el \u00e9xito a medida que se acerca el mayor reto hasta la fecha. Deber\u00eda ser una temporada fant\u00e1stica para los aficionados, y la ilusi\u00f3n por empezar es enorme\u201d<\/strong>, concluy\u00f3.<\/p>\n\n\n\n<p class=\"wp-block-paragraph\">\u23e9&nbsp;<strong><em>\u00a1Seguinos en redes por&nbsp;<\/em><\/strong><a href=\"https:\/\/twitter.com\/grandepremioES\"><em>Twitter&nbsp;<\/em><\/a><strong><em>e&nbsp;<\/em><\/strong><a href=\"https:\/\/www.instagram.com\/grandepremioes\/\"><em>Instagram!<br><\/em><\/a>\u23e9&nbsp;<strong><em>Adem\u00e1s, tenemos nuestro&nbsp;<\/em><\/strong><a href=\"https:\/\/whatsapp.com\/channel\/0029VaDZ5zb0gcfDxuwxBM05\"><em>canal de Whatsapp<\/em><\/a><strong><em>&nbsp;con toda la informaci\u00f3n al instante<\/em><\/strong>&nbsp;\ud83c\udfc1<\/p>\n\n\n\n<p class=\"wp-block-paragraph\">La F\u00f3rmula 1 prosigue con los test de pretemporada entre el 11 y el 13 de febrero, ya en el circuito de Bahrein, con la segunda tanda de ensayos del a\u00f1o.<\/p>\n","protected":false},"excerpt":{"rendered":"<p>El director de McLaren, Andrea Stella, elogi\u00f3 la dedicaci\u00f3n del equipo en la construcci\u00f3n del monoplaza y destac\u00f3 el reto del equipo de intentar defender sus t\u00edtulos mundiales logrados el a\u00f1o pasado en la temporada 2026 de la F\u00f3rmula 1. <\/p>\n","protected":false},"author":0,"featured_media":1010391722,"comment_status":"closed","ping_status":"closed","sticky":false,"template":"","format":"standard","meta":{"42wp_featured_image_caption":"","42wp_featured_image_credits":"","42wp_featured_video":"","42wp_featured_image_hidden":false,"42wp_authors_list":[],"footnotes":""},"categories":[5],"tags":[4497,179,268,13722,269,1203,1517,2646],"42wp_author":[14237],"class_list":["post-2766","post","type-post","status-publish","format-standard","has-post-thumbnail","hentry","category-f1","tag-andrea-stella","tag-formula-1","tag-lando-norris","tag-mcl40","tag-mclaren","tag-mundial-de-constructores","tag-mundial-de-pilotos","tag-woking","42wp_author-gabriel-garcia"],"_links":{"self":[{"href":"https:\/\/grandepremio.com\/es\/wp-json\/wp\/v2\/posts\/2766","targetHints":{"allow":["GET"]}}],"collection":[{"href":"https:\/\/grandepremio.com\/es\/wp-json\/wp\/v2\/posts"}],"about":[{"href":"https:\/\/grandepremio.com\/es\/wp-json\/wp\/v2\/types\/post"}],"replies":[{"embeddable":true,"href":"https:\/\/grandepremio.com\/es\/wp-json\/wp\/v2\/comments?post=2766"}],"version-history":[{"count":0,"href":"https:\/\/grandepremio.com\/es\/wp-json\/wp\/v2\/posts\/2766\/revisions"}],"wp:featuredmedia":[{"embeddable":true,"href":"https:\/\/grandepremio.com\/es\/wp-json\/wp\/v2\/media\/1010391722"}],"wp:attachment":[{"href":"https:\/\/grandepremio.com\/es\/wp-json\/wp\/v2\/media?parent=2766"}],"wp:term":[{"taxonomy":"category","embeddable":true,"href":"https:\/\/grandepremio.com\/es\/wp-json\/wp\/v2\/categories?post=2766"},{"taxonomy":"post_tag","embeddable":true,"href":"https:\/\/grandepremio.com\/es\/wp-json\/wp\/v2\/tags?post=2766"},{"taxonomy":"42wp_author","embeddable":true,"href":"https:\/\/grandepremio.com\/es\/wp-json\/wp\/v2\/42wp_author?post=2766"}],"curies":[{"name":"wp","href":"https:\/\/api.w.org\/{rel}","templated":true}]}}