{"id":2768,"date":"2026-02-09T13:56:41","date_gmt":"2026-02-09T16:56:41","guid":{"rendered":"https:\/\/grandepremio.com\/es\/2026\/02\/09\/norris-expresa-ansiedad-nueva-fase-formula-1\/"},"modified":"2026-02-09T14:19:08","modified_gmt":"2026-02-09T17:19:08","slug":"norris-expresa-ansiedad-nueva-fase-formula-1","status":"publish","type":"post","link":"https:\/\/grandepremio.com\/es\/f1\/norris-expresa-ansiedad-nueva-fase-formula-1\/","title":{"rendered":"Norris expresa su ansiedad ante la &#8220;nueva fase de la F\u00f3rmula 1&#8221; y advierte: &#8220;Estoy listo&#8221;"},"content":{"rendered":"\n<p class=\"wp-block-paragraph\">Ha comenzado una semana importante para la <strong>F\u00f3rmula 1,<\/strong> no solamente por los test de pretemporada en <strong>Bahrein<\/strong>, que comenzar\u00e1n el mi\u00e9rcoles, sino que se present\u00f3 el dise\u00f1o del equipo <strong>McLaren<\/strong>, el vigente monarca del <strong>Mundial de Constructores<\/strong> y de pilotos, con <strong>Lando Norris<\/strong>.<\/p>\n\n\n\n<p class=\"wp-block-paragraph\">\ud83d\udfe5&nbsp;<strong><em>\u00a1Todas las novedades te esperan en el canal de&nbsp;<\/em><\/strong><a href=\"https:\/\/www.youtube.com\/@GrandePremioES\"><em>YouTube<\/em><\/a><strong><em>&nbsp;de Grande Pr\u00eamio en Espa\u00f1ol!<\/em><\/strong>&nbsp;\ud83d\udfe8<\/p>\n\n\n\n<p class=\"wp-block-paragraph\">Para la <strong>F1 2026<\/strong>, no hay grandes cambios de colores, por lo que se mantiene el color <em>\u201cpapaya\u201d<\/em> que viene caracterizando al equipo de <strong>Woking <\/strong>en los \u00faltimos a\u00f1os. El piloto brit\u00e1nico ofreci\u00f3 declaraciones durante el evento de presentaci\u00f3n del monoplaza y dijo que ya tiene ganas de subirse al auto nuevamente.<\/p>\n\n\n\n<p class=\"wp-block-paragraph\"><strong>&#8220;Es un placer estar de vuelta en Bahrein para revelar la decoraci\u00f3n de esta temporada. El dise\u00f1o es excelente y estoy emocionado de seguir compitiendo con estos colores que fueron parte de nuestro \u00e9xito el a\u00f1o pasado. Ganar el campeonato con el equipo con el que he estado desde el principio de mi carrera fue incre\u00edble. Llegamos a este a\u00f1o como campeones del mundo y estoy deseando ver qu\u00e9 puedo hacer en esta nueva etapa de la F\u00f3rmula 1\u201d<\/strong>, coment\u00f3 Lando.<\/p>\n\n\n\n<figure class=\"wp-block-embed is-type-video is-provider-youtube wp-block-embed-youtube wp-embed-aspect-16-9 wp-has-aspect-ratio\"><div class=\"wp-block-embed__wrapper\">\n<iframe loading=\"lazy\" title=\"JOSHUA DUERKSEN, LA ESTRELLA EN ASCENSO DE PARAGUAY\" width=\"500\" height=\"281\" src=\"https:\/\/www.youtube.com\/embed\/kGEOxZCtxdI?feature=oembed\" frameborder=\"0\" allow=\"accelerometer; autoplay; clipboard-write; encrypted-media; gyroscope; picture-in-picture; web-share\" referrerpolicy=\"strict-origin-when-cross-origin\" allowfullscreen><\/iframe>\n<\/div><\/figure>\n\n\n\n<p class=\"wp-block-paragraph\"><strong>\u201cQuiero agradecer a todos los que participaron en la construcci\u00f3n de este coche. Gracias a todos los aficionados que nos acompa\u00f1an semana tras semana y tambi\u00e9n a nuestros socios por su apoyo. Estoy listo para este a\u00f1o y estoy deseando volver a la pista para seguir dando lo mejor de m\u00ed\u201d<\/strong>, concluy\u00f3 Norris.<\/p>\n\n\n\n<p class=\"wp-block-paragraph\">De cara a la nueva era de motores de la F1, McLaren continuar\u00e1 con la colaboraci\u00f3n con <strong>Mercedes<\/strong>, que solo se interrumpi\u00f3 con la llegada de <strong>Honda<\/strong>, en 2015, y el cambio a <strong>Renault <\/strong>en 2018, y utilizaron el renovado t\u00fanel de viento de la sede de Woking para dise\u00f1ar el <strong>MCL40<\/strong>. Bajo el liderazgo del director del equipo, <strong>Andrea Stella<\/strong>, y el CEO, <strong>Zak Brown<\/strong>, el equipo brit\u00e1nico llega a la nueva temporada con una estructura t\u00e9cnica refinada, considerada una referencia en la categor\u00eda.<\/p>\n\n\n\n<p class=\"wp-block-paragraph\">\u23e9&nbsp;<strong><em>\u00a1Seguinos en redes por&nbsp;<\/em><\/strong><a href=\"https:\/\/twitter.com\/grandepremioES\"><em>Twitter&nbsp;<\/em><\/a><strong><em>e&nbsp;<\/em><\/strong><a href=\"https:\/\/www.instagram.com\/grandepremioes\/\"><em>Instagram!<br><\/em><\/a>\u23e9&nbsp;<strong><em>Adem\u00e1s, tenemos nuestro&nbsp;<\/em><\/strong><a href=\"https:\/\/whatsapp.com\/channel\/0029VaDZ5zb0gcfDxuwxBM05\"><em>canal de Whatsapp<\/em><\/a><strong><em>&nbsp;con toda la informaci\u00f3n al instante<\/em><\/strong>&nbsp;\ud83c\udfc1<\/p>\n\n\n\n<p class=\"wp-block-paragraph\">La F\u00f3rmula 1 prosigue con los test de pretemporada entre el 11 y el 13 de febrero, ya en el circuito de Bahrein, con la segunda tanda de ensayos del a\u00f1o.<\/p>\n","protected":false},"excerpt":{"rendered":"<p>El actual campe\u00f3n mundial de F\u00f3rmula 1, Lando Norris, record\u00f3 los cambios en el reglamento para la temporada 2026 y se\u00f1al\u00f3 que est\u00e1 ansioso por volver a las pistas con el nuevo McLaren.<\/p>\n","protected":false},"author":0,"featured_media":1010391701,"comment_status":"closed","ping_status":"closed","sticky":false,"template":"","format":"standard","meta":{"42wp_featured_image_caption":"","42wp_featured_image_credits":"","42wp_featured_video":"","42wp_featured_image_hidden":false,"42wp_authors_list":[],"footnotes":""},"categories":[5],"tags":[4497,1092,1680,179,221,268,13722,269,197,1203,210,2646,328],"42wp_author":[14237],"class_list":["post-2768","post","type-post","status-publish","format-standard","has-post-thumbnail","hentry","category-f1","tag-andrea-stella","tag-bahrein","tag-f1-2026","tag-formula-1","tag-honda","tag-lando-norris","tag-mcl40","tag-mclaren","tag-mercedes","tag-mundial-de-constructores","tag-renault","tag-woking","tag-zak-brown","42wp_author-gabriel-garcia"],"_links":{"self":[{"href":"https:\/\/grandepremio.com\/es\/wp-json\/wp\/v2\/posts\/2768","targetHints":{"allow":["GET"]}}],"collection":[{"href":"https:\/\/grandepremio.com\/es\/wp-json\/wp\/v2\/posts"}],"about":[{"href":"https:\/\/grandepremio.com\/es\/wp-json\/wp\/v2\/types\/post"}],"replies":[{"embeddable":true,"href":"https:\/\/grandepremio.com\/es\/wp-json\/wp\/v2\/comments?post=2768"}],"version-history":[{"count":0,"href":"https:\/\/grandepremio.com\/es\/wp-json\/wp\/v2\/posts\/2768\/revisions"}],"wp:featuredmedia":[{"embeddable":true,"href":"https:\/\/grandepremio.com\/es\/wp-json\/wp\/v2\/media\/1010391701"}],"wp:attachment":[{"href":"https:\/\/grandepremio.com\/es\/wp-json\/wp\/v2\/media?parent=2768"}],"wp:term":[{"taxonomy":"category","embeddable":true,"href":"https:\/\/grandepremio.com\/es\/wp-json\/wp\/v2\/categories?post=2768"},{"taxonomy":"post_tag","embeddable":true,"href":"https:\/\/grandepremio.com\/es\/wp-json\/wp\/v2\/tags?post=2768"},{"taxonomy":"42wp_author","embeddable":true,"href":"https:\/\/grandepremio.com\/es\/wp-json\/wp\/v2\/42wp_author?post=2768"}],"curies":[{"name":"wp","href":"https:\/\/api.w.org\/{rel}","templated":true}]}}