{"id":2792,"date":"2026-02-08T11:52:35","date_gmt":"2026-02-08T14:52:35","guid":{"rendered":"https:\/\/grandepremio.com\/es\/2026\/02\/08\/nico-hulkenberg-objetivos-audi-victoria-temporada-2026-f1\/"},"modified":"2026-02-08T11:53:04","modified_gmt":"2026-02-08T14:53:04","slug":"nico-hulkenberg-objetivos-audi-victoria-temporada-2026-f1","status":"publish","type":"post","link":"https:\/\/grandepremio.com\/es\/f1\/nico-hulkenberg-objetivos-audi-victoria-temporada-2026-f1\/","title":{"rendered":"H\u00fclkenberg aspira a ganar una carrera con Audi: &#8220;Debo aprovechar las oportunidades&#8221;"},"content":{"rendered":"\n<p class=\"wp-block-paragraph\"><strong>Nico H\u00fclkenberg<\/strong> lleg\u00f3 a la temporada 2026 de <strong>F\u00f3rmula 1<\/strong> con un objetivo claro en mente: ganar una carrera. El piloto ya ha disputado 250 etapas en su carrera, pero nunca ha subido al escal\u00f3n m\u00e1s alto del podio en esta categor\u00eda. <\/p>\n\n\n\n<p class=\"wp-block-paragraph\">\ud83d\udfe5&nbsp;<strong><em>\u00a1Todas las novedades te esperan en el canal de&nbsp;<\/em><\/strong><a href=\"https:\/\/www.youtube.com\/@GrandePremioES\"><em>YouTube<\/em><\/a><strong><em>&nbsp;de Grande Pr\u00eamio en Espa\u00f1ol!<\/em><\/strong>&nbsp;\ud83d\udfe8<\/p>\n\n\n\n<p class=\"wp-block-paragraph\">De hecho, hasta 2025 ni siquiera hab\u00eda subido al podio, pero consigui\u00f3 el tercer puesto en el <strong>GP de Gran Breta\u00f1a<\/strong> y cambi\u00f3 esta situaci\u00f3n. Ahora, con <strong>Audi<\/strong>, la expectativa es \u00abmaximizar las oportunidades\u00bb para hacer realidad este nuevo sue\u00f1o.<\/p>\n\n\n\n<p class=\"wp-block-paragraph\">A pesar de tener un objetivo bien definido, el alem\u00e1n sigue con los pies en la tierra. <strong>H\u00fclkenberg <\/strong>se\u00f1al\u00f3 que lo que suceder\u00e1 en la pista depender\u00e1 de lo competitivo que sea el equipo. Las expectativas, l\u00f3gicamente, son altas, pero nada se puede dar por sentado antes de que los coches aceleren en la apertura de la temporada, en el <strong>Gran Premio de Australia<\/strong>, en marzo.<\/p>\n\n\n\n<p class=\"wp-block-paragraph\">\u00abEl sue\u00f1o es este: ganar una carrera. El podio ya est\u00e1 hecho. Ganar una carrera es una meta, un objetivo, un sue\u00f1o. Se trata de maximizar las oportunidades que tengo, el potencial que tiene el coche, simplemente maximizarlo\u00bb, declar\u00f3 <strong>H\u00fclkenberg<\/strong>.<\/p>\n\n\n\n<p class=\"wp-block-paragraph\">\u23e9\u00a0<strong><em>\u00a1Seguinos en redes por\u00a0<\/em><\/strong><a href=\"https:\/\/twitter.com\/grandepremioES\"><em>Twitter\u00a0<\/em><\/a><strong><em>e\u00a0<\/em><\/strong><a href=\"https:\/\/www.instagram.com\/grandepremioes\/\"><em>Instagram!<\/em><\/a><br>\u23e9\u00a0<strong><em>Adem\u00e1s, tenemos nuestro\u00a0<\/em><\/strong><a href=\"https:\/\/whatsapp.com\/channel\/0029VaDZ5zb0gcfDxuwxBM05\"><em>canal de Whatsapp<\/em><\/a><strong><em>\u00a0con toda la informaci\u00f3n al instante<\/em><\/strong>\u00a0\ud83c\udfc1<\/p>\n\n\n\n<figure class=\"wp-block-image size-full\"><img decoding=\"async\" src=\"https:\/\/grandepremio.com\/es\/wp-content\/uploads\/..\/gp_br_uploads\/2026\/01\/A261657_medium-1.jpg\" alt=\"\" class=\"wp-image-389922\"\/><figcaption class=\"wp-element-caption\">Nico H\u00fclkenberg reconoce que Audi tiene un largo camino por recorrer en la F1 (Foto: Audi)<\/figcaption><\/figure>\n\n\n\n<p class=\"wp-block-paragraph\">\u00abObviamente, todo depende de d\u00f3nde empecemos, de lo competitivos que seamos este a\u00f1o. A\u00fan as\u00ed, no lo sabemos en comparaci\u00f3n con hace 10 minutos. Por supuesto que ser\u00eda un sue\u00f1o hecho realidad, pero tenemos que ser un poco m\u00e1s pacientes y ver d\u00f3nde estamos despu\u00e9s de la salida\u00bb, a\u00f1adi\u00f3.<\/p>\n\n\n\n<p class=\"wp-block-paragraph\">\u00abQuiero las dos cosas [el \u00e9xito personal y garantizar un futuro consistente para <strong>Audi<\/strong>], quiero ayudar en el proyecto y ser un recurso valioso. Al mismo tiempo, quiero el m\u00e1ximo \u00e9xito posible para mi carrera y tambi\u00e9n para el equipo\u00bb, concluy\u00f3.<\/p>\n\n\n\n<p class=\"wp-block-paragraph\"><strong>H\u00fclkenberg<\/strong> termin\u00f3 la temporada 2025 de <strong>F1 <\/strong>en el puesto 11 del <strong>Campeonato Mundial de Pilotos<\/strong>, con 51 puntos acumulados. <strong>Sauber<\/strong>, como se llamaba el equipo hasta el a\u00f1o pasado, sum\u00f3 70 puntos y termin\u00f3 la campa\u00f1a en noveno lugar entre los <strong>Constructores<\/strong>.<\/p>\n\n\n\n<p class=\"wp-block-paragraph\">Tras las pruebas colectivas en&nbsp;<strong>Barcelona<\/strong>, los equipos tendr\u00e1n dos semanas para regresar a las f\u00e1bricas y trabajar con los datos recopilados en los \u00faltimos d\u00edas. Los coches volver\u00e1n a la pista entre el 11 y 13 de febrero, durante las pruebas de pretemporada en&nbsp;<strong>Bahrein<\/strong>.<\/p>\n\n\n\n<figure class=\"wp-block-embed is-type-video is-provider-youtube wp-block-embed-youtube wp-embed-aspect-16-9 wp-has-aspect-ratio\"><div class=\"wp-block-embed__wrapper\">\n<iframe loading=\"lazy\" title=\"JOSHUA DUERKSEN, LA ESTRELLA EN ASCENSO DE PARAGUAY\" width=\"500\" height=\"281\" src=\"https:\/\/www.youtube.com\/embed\/kGEOxZCtxdI?feature=oembed\" frameborder=\"0\" allow=\"accelerometer; autoplay; clipboard-write; encrypted-media; gyroscope; picture-in-picture; web-share\" referrerpolicy=\"strict-origin-when-cross-origin\" allowfullscreen><\/iframe>\n<\/div><\/figure>\n","protected":false},"excerpt":{"rendered":"<p>Nico H\u00fclkenberg afirm\u00f3 que ganar es \u00abel sue\u00f1o\u00bb, pero se mantuvo realista y dijo que nada se puede dar por hecho antes de que la temporada de F1 comience<\/p>\n","protected":false},"author":0,"featured_media":1010391474,"comment_status":"closed","ping_status":"closed","sticky":false,"template":"","format":"standard","meta":{"42wp_featured_image_caption":"","42wp_featured_image_credits":"","42wp_featured_video":"","42wp_featured_image_hidden":false,"42wp_authors_list":[],"footnotes":""},"categories":[5],"tags":[612,181,1680,179,2429,1488,8588,4010],"42wp_author":[14239],"class_list":["post-2792","post","type-post","status-publish","format-standard","has-post-thumbnail","hentry","category-f1","tag-audi","tag-f1","tag-f1-2026","tag-formula-1","tag-formula-1-2026","tag-grande-premio","tag-nico-hlkenberg","tag-temporada-2026-f1","42wp_author-jp-otrosky"],"_links":{"self":[{"href":"https:\/\/grandepremio.com\/es\/wp-json\/wp\/v2\/posts\/2792","targetHints":{"allow":["GET"]}}],"collection":[{"href":"https:\/\/grandepremio.com\/es\/wp-json\/wp\/v2\/posts"}],"about":[{"href":"https:\/\/grandepremio.com\/es\/wp-json\/wp\/v2\/types\/post"}],"replies":[{"embeddable":true,"href":"https:\/\/grandepremio.com\/es\/wp-json\/wp\/v2\/comments?post=2792"}],"version-history":[{"count":0,"href":"https:\/\/grandepremio.com\/es\/wp-json\/wp\/v2\/posts\/2792\/revisions"}],"wp:featuredmedia":[{"embeddable":true,"href":"https:\/\/grandepremio.com\/es\/wp-json\/wp\/v2\/media\/1010391474"}],"wp:attachment":[{"href":"https:\/\/grandepremio.com\/es\/wp-json\/wp\/v2\/media?parent=2792"}],"wp:term":[{"taxonomy":"category","embeddable":true,"href":"https:\/\/grandepremio.com\/es\/wp-json\/wp\/v2\/categories?post=2792"},{"taxonomy":"post_tag","embeddable":true,"href":"https:\/\/grandepremio.com\/es\/wp-json\/wp\/v2\/tags?post=2792"},{"taxonomy":"42wp_author","embeddable":true,"href":"https:\/\/grandepremio.com\/es\/wp-json\/wp\/v2\/42wp_author?post=2792"}],"curies":[{"name":"wp","href":"https:\/\/api.w.org\/{rel}","templated":true}]}}