{"id":2805,"date":"2026-02-07T13:35:57","date_gmt":"2026-02-07T16:35:57","guid":{"rendered":"https:\/\/grandepremio.com\/es\/2026\/02\/07\/perez-anticipa-comienzo-dificil-celebra-regreso-f1\/"},"modified":"2026-02-07T13:36:01","modified_gmt":"2026-02-07T16:36:01","slug":"perez-anticipa-comienzo-dificil-celebra-regreso-f1","status":"publish","type":"post","link":"https:\/\/grandepremio.com\/es\/f1\/perez-anticipa-comienzo-dificil-celebra-regreso-f1\/","title":{"rendered":"P\u00e9rez anticipa un comienzo dif\u00edcil, pero celebra su regreso a la F1 con Cadillac: &#8220;Es un sue\u00f1o&#8221;"},"content":{"rendered":"\n<p class=\"wp-block-paragraph\"><strong>Cadillac <\/strong>llega este a\u00f1o a la<strong> F\u00f3rmula 1<\/strong> y se aproxima su presentaci\u00f3n oficial ma\u00f1ana por la noche en el entretiempo del <strong>S\u00faper Bowl LX<\/strong> que se jugar\u00e1 en Santa Clara, California, el partido decisivo de la <strong>NFL<\/strong>, la liga de f\u00fatbol americano, que es el evento m\u00e1s visto en Estados Unidos y que tiene millones de espectadores a nivel mundial.<\/p>\n\n\n\n<p class=\"wp-block-paragraph\">\ud83d\udfe5&nbsp;<strong><em>\u00a1Todas las novedades te esperan en el canal de&nbsp;<\/em><\/strong><a href=\"https:\/\/www.youtube.com\/@GrandePremioES\"><em>YouTube<\/em><\/a><strong><em>&nbsp;de Grande Pr\u00eamio en Espa\u00f1ol!<\/em><\/strong>&nbsp;\ud83d\udfe8<\/p>\n\n\n\n<p class=\"wp-block-paragraph\"><strong>Sergio P\u00e9rez<\/strong> ya palpita su regreso con el equipo de <strong>General Motors<\/strong> a la F1 tras un a\u00f1o sin competir por su despido a finales de 2024 del equipo <strong>Red Bull<\/strong>. El piloto mexicano brind\u00f3 sus primeras sensaciones: <strong>&#8220;Me siento bien, muy motivado y con mucha ilusi\u00f3n de empezar junto a todo el equipo. Llevamos meses de preparaci\u00f3n y, poco a poco, estamos descubriendo muchas cosas. Pero volver a la F\u00f3rmula 1 con una marca como Cadillac es un sue\u00f1o para m\u00ed&#8221;.<\/strong><\/p>\n\n\n\n<p class=\"wp-block-paragraph\"><strong>\u201cTodos los que conocen la F\u00f3rmula 1 saben que este es un proyecto a largo plazo. No podemos olvidar que los equipos son grandes organizaciones que llevan a\u00f1os compitiendo al m\u00e1s alto nivel. Para nosotros, sin duda, esto es algo completamente nuevo. Al principio ser\u00e1 complicado, pero conf\u00edo plenamente en que podremos avanzar r\u00e1pidamente\u201d,<\/strong> coment\u00f3 P\u00e9rez.<\/p>\n\n\n\n<figure class=\"wp-block-embed is-type-video is-provider-youtube wp-block-embed-youtube wp-embed-aspect-16-9 wp-has-aspect-ratio\"><div class=\"wp-block-embed__wrapper\">\n<iframe loading=\"lazy\" title=\"JOSHUA DUERKSEN, LA ESTRELLA EN ASCENSO DE PARAGUAY\" width=\"500\" height=\"281\" src=\"https:\/\/www.youtube.com\/embed\/kGEOxZCtxdI?feature=oembed\" frameborder=\"0\" allow=\"accelerometer; autoplay; clipboard-write; encrypted-media; gyroscope; picture-in-picture; web-share\" referrerpolicy=\"strict-origin-when-cross-origin\" allowfullscreen><\/iframe>\n<\/div><\/figure>\n\n\n\n<p class=\"wp-block-paragraph\"><strong>\u201cDesde el momento en que me sub\u00ed al coche durante el shakedown, ya vimos muchas \u00e1reas en las que podemos evolucionar. Ahora estamos trabajando duro para llegar lo mejor preparados posibles a las pruebas de Bar\u00e9in\u201d,<\/strong> concluy\u00f3 el compa\u00f1ero de <em>Valtteri Bottas<\/em>.<\/p>\n\n\n\n<p class=\"wp-block-paragraph\">\u23e9&nbsp;<strong><em>\u00a1Seguinos en redes por&nbsp;<\/em><\/strong><a href=\"https:\/\/twitter.com\/grandepremioES\"><em>Twitter&nbsp;<\/em><\/a><strong><em>e&nbsp;<\/em><\/strong><a href=\"https:\/\/www.instagram.com\/grandepremioes\/\"><em>Instagram!<br><\/em><\/a>\u23e9&nbsp;<strong><em>Adem\u00e1s, tenemos nuestro&nbsp;<\/em><\/strong><a href=\"https:\/\/whatsapp.com\/channel\/0029VaDZ5zb0gcfDxuwxBM05\"><em>canal de Whatsapp<\/em><\/a><strong><em>&nbsp;con toda la informaci\u00f3n al instante<\/em><\/strong>&nbsp;\ud83c\udfc1<\/p>\n\n\n\n<p class=\"wp-block-paragraph\">La F\u00f3rmula 1 prosigue con los test de pretemporada entre el 11 y el 13 de febrero, ya en el circuito de Bahrein, con la segunda tanda de ensayos del a\u00f1o.<\/p>\n","protected":false},"excerpt":{"rendered":"<p>Sergio P\u00e9rez elogi\u00f3 formar parte del proyecto Cadillac en la F\u00f3rmula 1 y destac\u00f3 las mejoras realizadas tras las pruebas en el circuito de Barcelona, que dio inicio a la pretemporada de 2026. <\/p>\n","protected":false},"author":0,"featured_media":1010391369,"comment_status":"closed","ping_status":"closed","sticky":false,"template":"","format":"standard","meta":{"42wp_featured_image_caption":"","42wp_featured_image_credits":"","42wp_featured_video":"","42wp_featured_image_hidden":false,"42wp_authors_list":[],"footnotes":""},"categories":[5],"tags":[1560,179,4892,2667,206,294,13772,252],"42wp_author":[14237],"class_list":["post-2805","post","type-post","status-publish","format-standard","has-post-thumbnail","hentry","category-f1","tag-cadillac","tag-formula-1","tag-general-motors","tag-nfl","tag-red-bull","tag-sergio-perez","tag-super-bowl-lx","tag-valtteri-bottas","42wp_author-gabriel-garcia"],"_links":{"self":[{"href":"https:\/\/grandepremio.com\/es\/wp-json\/wp\/v2\/posts\/2805","targetHints":{"allow":["GET"]}}],"collection":[{"href":"https:\/\/grandepremio.com\/es\/wp-json\/wp\/v2\/posts"}],"about":[{"href":"https:\/\/grandepremio.com\/es\/wp-json\/wp\/v2\/types\/post"}],"replies":[{"embeddable":true,"href":"https:\/\/grandepremio.com\/es\/wp-json\/wp\/v2\/comments?post=2805"}],"version-history":[{"count":0,"href":"https:\/\/grandepremio.com\/es\/wp-json\/wp\/v2\/posts\/2805\/revisions"}],"wp:featuredmedia":[{"embeddable":true,"href":"https:\/\/grandepremio.com\/es\/wp-json\/wp\/v2\/media\/1010391369"}],"wp:attachment":[{"href":"https:\/\/grandepremio.com\/es\/wp-json\/wp\/v2\/media?parent=2805"}],"wp:term":[{"taxonomy":"category","embeddable":true,"href":"https:\/\/grandepremio.com\/es\/wp-json\/wp\/v2\/categories?post=2805"},{"taxonomy":"post_tag","embeddable":true,"href":"https:\/\/grandepremio.com\/es\/wp-json\/wp\/v2\/tags?post=2805"},{"taxonomy":"42wp_author","embeddable":true,"href":"https:\/\/grandepremio.com\/es\/wp-json\/wp\/v2\/42wp_author?post=2805"}],"curies":[{"name":"wp","href":"https:\/\/api.w.org\/{rel}","templated":true}]}}