{"id":2812,"date":"2026-02-07T10:15:51","date_gmt":"2026-02-07T13:15:51","guid":{"rendered":"https:\/\/grandepremio.com\/es\/2026\/02\/07\/marc-marquez-advierte-ritmo-carrera-malasia\/"},"modified":"2026-02-07T12:18:14","modified_gmt":"2026-02-07T15:18:14","slug":"marc-marquez-advierte-ritmo-carrera-malasia","status":"publish","type":"post","link":"https:\/\/grandepremio.com\/es\/motogp\/marc-marquez-advierte-ritmo-carrera-malasia\/","title":{"rendered":"Marc M\u00e1rquez advierte por ritmo de carrera tras test en Malasia: &#8220;3s m\u00e1s lento que \u00c1lex&#8221;"},"content":{"rendered":"\n<p class=\"wp-block-paragraph\">Han concluido los primeros test de <strong>MotoGP <\/strong>para 2026 en el circuito de <strong>Sepang<\/strong>, donde <strong>Marc M\u00e1rquez<\/strong> encabez\u00f3 la tabla de tiempos en una de las tres jornadas de ensayos y, si bien aprob\u00f3 su rendimiento luego de volver de su brutal lesi\u00f3n en el <strong>GP de Indonesia<\/strong> del a\u00f1o pasado, admiti\u00f3 que es m\u00e1s lento que su hermano \u00c1lex.<\/p>\n\n\n\n<p class=\"wp-block-paragraph\">\ud83d\udfe5&nbsp;<strong><em>\u00a1Todas las novedades te esperan en el canal de&nbsp;<\/em><\/strong><a href=\"https:\/\/www.youtube.com\/@GrandePremioES\"><em>YouTube<\/em><\/a><strong><em>&nbsp;de Grande Pr\u00eamio en Espa\u00f1ol!<\/em><\/strong>&nbsp;\ud83d\udfe8<\/p>\n\n\n\n<p class=\"wp-block-paragraph\">Aunque las comparaciones en los test siempre son complejas debido a las diferencias en los neum\u00e1ticos y los vol\u00famenes de combustible adoptados por los equipos, el \u00faltimo d\u00eda incluy\u00f3 simulaciones de carreras sprint con la mayor\u00eda de los pilotos punteros y all\u00ed el piloto de <strong>Ducati <\/strong>fue m\u00e1s lento que <strong>\u00c1lex M\u00e1rquez<\/strong> y <strong>Francesco Bagnaia<\/strong>.<\/p>\n\n\n\n<p class=\"wp-block-paragraph\"><strong>&#8220;No estuvo mal, pero 3 segundos m\u00e1s lento que \u00c1lex, as\u00ed que\u2026Fue una buena simulaci\u00f3n y, como era de esperar, no fue extremadamente r\u00e1pida. Pero el final fue bueno. El pilotaje estuvo a un buen nivel, as\u00ed que se podr\u00eda decir que fue un d\u00eda intenso, pero se cumpli\u00f3 todo lo planeado<\/strong>&#8220;, dijo el campe\u00f3n del mundo una vez que termin\u00f3 el test en Malasia.<\/p>\n\n\n\n<figure class=\"wp-block-embed is-type-video is-provider-youtube wp-block-embed-youtube wp-embed-aspect-16-9 wp-has-aspect-ratio\"><div class=\"wp-block-embed__wrapper\">\n<iframe loading=\"lazy\" title=\"JOSHUA DUERKSEN, LA ESTRELLA EN ASCENSO DE PARAGUAY\" width=\"500\" height=\"281\" src=\"https:\/\/www.youtube.com\/embed\/kGEOxZCtxdI?feature=oembed\" frameborder=\"0\" allow=\"accelerometer; autoplay; clipboard-write; encrypted-media; gyroscope; picture-in-picture; web-share\" referrerpolicy=\"strict-origin-when-cross-origin\" allowfullscreen><\/iframe>\n<\/div><\/figure>\n\n\n\n<p class=\"wp-block-paragraph\">Por otro lado, Marc dijo que aun tienen que entender los cambios que hicieron sobre la moto en diferentes puestas a punto que probaron: &#8220;<strong>Las piezas que mejor se sintieron durante los tres d\u00edas fueron las mismas que se usaron en la simulaci\u00f3n de la carrera sprint. Pero a\u00fan necesitamos comprender m\u00e1s aspectos en Tailandia, especialmente en el aspecto aerodin\u00e1mico. Este fue el primer filtro. Luego, en la prueba de Tailandia, solo tendremos dos d\u00edas y abordaremos las cosas que a\u00fan generan dudas, pero que funcionaron bien&#8221;.<\/strong><\/p>\n\n\n\n<p class=\"wp-block-paragraph\">La suma de los tiempos por vuelta, en diez giros completados, que suele ser la distancia de las carreras sprint del <strong>Mundial de Motociclismo<\/strong>, arroj\u00f3 como resultado a \u00c1lex M\u00e1rquez primeros, 1.3s m\u00e1s r\u00e1pido que Bagnaia y 2.6s delante de su hermano. Si bien es prematuro sacar conclusiones, el piloto de <strong>Gresini <\/strong>puede sacar ventajas de la moto de este a\u00f1o que maneja, la <strong>Desmosedici GP26<\/strong>.<\/p>\n\n\n\n<p class=\"wp-block-paragraph\">Por \u00faltimo, el compa\u00f1ero de <em>Pecco Bagnaia<\/em> traz\u00f3 el objetivo de volver a ser campe\u00f3n: <strong>&#8220;Voy a intentar volver a luchar contra mi compa\u00f1ero de equipo, mi hermano y los dem\u00e1s pilotos. Para m\u00ed, lo m\u00e1s importante es generar esta reacci\u00f3n en la gente, \u00bfsabes? Pasamos temporadas muy dif\u00edciles en a\u00f1os anteriores, pero el a\u00f1o pasado me un\u00ed a Ducati con una moto incre\u00edble y volvimos a ser campeones del mundo. Hicimos una prueba muy buena y era muy importante volver a sentir el rendimiento de la moto, as\u00ed que estoy muy contento y con ganas de volver a competi&#8221;.<\/strong><\/p>\n\n\n\n<p class=\"wp-block-paragraph\">\u23e9&nbsp;<strong><em>\u00a1Seguinos en redes por&nbsp;<\/em><\/strong><a href=\"https:\/\/twitter.com\/grandepremioES\"><em>Twitter&nbsp;<\/em><\/a><strong><em>e&nbsp;<\/em><\/strong><a href=\"https:\/\/www.instagram.com\/grandepremioes\/\"><em>Instagram!<br><\/em><\/a>\u23e9&nbsp;<strong><em>Adem\u00e1s, tenemos nuestro&nbsp;<\/em><\/strong><a href=\"https:\/\/whatsapp.com\/channel\/0029VaDZ5zb0gcfDxuwxBM05\"><em>canal de Whatsapp<\/em><\/a><strong><em>&nbsp;con toda la informaci\u00f3n al instante<\/em><\/strong>&nbsp;\ud83c\udfc1<\/p>\n\n\n\n<p class=\"wp-block-paragraph\">MotoGP regresa a la pista entre el 21 y el 22 de febrero para las pruebas de pretemporada en Buriram, Tailandia. GRANDE PR\u00caMIO en espa\u00f1ol ofrece una cobertura completa de todas las actividades de la categor\u00eda reina.<\/p>\n","protected":false},"excerpt":{"rendered":"<p>Marc M\u00e1rquez regres\u00f3 a la pista tras cuatro meses de ausencia y, a pesar de aprobar lo realizado en los test de Malasia, admiti\u00f3 un retraso en comparaci\u00f3n con \u00c1lex M\u00e1rquez.<\/p>\n","protected":false},"author":0,"featured_media":1010391302,"comment_status":"closed","ping_status":"closed","sticky":false,"template":"","format":"standard","meta":{"42wp_featured_image_caption":"","42wp_featured_image_credits":"","42wp_featured_video":"","42wp_featured_image_hidden":false,"42wp_authors_list":[],"footnotes":""},"categories":[8],"tags":[2929,12949,1340,1376,1640,2055,1392,1293,1764,2077],"42wp_author":[14237],"class_list":["post-2812","post","type-post","status-publish","format-standard","has-post-thumbnail","hentry","category-motogp","tag-alex-marquez-3","tag-desmosedici-gp26","tag-ducati","tag-francesco-bagnaia","tag-gp-de-indonesia","tag-gresini","tag-marc-marquez-2","tag-motogp","tag-mundial-de-motociclismo","tag-sepang","42wp_author-gabriel-garcia"],"_links":{"self":[{"href":"https:\/\/grandepremio.com\/es\/wp-json\/wp\/v2\/posts\/2812","targetHints":{"allow":["GET"]}}],"collection":[{"href":"https:\/\/grandepremio.com\/es\/wp-json\/wp\/v2\/posts"}],"about":[{"href":"https:\/\/grandepremio.com\/es\/wp-json\/wp\/v2\/types\/post"}],"replies":[{"embeddable":true,"href":"https:\/\/grandepremio.com\/es\/wp-json\/wp\/v2\/comments?post=2812"}],"version-history":[{"count":0,"href":"https:\/\/grandepremio.com\/es\/wp-json\/wp\/v2\/posts\/2812\/revisions"}],"wp:featuredmedia":[{"embeddable":true,"href":"https:\/\/grandepremio.com\/es\/wp-json\/wp\/v2\/media\/1010391302"}],"wp:attachment":[{"href":"https:\/\/grandepremio.com\/es\/wp-json\/wp\/v2\/media?parent=2812"}],"wp:term":[{"taxonomy":"category","embeddable":true,"href":"https:\/\/grandepremio.com\/es\/wp-json\/wp\/v2\/categories?post=2812"},{"taxonomy":"post_tag","embeddable":true,"href":"https:\/\/grandepremio.com\/es\/wp-json\/wp\/v2\/tags?post=2812"},{"taxonomy":"42wp_author","embeddable":true,"href":"https:\/\/grandepremio.com\/es\/wp-json\/wp\/v2\/42wp_author?post=2812"}],"curies":[{"name":"wp","href":"https:\/\/api.w.org\/{rel}","templated":true}]}}