{"id":2815,"date":"2026-02-07T09:00:00","date_gmt":"2026-02-07T12:00:00","guid":{"rendered":"https:\/\/grandepremio.com\/es\/2026\/02\/07\/director-porsche-encantado-gen4-predice-formula-e\/"},"modified":"2026-02-06T16:41:02","modified_gmt":"2026-02-06T19:41:02","slug":"director-porsche-encantado-gen4-predice-formula-e","status":"publish","type":"post","link":"https:\/\/grandepremio.com\/es\/formula-e\/director-porsche-encantado-gen4-predice-formula-e\/","title":{"rendered":"Director de Porsche est\u00e1 encantado con el Gen4 y predice una &#8220;revoluci\u00f3n&#8221; en F\u00f3rmula E"},"content":{"rendered":"\n<p class=\"wp-block-paragraph\">Las primeras pruebas del <strong>Gen4 <\/strong>en el circuito espa\u00f1ol de Almer\u00eda han dejado conforme a <strong>Porsche<\/strong>, no solo a <strong>Pascal Wehrlein<\/strong>, sino que, adem\u00e1s, al director del fabricante alem\u00e1n, <strong>Florian Modlinger<\/strong>. La <strong>F\u00f3rmula E<\/strong> introducir\u00e1 un nuevo auto, con mayor potencia, de 600 kW, tracci\u00f3n total permanente y una mayor carga aerodin\u00e1mica.<\/p>\n\n\n\n<p class=\"wp-block-paragraph\">\ud83d\udfe5&nbsp;<strong><em>\u00a1Todas las novedades te esperan en el canal de&nbsp;<\/em><\/strong><a href=\"https:\/\/www.youtube.com\/@GrandePremioES\"><em>YouTube<\/em><\/a><strong><em>&nbsp;de Grande Pr\u00eamio en Espa\u00f1ol!<\/em><\/strong>&nbsp;\ud83d\udfe8<\/p>\n\n\n\n<p class=\"wp-block-paragraph\">Seg\u00fan Modlinger, el nivel de eficiencia del sistema actual que tiene la categor\u00eda el\u00e9ctrica ya se acerca al l\u00edmite t\u00e9cnico. Aun as\u00ed, destac\u00f3 que el aumento de rendimiento para la pr\u00f3xima generaci\u00f3n es significativo.<\/p>\n\n\n\n<p class=\"wp-block-paragraph\"><strong>\u201cCon los coches actuales, la eficiencia de nuestro sistema de propulsi\u00f3n supera el 97 %. Se desperdicia menos del 3 % de energ\u00eda, algo cercano a la perfecci\u00f3n y una ventaja fundamental de la propulsi\u00f3n el\u00e9ctrica. Al mismo tiempo, los 600 kW de potencia de los nuevos modelos representan un aumento del 71 % en comparaci\u00f3n con lo que tenemos actualmente con el Modo Ataque. En general, creo que se puede hablar de una revoluci\u00f3n\u201d<\/strong>, afirm\u00f3 el directivo.<\/p>\n\n\n\n<figure class=\"wp-block-embed is-type-video is-provider-youtube wp-block-embed-youtube wp-embed-aspect-16-9 wp-has-aspect-ratio\"><div class=\"wp-block-embed__wrapper\">\n<iframe loading=\"lazy\" title=\"JOSHUA DUERKSEN, LA ESTRELLA EN ASCENSO DE PARAGUAY\" width=\"500\" height=\"281\" src=\"https:\/\/www.youtube.com\/embed\/kGEOxZCtxdI?feature=oembed\" frameborder=\"0\" allow=\"accelerometer; autoplay; clipboard-write; encrypted-media; gyroscope; picture-in-picture; web-share\" referrerpolicy=\"strict-origin-when-cross-origin\" allowfullscreen><\/iframe>\n<\/div><\/figure>\n\n\n\n<p class=\"wp-block-paragraph\"><a href=\"https:\/\/grandepremio.com\/es\/formula-e\/wehrlein-afirma-gen4-abrira-ojos-formula-e\/\" target=\"_blank\" rel=\"noreferrer noopener\">Wehrlein resalt\u00f3 tras los ensayos la importancia de tener m\u00e1s carga aerodin\u00e1mica en el monoplaza y asegur\u00f3 que la F\u00f3rmula E atraer\u00e1 a m\u00e1s fan\u00e1ticos por la sorpresa de ver autos de carrera el\u00e9ctricos que sean r\u00e1pidos,<\/a> sobre todo en las curvas de alta velocidad, que se da por el alto nivel de eficiencia mencionado por Modlinger.<\/p>\n\n\n\n<p class=\"wp-block-paragraph\">Porsche participa en las primeras pruebas para desarrollar el nuevo Gen4, junto con <strong>Nissan<\/strong>, <strong>Jaguar<\/strong>, <strong>Stellantis<\/strong> y <strong>Lola<\/strong>. <strong>Mahindra<\/strong> fue el \u00faltimo fabricante en anunciar su presencia, por lo que aun no ha recibido todo el equipamiento necesario para probar la nueva generaci\u00f3n de autos. \u00a0<\/p>\n\n\n\n<p class=\"wp-block-paragraph\">Modlinger destac\u00f3, por \u00faltimo, el impacto emocional del primer contacto con el nuevo coche en acci\u00f3n:<strong> \u201cVer el coche en la pista por primera vez, con esta aceleraci\u00f3n, fue un placer enorme. Agradezco al equipo de desarrollo este hito en el proyecto\u201d.<\/strong><\/p>\n\n\n\n<p class=\"wp-block-paragraph\">\u23e9&nbsp;<strong><em>\u00a1Seguinos en redes por&nbsp;<\/em><\/strong><a href=\"https:\/\/twitter.com\/grandepremioES\"><em>Twitter&nbsp;<\/em><\/a><strong><em>e&nbsp;<\/em><\/strong><a href=\"https:\/\/www.instagram.com\/grandepremioes\/\"><em>Instagram!<br><\/em><\/a>\u23e9&nbsp;<strong><em>Adem\u00e1s, tenemos nuestro&nbsp;<\/em><\/strong><a href=\"https:\/\/whatsapp.com\/channel\/0029VaDZ5zb0gcfDxuwxBM05\"><em>canal de Whatsapp<\/em><\/a><strong><em>&nbsp;con toda la informaci\u00f3n al instante<\/em><\/strong>&nbsp;\ud83c\udfc1<\/p>\n\n\n\n<p class=\"wp-block-paragraph\">La F\u00f3rmula E volver\u00e1 a las pistas entre el 12 y el 14 de febrero para la primera fecha doble de la temporada 2025\/2026 con el eP de Jeddah.<\/p>\n","protected":false},"excerpt":{"rendered":"<p>El director de Porsche en F\u00f3rmula E, Florian Modlinger, elogi\u00f3 la eficiencia del Gen3 Evo, pero se mostr\u00f3 impresionado con los modelos Gen4 tras las pruebas iniciales en Espa\u00f1a.<\/p>\n","protected":false},"author":0,"featured_media":1010391271,"comment_status":"closed","ping_status":"closed","sticky":false,"template":"","format":"standard","meta":{"42wp_featured_image_caption":"","42wp_featured_image_credits":"","42wp_featured_video":"","42wp_featured_image_hidden":false,"42wp_authors_list":[],"footnotes":""},"categories":[18],"tags":[10037,462,7233,2442,10049,2443,756,2213,308,9571],"42wp_author":[14237],"class_list":["post-2815","post","type-post","status-publish","format-standard","has-post-thumbnail","hentry","category-formula-e","tag-florian-modlinger","tag-formula-e","tag-gen4","tag-jaguar","tag-lola","tag-mahindra","tag-nissan","tag-pascal-wehrlein","tag-porsche","tag-stellantis","42wp_author-gabriel-garcia"],"_links":{"self":[{"href":"https:\/\/grandepremio.com\/es\/wp-json\/wp\/v2\/posts\/2815","targetHints":{"allow":["GET"]}}],"collection":[{"href":"https:\/\/grandepremio.com\/es\/wp-json\/wp\/v2\/posts"}],"about":[{"href":"https:\/\/grandepremio.com\/es\/wp-json\/wp\/v2\/types\/post"}],"replies":[{"embeddable":true,"href":"https:\/\/grandepremio.com\/es\/wp-json\/wp\/v2\/comments?post=2815"}],"version-history":[{"count":0,"href":"https:\/\/grandepremio.com\/es\/wp-json\/wp\/v2\/posts\/2815\/revisions"}],"wp:featuredmedia":[{"embeddable":true,"href":"https:\/\/grandepremio.com\/es\/wp-json\/wp\/v2\/media\/1010391271"}],"wp:attachment":[{"href":"https:\/\/grandepremio.com\/es\/wp-json\/wp\/v2\/media?parent=2815"}],"wp:term":[{"taxonomy":"category","embeddable":true,"href":"https:\/\/grandepremio.com\/es\/wp-json\/wp\/v2\/categories?post=2815"},{"taxonomy":"post_tag","embeddable":true,"href":"https:\/\/grandepremio.com\/es\/wp-json\/wp\/v2\/tags?post=2815"},{"taxonomy":"42wp_author","embeddable":true,"href":"https:\/\/grandepremio.com\/es\/wp-json\/wp\/v2\/42wp_author?post=2815"}],"curies":[{"name":"wp","href":"https:\/\/api.w.org\/{rel}","templated":true}]}}