{"id":2870,"date":"2026-02-04T09:16:11","date_gmt":"2026-02-04T12:16:11","guid":{"rendered":"https:\/\/grandepremio.com\/es\/2026\/02\/04\/yamaha-ausencia-test-pretemporada-motogp-malasia-problemas-motor-v4\/"},"modified":"2026-02-04T09:16:15","modified_gmt":"2026-02-04T12:16:15","slug":"yamaha-ausencia-test-pretemporada-motogp-malasia-problemas-motor-v4","status":"publish","type":"post","link":"https:\/\/grandepremio.com\/es\/motogp\/yamaha-ausencia-test-pretemporada-motogp-malasia-problemas-motor-v4\/","title":{"rendered":"Yamaha suspende las pruebas en Malasia tras un problema t\u00e9cnico con su nueva moto V4"},"content":{"rendered":"\n<p class=\"wp-block-paragraph\"><strong>Yamaha <\/strong>decidi\u00f3 suspender temporalmente las pruebas con la nueva <strong>V4 <\/strong>durante la pretemporada de <strong>MotoGP <\/strong>en <strong>Malasia <\/strong>y no sali\u00f3 a la pista este mi\u00e9rcoles. El equipo japon\u00e9s opt\u00f3 por mantener a todos los pilotos en los boxes para investigar un problema t\u00e9cnico detectado en <strong>Sepang<\/strong>.<\/p>\n\n\n\n<p class=\"wp-block-paragraph\">\ud83d\udfe5&nbsp;<strong><em>\u00a1Todas las novedades te esperan en el canal de&nbsp;<\/em><\/strong><a href=\"https:\/\/www.youtube.com\/@GrandePremioES\"><em>YouTube<\/em><\/a><strong><em>&nbsp;de Grande Pr\u00eamio en Espa\u00f1ol!<\/em><\/strong>&nbsp;\ud83d\udfe8<\/p>\n\n\n\n<p class=\"wp-block-paragraph\">\u00abEl equipo sigue investigando el problema t\u00e9cnico de ayer. Por precauci\u00f3n, y hasta que se completen todas las verificaciones, las pruebas se suspenden temporalmente. Esperamos reanudar las pruebas lo antes posible\u00bb, revel\u00f3 la marca al portal <em>Crash<\/em>.<\/p>\n\n\n\n<p class=\"wp-block-paragraph\">La situaci\u00f3n se volvi\u00f3 a\u00fan m\u00e1s delicada despu\u00e9s de que <strong>Fabio Quartararo<\/strong> se fracturara uno de los dedos de la mano durante una ca\u00edda en el primer d\u00eda de pruebas y tuviera que ser excluido de la actividad.<\/p>\n\n\n\n<p class=\"wp-block-paragraph\">Aunque el problema t\u00e9cnico, que seg\u00fan <em>Crash <\/em>se produjo en el motor, no tuvo relaci\u00f3n con la ca\u00edda del franc\u00e9s, el equipo de <strong>Iwata <\/strong>decidi\u00f3 preservar la salud del #20 y centrarse en la primera carrera de la temporada, en <strong>Tailandia<\/strong>. <strong>Quartararo <\/strong>explic\u00f3 que hubo un problema en el sistema electr\u00f3nico de la moto durante el martes y minimiz\u00f3 el impacto de su ausencia en los dos \u00faltimos d\u00edas de pruebas.<\/p>\n\n\n\n<p class=\"wp-block-paragraph\">\u00abPor supuesto, dos d\u00edas m\u00e1s habr\u00edan sido estupendos para la electr\u00f3nica y el mapeo, pero creo que hemos hecho m\u00e1s que suficiente. Decidimos parar porque ya hab\u00edamos probado bastante durante el shakedown. Dividimos muchos elementos entre los cuatro pilotos, as\u00ed que decidimos parar e intentar estar al 100 % para <strong>Buriram<\/strong>\u00bb, declar\u00f3 el piloto de <strong>Yamaha<\/strong>.<\/p>\n\n\n\n<p class=\"wp-block-paragraph\">\u23e9\u00a0<strong><em>\u00a1Seguinos en redes por\u00a0<\/em><\/strong><a href=\"https:\/\/twitter.com\/grandepremioES\"><em>Twitter\u00a0<\/em><\/a><strong><em>e\u00a0<\/em><\/strong><a href=\"https:\/\/www.instagram.com\/grandepremioes\/\"><em>Instagram!<\/em><\/a><br>\u23e9\u00a0<strong><em>Adem\u00e1s, tenemos nuestro\u00a0<\/em><\/strong><a href=\"https:\/\/whatsapp.com\/channel\/0029VaDZ5zb0gcfDxuwxBM05\"><em>canal de Whatsapp<\/em><\/a><strong><em>\u00a0con toda la informaci\u00f3n al instante<\/em><\/strong>\u00a0\ud83c\udfc1<\/p>\n\n\n\n<figure class=\"wp-block-image size-large\"><img decoding=\"async\" src=\"https:\/\/grandepremio.com\/es\/wp-content\/uploads\/2026\/02\/AFP__20260203__94WU9DR__v1__MidRes__MotoPrixMasTesting-1-1024x683.jpg\" alt=\"\" class=\"wp-image-390845\"\/><figcaption class=\"wp-element-caption\">Fabio Quartararo sufri\u00f3 una fractura y debi\u00f3 abandonar las pruebas de pretemporada de MotoGP en Malasia (Foto: AFP)<\/figcaption><\/figure>\n\n\n\n<p class=\"wp-block-paragraph\"><strong>Max Bartolini<\/strong>, director t\u00e9cnico de <strong>Yamaha<\/strong>, explic\u00f3 los motivos por los que el equipo japon\u00e9s suspendi\u00f3 su participaci\u00f3n en el segundo d\u00eda de pruebas oficiales de <strong>MotoGP <\/strong>en <strong>Malasia<\/strong>. Aunque no mencion\u00f3 espec\u00edficamente qu\u00e9 provoc\u00f3 la decisi\u00f3n, el directivo se\u00f1al\u00f3 que la idea es volver a la pista ma\u00f1ana para finalizar las actividades y recopilar el m\u00e1ximo de datos posible para potenciar el rendimiento de la nueva <strong>Yamaha V4<\/strong> antes de su debut en <strong>Buriram<\/strong>.<\/p>\n\n\n\n<p class=\"wp-block-paragraph\">\u00abDescubrimos cu\u00e1l podr\u00eda ser el problema, pero no encontramos una soluci\u00f3n clara. Tenemos algunas ideas, pero, teniendo en cuenta la seguridad de los pilotos, decidimos que, antes de volver a la pista, ten\u00edamos que entender realmente cu\u00e1l era el problema y qu\u00e9 deb\u00edamos hacer para estar m\u00e1s seguros\u00bb, explic\u00f3 <strong>Bartolini<\/strong>.<\/p>\n\n\n\n<p class=\"wp-block-paragraph\">\u00abDecidimos no correr hoy, seguir investigando e intentar encontrar una soluci\u00f3n para ma\u00f1ana. Esperamos encontrar una buena soluci\u00f3n esta noche y poder correr ma\u00f1ana. Solo es el segundo d\u00eda, despu\u00e9s queda el tercero, y esperamos encontrar la soluci\u00f3n. Estamos en contacto con la f\u00e1brica en <strong>Jap\u00f3n <\/strong>y con el personal de <strong>Italia <\/strong>para entender qu\u00e9 pas\u00f3\u00bb, a\u00f1adi\u00f3 el directivo.<\/p>\n\n\n\n<p class=\"wp-block-paragraph\"><strong>Bartolini <\/strong>revel\u00f3 que el problema t\u00e9cnico que aquej\u00f3 a las motos de la marca japonesa se encuentra en el motor, pero evit\u00f3 entrar en detalles y solo mencion\u00f3 que el accidente de <strong>Quartararo <\/strong>complic\u00f3 &#8220;a\u00fan m\u00e1s&#8221; la situaci\u00f3n.<\/p>\n\n\n\n<figure class=\"wp-block-image size-large\"><img decoding=\"async\" src=\"https:\/\/grandepremio.com\/es\/wp-content\/uploads\/2026\/02\/yfr_editorial_use_pictures_202135619539-1200x800-1-1024x683.jpg\" alt=\"\" class=\"wp-image-390846\"\/><figcaption class=\"wp-element-caption\">Yamaha espera solucionar el problema en la nueva moto para completar la pretemporada y llegar de la mejor manera al primer GP de la temporada 2026 (Foto: Yamaha)<\/figcaption><\/figure>\n\n\n\n<p class=\"wp-block-paragraph\">\u00abSabemos cu\u00e1l es el problema. Lo que estamos tratando de averiguar es qu\u00e9 lo caus\u00f3, porque si supi\u00e9ramos exactamente la causa, ya sabr\u00edamos si podemos seguir adelante o no. Eso es lo que estamos tratando de entender. Tenemos una idea de lo que lo caus\u00f3, pero necesitamos la confirmaci\u00f3n de la f\u00e1brica\u00bb, dijo.<\/p>\n\n\n\n<p class=\"wp-block-paragraph\">\u00abObviamente, es un gran rev\u00e9s. Hubo el shakedown, claro, con los pilotos titulares, pero sumado a la lesi\u00f3n de <strong>Quartararo<\/strong>, claramente no es la forma ideal de continuar la pretemporada. S\u00ed, claro, hubiera sido mejor no tener problemas y poder aprovechar todo el tiempo en pista\u00bb, lament\u00f3.<\/p>\n\n\n\n<p class=\"wp-block-paragraph\">\u00abNuestro plan era ajustar mejor la moto, acostumbrarnos a ella, porque es una moto completamente nueva, incluso para nosotros. Pasamos mucho tiempo tratando de utilizar piezas nuevas y, para los pilotos, siempre es muy dif\u00edcil probar muchas cosas en poco tiempo. Estos dos d\u00edas estaban planeados para ajustar el paquete y dejar que los pilotos corrieran, y desafortunadamente eso no fue posible\u00bb, concluy\u00f3.<\/p>\n\n\n\n<p class=\"wp-block-paragraph\"><strong>El MotoGP arrancar\u00e1 la temporada 2026 el 1 de marzo, con el GP de Tailandia.<\/strong><\/p>\n\n\n\n<figure class=\"wp-block-embed is-type-video is-provider-youtube wp-block-embed-youtube wp-embed-aspect-16-9 wp-has-aspect-ratio\"><div class=\"wp-block-embed__wrapper\">\n<iframe loading=\"lazy\" title=\"LAS 5 CLAVES DE LA PRETEMPORADA DE F1 2026 EN BARCELONA\" width=\"500\" height=\"281\" src=\"https:\/\/www.youtube.com\/embed\/66odrImDab4?feature=oembed\" frameborder=\"0\" allow=\"accelerometer; autoplay; clipboard-write; encrypted-media; gyroscope; picture-in-picture; web-share\" referrerpolicy=\"strict-origin-when-cross-origin\" allowfullscreen><\/iframe>\n<\/div><\/figure>\n","protected":false},"excerpt":{"rendered":"<p>Yamaha decidi\u00f3 suspender las actividades en Sepang para investigar un problema t\u00e9cnico detectado en la nueva moto. El equipo inform\u00f3 que pretende reanudar las pruebas \u00ablo antes posible\u00bb.<\/p>\n","protected":false},"author":0,"featured_media":1001055404,"comment_status":"closed","ping_status":"closed","sticky":false,"template":"","format":"standard","meta":{"42wp_featured_image_caption":"","42wp_featured_image_credits":"","42wp_featured_video":"","42wp_featured_image_hidden":false,"42wp_authors_list":[],"footnotes":""},"categories":[8],"tags":[1395,1581,3341,1306,1488,1383,9918,1293,8591,1363,10693,3820,1309],"42wp_author":[14239],"class_list":["post-2870","post","type-post","status-publish","format-standard","has-post-thumbnail","hentry","category-motogp","tag-alex-rins","tag-andrea-dovizioso","tag-augusto-fernandez","tag-fabio-quartararo","tag-grande-premio","tag-jack-miller","tag-max-bartolini","tag-motogp","tag-motogp-2026","tag-pramac","tag-temporada-2026-motogp","tag-toprak-razgatlioglu","tag-yamaha","42wp_author-jp-otrosky"],"_links":{"self":[{"href":"https:\/\/grandepremio.com\/es\/wp-json\/wp\/v2\/posts\/2870","targetHints":{"allow":["GET"]}}],"collection":[{"href":"https:\/\/grandepremio.com\/es\/wp-json\/wp\/v2\/posts"}],"about":[{"href":"https:\/\/grandepremio.com\/es\/wp-json\/wp\/v2\/types\/post"}],"replies":[{"embeddable":true,"href":"https:\/\/grandepremio.com\/es\/wp-json\/wp\/v2\/comments?post=2870"}],"version-history":[{"count":0,"href":"https:\/\/grandepremio.com\/es\/wp-json\/wp\/v2\/posts\/2870\/revisions"}],"wp:featuredmedia":[{"embeddable":true,"href":"https:\/\/grandepremio.com\/es\/wp-json\/wp\/v2\/media\/1001055404"}],"wp:attachment":[{"href":"https:\/\/grandepremio.com\/es\/wp-json\/wp\/v2\/media?parent=2870"}],"wp:term":[{"taxonomy":"category","embeddable":true,"href":"https:\/\/grandepremio.com\/es\/wp-json\/wp\/v2\/categories?post=2870"},{"taxonomy":"post_tag","embeddable":true,"href":"https:\/\/grandepremio.com\/es\/wp-json\/wp\/v2\/tags?post=2870"},{"taxonomy":"42wp_author","embeddable":true,"href":"https:\/\/grandepremio.com\/es\/wp-json\/wp\/v2\/42wp_author?post=2870"}],"curies":[{"name":"wp","href":"https:\/\/api.w.org\/{rel}","templated":true}]}}