{"id":2902,"date":"2026-02-02T11:49:27","date_gmt":"2026-02-02T14:49:27","guid":{"rendered":"https:\/\/grandepremio.com\/es\/2026\/02\/02\/bezzecchi-renueva-union-aprilia-motogp-2028\/"},"modified":"2026-02-02T11:49:31","modified_gmt":"2026-02-02T14:49:31","slug":"bezzecchi-renueva-union-aprilia-motogp-2028","status":"publish","type":"post","link":"https:\/\/grandepremio.com\/es\/motogp\/bezzecchi-renueva-union-aprilia-motogp-2028\/","title":{"rendered":"Bezzecchi renueva su uni\u00f3n con Aprilia hasta la temporada 2028 de MotoGP"},"content":{"rendered":"\n<p class=\"wp-block-paragraph\">En el medio de los rumores del mercado de pases de pilotos de <strong>MotoGP <\/strong>para 2027, el equipo oficial de <strong>Aprilia <\/strong>confirm\u00f3 la continuidad de <strong>Marco Bezzecchi<\/strong> con un particular anuncio de <em>\u201ccasamiento\u201d<\/em> del piloto italiano con su moto en la jornada de este lunes y las partes seguir\u00e1n unidad por dos temporadas m\u00e1s, hasta 2028.<\/p>\n\n\n\n<p class=\"wp-block-paragraph\">\ud83d\udfe5&nbsp;<strong><em>\u00a1Todas las novedades te esperan en el canal de&nbsp;<\/em><\/strong><a href=\"https:\/\/www.youtube.com\/@GrandePremioES\"><em>YouTube<\/em><\/a><strong><em>&nbsp;de Grande Pr\u00eamio en Espa\u00f1ol!<\/em><\/strong>&nbsp;\ud83d\udfe8<\/p>\n\n\n\n<p class=\"wp-block-paragraph\">Aprilia prepar\u00f3 una boda al uso con Bezzecchi vestido de novio y la<em> \u201cnovia\u201d <\/em>fue la <strong>Albarosa<\/strong>, la moto del fabricante de <strong>Noale <\/strong>para la temporada 2026 y ese nombre lo eligi\u00f3 el propio piloto. <strong>Massimo Rivola<\/strong>, el CEO, ofici\u00f3 de maestro de ceremonias.<\/p>\n\n\n\n<p class=\"wp-block-paragraph\">Incluso en el comunicado de prensa se mantuvo el tono matrimonial y destac\u00f3 que<strong>, &#8220;tras recibir la propuesta al final de la carrera de Valencia, la RS-GP Albarosa \u2014como la llam\u00f3 Marco al comienzo de su aventura con Aprilia\u2014 dio el s\u00ed. Su uni\u00f3n est\u00e1 confirmada&#8221;<\/strong>. Luego, agregaron, en el mismo tono, que el <em>&#8220;contrato que rige las condiciones, el mantenimiento, la gesti\u00f3n deportiva y emocional de la relaci\u00f3n, as\u00ed como los derechos y responsabilidades rec\u00edprocos dentro y fuera de la pista&#8221;.<\/em><\/p>\n\n\n\n<p class=\"wp-block-paragraph\">Bezzecchi, por su parte, coment\u00f3: <strong>&#8220;Estoy muy contento de renovar por dos a\u00f1os m\u00e1s. Desde el primer d\u00eda que firm\u00e9, tuve en mente el objetivo de construir un proyecto a largo plazo. Estoy feliz de haber encontrado el apoyo de todo el equipo y de toda la f\u00e1brica de Noale. Espero darles muchas alegr\u00edas, como ellos sin duda me las dar\u00e1n a m\u00ed<\/strong>&#8220;.<\/p>\n\n\n\n<figure class=\"wp-block-embed is-type-video is-provider-youtube wp-block-embed-youtube wp-embed-aspect-16-9 wp-has-aspect-ratio\"><div class=\"wp-block-embed__wrapper\">\n<iframe loading=\"lazy\" title=\"LAS 5 CLAVES DE LA PRETEMPORADA DE F1 2026 EN BARCELONA\" width=\"500\" height=\"281\" src=\"https:\/\/www.youtube.com\/embed\/66odrImDab4?feature=oembed\" frameborder=\"0\" allow=\"accelerometer; autoplay; clipboard-write; encrypted-media; gyroscope; picture-in-picture; web-share\" referrerpolicy=\"strict-origin-when-cross-origin\" allowfullscreen><\/iframe>\n<\/div><\/figure>\n\n\n\n<p class=\"wp-block-paragraph\">Rivola celebr\u00f3 esta renovaci\u00f3n y admiti\u00f3 que era una<em> \u201cprioridad\u201d<\/em> para el fabricante, a pesar de las<em> \u201cvarias ofertas\u201d <\/em>que recibi\u00f3 su piloto: <strong>\u201cEstamos, obviamente, muy contentos, ya que la renovaci\u00f3n era nuestra prioridad. Quer\u00edamos celebrar el fichaje de una forma especialmente divertida, algo que creo que encaja a la perfecci\u00f3n con la personalidad de Marco\u201d.<\/strong><\/p>\n\n\n\n<p class=\"wp-block-paragraph\"><strong>\u201cHemos construido un camino sentando bases s\u00f3lidas, y el hecho de que Marco haya decidido quedarse con nosotros, a pesar de las diversas ofertas que recibi\u00f3, nos llena de satisfacci\u00f3n y resalta a\u00fan m\u00e1s el trabajo y el esp\u00edritu de este equipo\u201d<\/strong>, concluy\u00f3.<\/p>\n\n\n\n<p class=\"wp-block-paragraph\">\u23e9&nbsp;<strong><em>\u00a1Seguinos en redes por&nbsp;<\/em><\/strong><a href=\"https:\/\/twitter.com\/grandepremioES\"><em>Twitter&nbsp;<\/em><\/a><strong><em>e&nbsp;<\/em><\/strong><a href=\"https:\/\/www.instagram.com\/grandepremioes\/\"><em>Instagram!<br><\/em><\/a>\u23e9&nbsp;<strong><em>Adem\u00e1s, tenemos nuestro&nbsp;<\/em><\/strong><a href=\"https:\/\/whatsapp.com\/channel\/0029VaDZ5zb0gcfDxuwxBM05\"><em>canal de Whatsapp<\/em><\/a><strong><em>&nbsp;con toda la informaci\u00f3n al instante<\/em><\/strong>&nbsp;\ud83c\udfc1<\/p>\n\n\n\n<p class=\"wp-block-paragraph\">MotoGP regresar\u00e1 a las pistas ma\u00f1ana en Sepang para desarrollar la primera tanda de test de pretemporada en Malasia y que se extender\u00e1 hasta el jueves.<\/p>\n","protected":false},"excerpt":{"rendered":"<p>Aprilia anunci\u00f3 hoy la renovaci\u00f3n del contrato de Marco Bezzecchi por dos temporadas m\u00e1s. El anuncio se hizo por todo lo alto, con una ceremonia de boda entre el piloto y Albarosa, el nombre que el italiano le dio a su moto para este a\u00f1o.<\/p>\n","protected":false},"author":0,"featured_media":1010390467,"comment_status":"closed","ping_status":"closed","sticky":false,"template":"","format":"standard","meta":{"42wp_featured_image_caption":"","42wp_featured_image_credits":"","42wp_featured_video":"","42wp_featured_image_hidden":false,"42wp_authors_list":[],"footnotes":""},"categories":[8],"tags":[13745,1394,1615,4701,1293,10152],"42wp_author":[14237],"class_list":["post-2902","post","type-post","status-publish","format-standard","has-post-thumbnail","hentry","category-motogp","tag-albarosa","tag-aprilia","tag-marco-bezzecchi","tag-massimo-rivola","tag-motogp","tag-noale","42wp_author-gabriel-garcia"],"_links":{"self":[{"href":"https:\/\/grandepremio.com\/es\/wp-json\/wp\/v2\/posts\/2902","targetHints":{"allow":["GET"]}}],"collection":[{"href":"https:\/\/grandepremio.com\/es\/wp-json\/wp\/v2\/posts"}],"about":[{"href":"https:\/\/grandepremio.com\/es\/wp-json\/wp\/v2\/types\/post"}],"replies":[{"embeddable":true,"href":"https:\/\/grandepremio.com\/es\/wp-json\/wp\/v2\/comments?post=2902"}],"version-history":[{"count":0,"href":"https:\/\/grandepremio.com\/es\/wp-json\/wp\/v2\/posts\/2902\/revisions"}],"wp:featuredmedia":[{"embeddable":true,"href":"https:\/\/grandepremio.com\/es\/wp-json\/wp\/v2\/media\/1010390467"}],"wp:attachment":[{"href":"https:\/\/grandepremio.com\/es\/wp-json\/wp\/v2\/media?parent=2902"}],"wp:term":[{"taxonomy":"category","embeddable":true,"href":"https:\/\/grandepremio.com\/es\/wp-json\/wp\/v2\/categories?post=2902"},{"taxonomy":"post_tag","embeddable":true,"href":"https:\/\/grandepremio.com\/es\/wp-json\/wp\/v2\/tags?post=2902"},{"taxonomy":"42wp_author","embeddable":true,"href":"https:\/\/grandepremio.com\/es\/wp-json\/wp\/v2\/42wp_author?post=2902"}],"curies":[{"name":"wp","href":"https:\/\/api.w.org\/{rel}","templated":true}]}}