{"id":2937,"date":"2026-01-31T12:09:53","date_gmt":"2026-01-31T15:09:53","guid":{"rendered":"https:\/\/grandepremio.com\/es\/2026\/01\/31\/aleix-espargaro-honda-lider-tercer-dia-shakedown-motogp-malasia\/"},"modified":"2026-01-31T12:09:56","modified_gmt":"2026-01-31T15:09:56","slug":"aleix-espargaro-honda-lider-tercer-dia-shakedown-motogp-malasia","status":"publish","type":"post","link":"https:\/\/grandepremio.com\/es\/motogp\/aleix-espargaro-honda-lider-tercer-dia-shakedown-motogp-malasia\/","title":{"rendered":"Aleix Espargar\u00f3 lidera el tercer y \u00faltimo d\u00eda del shakedown de MotoGP en Malasia"},"content":{"rendered":"\n<p class=\"wp-block-paragraph\">El <strong>MotoGP <\/strong>complet\u00f3 el shakedown en <strong>Malasia<\/strong>. Este s\u00e1bado, en el tercer y \u00faltimo d\u00eda de actividades antes de la pretemporada, <strong>Aleix Espargar\u00f3<\/strong> volvi\u00f3 a marcar el mejor tiempo. El espa\u00f1ol, piloto de pruebas de <strong>Honda<\/strong>, ya hab\u00eda logrado la mejor marca el primer d\u00eda, pero este s\u00e1bado marc\u00f3 1:57:173, el mejor tiempo de la semana.<\/p>\n\n\n\n<p class=\"wp-block-paragraph\">\ud83d\udfe5&nbsp;<strong><em>\u00a1Todas las novedades te esperan en el canal de&nbsp;<\/em><\/strong><a href=\"https:\/\/www.youtube.com\/@GrandePremioES\"><em>YouTube<\/em><\/a><strong><em>&nbsp;de Grande Pr\u00eamio en Espa\u00f1ol!<\/em><\/strong>&nbsp;\ud83d\udfe8<\/p>\n\n\n\n<p class=\"wp-block-paragraph\">Su hermano <strong>Pol Espargar\u00f3<\/strong> qued\u00f3 en segundo lugar. El piloto de pruebas de <strong>KTM <\/strong>hizo 1:57:299, colocando la moto #44 solo 0s126 detr\u00e1s del l\u00edder. Uno de los pocos titulares en la actividad, <strong>Fabio Quartararo<\/strong> termin\u00f3 el d\u00eda en tercer lugar, por delante de su compa\u00f1ero en <strong>Yamaha<\/strong>, <strong>\u00c1lex Rins<\/strong>.<\/p>\n\n\n\n<p class=\"wp-block-paragraph\"><strong>Jack Miller<\/strong> fue quinto, seguido por el brasile\u00f1o <strong>Diogo Moreira<\/strong> en sexto lugar. <strong>Dani Pedrosa, Toprak Razgatlioglu, Michele Pirro<\/strong> y <strong>Lorenzo Savadori<\/strong> completaron el top 10 del \u00faltimo d\u00eda de shakedown de <strong>MotoGP <\/strong>en el <strong>Circuito de Sepang<\/strong>.<\/p>\n\n\n\n<p class=\"wp-block-paragraph\">\u23e9&nbsp;<strong><em>\u00a1Seguinos en redes por&nbsp;<\/em><\/strong><a href=\"https:\/\/twitter.com\/grandepremioES\"><em>Twitter&nbsp;<\/em><\/a><strong><em>e&nbsp;<\/em><\/strong><a href=\"https:\/\/www.instagram.com\/grandepremioes\/\"><em>Instagram!<\/em><\/a><br>\u23e9&nbsp;<strong><em>Adem\u00e1s, tenemos nuestro&nbsp;<\/em><\/strong><a href=\"https:\/\/whatsapp.com\/channel\/0029VaDZ5zb0gcfDxuwxBM05\"><em>canal de Whatsapp<\/em><\/a><strong><em>&nbsp;con toda la informaci\u00f3n al instante<\/em><\/strong>&nbsp;\ud83c\udfc1<\/p>\n\n\n\n<figure class=\"wp-block-image size-large\"><img decoding=\"async\" src=\"https:\/\/grandepremio.com\/es\/wp-content\/uploads\/2026\/01\/SI202601310052-1200x800-1-1024x683.jpg\" alt=\"\" class=\"wp-image-389971\"\/><figcaption class=\"wp-element-caption\">Diogo Moreira (Foto: Gold &#038; Goose \/ Red Bull Content Pool)<\/figcaption><\/figure>\n\n\n\n<p class=\"wp-block-paragraph\">El shakedown no es una prueba oficial y re\u00fane a pilotos de prueba, novatos, y las f\u00e1bricas que integran el grupo D de concesiones tambi\u00e9n pueden participar con sus pilotos titulares. Al tratarse de un shakedown, el cronometraje tampoco es oficial y tiene en cuenta las motos, no los pilotos. Por eso, los competidores aparecen m\u00e1s de una vez en la tabla de tiempos.<\/p>\n\n\n\n<p class=\"wp-block-paragraph\">El <strong>MotoGP <\/strong>vuelve a acelerar el 3 de febrero, con el primero de los tres d\u00edas de pruebas de pretemporada en <strong>Sepang, Malasia<\/strong>. GRANDE PREMIO en ESPA\u00d1OL realiza una cobertura completa de las actividades del <strong>Campeonato Mundial de Motociclismo<\/strong>.<\/p>\n\n\n\n<p class=\"has-medium-font-size wp-block-paragraph\"><strong>MotoGP 2026 &#8211; Shakedown &#8211; Malasia &#8211; Resultados D\u00eda 3:<\/strong><\/p>\n\n\n\n<figure class=\"wp-block-table\"><table class=\"has-fixed-layout\"><tbody><tr><td><strong>1<\/strong><\/td><td>A. ESPARGAR\u00d3<\/td><td>Honda<\/td><td>1:57.173<\/td><td>&nbsp;<\/td><\/tr><tr><td><strong>2<\/strong><\/td><td>P. ESPARGAR\u00d3<\/td><td>KTM<\/td><td>1:57.299<\/td><td>+0.126<\/td><\/tr><tr><td><strong>3<\/strong><\/td><td>F. QUARTARARO<\/td><td>Yamaha<\/td><td>1:57.690<\/td><td>+0.517<\/td><\/tr><tr><td><strong>4<\/strong><\/td><td>A. RINS<\/td><td>Yamaha<\/td><td>1:57.892<\/td><td>+0.719<\/td><\/tr><tr><td><strong>5<\/strong><\/td><td>J. MILLER<\/td><td>Pramac Yamaha<\/td><td>1:58.094<\/td><td>+0.921<\/td><\/tr><tr><td><strong>6<\/strong><\/td><td>D. MOREIRA<\/td><td>LCR Honda<\/td><td>1:58.338<\/td><td>+1.165<\/td><\/tr><tr><td><strong>7<\/strong><\/td><td>D. PEDROSA<\/td><td>KTM<\/td><td>1:58.464<\/td><td>+1.291<\/td><\/tr><tr><td><strong>8<\/strong><\/td><td>T. RAZGATLIOGLU<\/td><td>Pramac Yamaha<\/td><td>1:58.465<\/td><td>+1.292<\/td><\/tr><tr><td><strong>9<\/strong><\/td><td>M. PIRRO<\/td><td>Ducati<\/td><td>1:58.899<\/td><td>+1.726<\/td><\/tr><tr><td><strong>10<\/strong><\/td><td>L. SAVADORI<\/td><td>Aprilia<\/td><td>1:58.948<\/td><td>+1.775<\/td><\/tr><tr><td><strong>11<\/strong><\/td><td>M. KALLIO<\/td><td>KTM<\/td><td>1:59.807<\/td><td>+2.634<\/td><\/tr><tr><td><strong>12<\/strong><\/td><td>A. FERN\u00c1NDEZ<\/td><td>Yamaha<\/td><td>2:00.162<\/td><td>+2.989<\/td><\/tr><\/tbody><\/table><\/figure>\n\n\n\n<figure class=\"wp-block-embed is-type-video is-provider-youtube wp-block-embed-youtube wp-embed-aspect-16-9 wp-has-aspect-ratio\"><div class=\"wp-block-embed__wrapper\">\n<iframe loading=\"lazy\" title=\"LAS 5 CLAVES DE LA PRETEMPORADA DE F1 2026 EN BARCELONA\" width=\"500\" height=\"281\" src=\"https:\/\/www.youtube.com\/embed\/66odrImDab4?feature=oembed\" frameborder=\"0\" allow=\"accelerometer; autoplay; clipboard-write; encrypted-media; gyroscope; picture-in-picture; web-share\" referrerpolicy=\"strict-origin-when-cross-origin\" allowfullscreen><\/iframe>\n<\/div><\/figure>\n","protected":false},"excerpt":{"rendered":"<p>Aleix Espargar\u00f3 volvi\u00f3 a rendir bien y lider\u00f3 la \u00faltima jornada de shakedown de MotoGP, que termin\u00f3 antes de lo previsto debido a la lluvia en Malasia<\/p>\n","protected":false},"author":0,"featured_media":1001054141,"comment_status":"closed","ping_status":"closed","sticky":false,"template":"","format":"standard","meta":{"42wp_featured_image_caption":"","42wp_featured_image_credits":"","42wp_featured_video":"","42wp_featured_image_hidden":false,"42wp_authors_list":[],"footnotes":""},"categories":[8],"tags":[1377,1488,221,1293,8591,10693],"42wp_author":[14239],"class_list":["post-2937","post","type-post","status-publish","format-standard","has-post-thumbnail","hentry","category-motogp","tag-aleix-espargaro","tag-grande-premio","tag-honda","tag-motogp","tag-motogp-2026","tag-temporada-2026-motogp","42wp_author-jp-otrosky"],"_links":{"self":[{"href":"https:\/\/grandepremio.com\/es\/wp-json\/wp\/v2\/posts\/2937","targetHints":{"allow":["GET"]}}],"collection":[{"href":"https:\/\/grandepremio.com\/es\/wp-json\/wp\/v2\/posts"}],"about":[{"href":"https:\/\/grandepremio.com\/es\/wp-json\/wp\/v2\/types\/post"}],"replies":[{"embeddable":true,"href":"https:\/\/grandepremio.com\/es\/wp-json\/wp\/v2\/comments?post=2937"}],"version-history":[{"count":0,"href":"https:\/\/grandepremio.com\/es\/wp-json\/wp\/v2\/posts\/2937\/revisions"}],"wp:featuredmedia":[{"embeddable":true,"href":"https:\/\/grandepremio.com\/es\/wp-json\/wp\/v2\/media\/1001054141"}],"wp:attachment":[{"href":"https:\/\/grandepremio.com\/es\/wp-json\/wp\/v2\/media?parent=2937"}],"wp:term":[{"taxonomy":"category","embeddable":true,"href":"https:\/\/grandepremio.com\/es\/wp-json\/wp\/v2\/categories?post=2937"},{"taxonomy":"post_tag","embeddable":true,"href":"https:\/\/grandepremio.com\/es\/wp-json\/wp\/v2\/tags?post=2937"},{"taxonomy":"42wp_author","embeddable":true,"href":"https:\/\/grandepremio.com\/es\/wp-json\/wp\/v2\/42wp_author?post=2937"}],"curies":[{"name":"wp","href":"https:\/\/api.w.org\/{rel}","templated":true}]}}