{"id":2945,"date":"2026-01-31T10:35:38","date_gmt":"2026-01-31T13:35:38","guid":{"rendered":"https:\/\/grandepremio.com\/es\/2026\/01\/31\/max-verstappen-red-bull-balance-pruebas-pretemporada-rendimiento-motor\/"},"modified":"2026-01-31T10:35:41","modified_gmt":"2026-01-31T13:35:41","slug":"max-verstappen-red-bull-balance-pruebas-pretemporada-rendimiento-motor","status":"publish","type":"post","link":"https:\/\/grandepremio.com\/es\/f1\/max-verstappen-red-bull-balance-pruebas-pretemporada-rendimiento-motor\/","title":{"rendered":"Verstappen reflexiona y cree que Red Bull \u00abnecesita tiempo para comprender el motor\u00bb"},"content":{"rendered":"\n<p class=\"wp-block-paragraph\"><strong>Max Verstappen<\/strong> fue el encargado de cerrar los trabajos de <strong>Red Bull<\/strong> en las pruebas privadas de Barcelona este viernes y celebr\u00f3 el objetivo cumplido con la nueva unidad de potencia, que no present\u00f3 problemas. Ahora, sin embargo, el enfoque ser\u00e1 disponer de todo el tiempo posible para analizar los datos recopilados y comprender mejor el funcionamiento del motor.<\/p>\n\n\n\n<p class=\"wp-block-paragraph\">\ud83d\udfe5&nbsp;<strong><em>\u00a1Todas las novedades te esperan en el canal de&nbsp;<\/em><\/strong><a href=\"https:\/\/www.youtube.com\/@GrandePremioES\"><em>YouTube<\/em><\/a><strong><em>&nbsp;de Grande Pr\u00eamio en Espa\u00f1ol!<\/em><\/strong>&nbsp;\ud83d\udfe8<\/p>\n\n\n\n<p class=\"wp-block-paragraph\">La unidad de potencia es, sin duda, el gran desaf\u00edo de <strong>Red Bull<\/strong> en 2026, ya que es la primera vez que los taurinos se encargan de la producci\u00f3n integral de la pieza, antes fabricada por <strong>Honda<\/strong>. Para esta nueva era de la <strong>F1 <\/strong>establecieron una alianza con <strong>Ford<\/strong>, pero el trabajo del fabricante estadounidense se centra m\u00e1s en los conocimientos que tienen sobre electrificaci\u00f3n.<\/p>\n\n\n\n<p class=\"wp-block-paragraph\"><strong>Verstappen<\/strong> sali\u00f3 a la pista por primera vez el martes, pero tuvo poco rodaje debido a la lluvia incesante. Para colmo, <strong>Red Bull<\/strong> tambi\u00e9n perdi\u00f3 el jueves de pruebas porque tuvo que esperar piezas de repuesto tras el fuerte choque de <strong>Isack Hadjar<\/strong>, tambi\u00e9n en la sesi\u00f3n del martes. El viernes, sin embargo, no hubo contratiempos y el tetracampe\u00f3n pudo completar el programa previsto para ese d\u00eda. En total, hoy se han dado 118 vueltas.<\/p>\n\n\n\n<p class=\"wp-block-paragraph\">\u00abFue genial volver a la pista esta semana. La primera ma\u00f1ana que pilot\u00e9 el coche, no pude dar muchas vueltas debido al tiempo, pero hoy nos fue bien\u00bb, dijo <strong>Verstappen<\/strong>. \u00abDimos muchas vueltas y eso es fundamental. Aprendimos mucho y, por supuesto, todav\u00eda hay muchas cosas que queremos analizar, pero es un buen comienzo\u00bb, destac\u00f3.<\/p>\n\n\n\n<p class=\"wp-block-paragraph\">\u23e9&nbsp;<strong><em>\u00a1Seguinos en redes por&nbsp;<\/em><\/strong><a href=\"https:\/\/twitter.com\/grandepremioES\"><em>Twitter&nbsp;<\/em><\/a><strong><em>e&nbsp;<\/em><\/strong><a href=\"https:\/\/www.instagram.com\/grandepremioes\/\"><em>Instagram!<\/em><\/a><br>\u23e9&nbsp;<strong><em>Adem\u00e1s, tenemos nuestro&nbsp;<\/em><\/strong><a href=\"https:\/\/whatsapp.com\/channel\/0029VaDZ5zb0gcfDxuwxBM05\"><em>canal de Whatsapp<\/em><\/a><strong><em>&nbsp;con toda la informaci\u00f3n al instante<\/em><\/strong>&nbsp;\ud83c\udfc1<\/p>\n\n\n\n<figure class=\"wp-block-image size-large\"><img decoding=\"async\" src=\"https:\/\/grandepremio.com\/es\/wp-content\/uploads\/2026\/01\/SI202601300246-1024x693.jpg\" alt=\"\" class=\"wp-image-389899\"\/><figcaption class=\"wp-element-caption\">Max Verstappen reconoce que Red Bull necesita analizar el desempe\u00f1o de su motor antes de las pruebas en Bahrein (Foto: Red Bull Content Pool)<\/figcaption><\/figure>\n\n\n\n<p class=\"wp-block-paragraph\">\u00abSe trabajamos mucho en esta unidad de potencia en los \u00faltimos a\u00f1os, y verla instalada en el coche y, ya en el primer d\u00eda, dar tantas vueltas fue fant\u00e1stico. Hab\u00eda muchas caras emocionadas en el box, fue muy especial\u00bb, celebr\u00f3 <strong>Max<\/strong>, manteniendo, sin embargo, los pies en el suelo.<\/p>\n\n\n\n<p class=\"wp-block-paragraph\">\u00abTodo est\u00e1 a\u00fan en desarrollo, pero empezamos muy bien. Necesitamos tiempo para entender el motor y hacer ajustes en la configuraci\u00f3n. Intentamos dar el m\u00e1ximo de vueltas posible y probar todo lo que pudimos durante el d\u00eda. Ese era el objetivo del shakedown y es lo que seguiremos haciendo\u00bb, continu\u00f3.<\/p>\n\n\n\n<p class=\"wp-block-paragraph\">\u00abEs una f\u00f3rmula compleja para que todos den en el clavo, lo que significa que a\u00fan queda mucho trabajo por hacer antes de ir a <strong>Bahrein<\/strong>. Volveremos y continuaremos con el trabajo\u00bb, concluy\u00f3 <strong>Verstappen<\/strong>, que hizo la mejor vuelta en 1:17:586, tiempo que le vali\u00f3 la quinta posici\u00f3n. <strong>Lewis Hamilton<\/strong> fue el m\u00e1s r\u00e1pido, seguido de <strong>Lando Norris<\/strong> y <strong>Charles Leclerc<\/strong>.<\/p>\n\n\n\n<p class=\"wp-block-paragraph\">Tras las pruebas colectivas en&nbsp;<strong>Barcelona<\/strong>, los equipos tendr\u00e1n dos semanas para regresar a las f\u00e1bricas y trabajar con los datos recopilados en los \u00faltimos d\u00edas. Los coches volver\u00e1n a la pista entre el 11 y 13 de febrero, durante las pruebas de pretemporada en&nbsp;<strong>Bahrein<\/strong>.<\/p>\n\n\n\n<figure class=\"wp-block-embed is-type-video is-provider-youtube wp-block-embed-youtube wp-embed-aspect-16-9 wp-has-aspect-ratio\"><div class=\"wp-block-embed__wrapper\">\n<iframe loading=\"lazy\" title=\"ALPINE PRESENTA EL A526 Y VA POR EL SALTO DE RENDIMIENTO EN F1 2026\" width=\"500\" height=\"281\" src=\"https:\/\/www.youtube.com\/embed\/8Szm5QMlVaQ?feature=oembed\" frameborder=\"0\" allow=\"accelerometer; autoplay; clipboard-write; encrypted-media; gyroscope; picture-in-picture; web-share\" referrerpolicy=\"strict-origin-when-cross-origin\" allowfullscreen><\/iframe>\n<\/div><\/figure>\n","protected":false},"excerpt":{"rendered":"<p>Max Verstappen logr\u00f3 el quinto mejor tiempo el viernes, pero el objetivo era acumular kil\u00f3metros con la unidad de potencia fabricada por Red Bull y Ford<\/p>\n","protected":false},"author":0,"featured_media":1010389898,"comment_status":"closed","ping_status":"closed","sticky":false,"template":"","format":"standard","meta":{"42wp_featured_image_caption":"","42wp_featured_image_credits":"","42wp_featured_video":"","42wp_featured_image_hidden":false,"42wp_authors_list":[],"footnotes":""},"categories":[5],"tags":[181,1680,2111,179,2429,1488,249,206,1717,4010],"42wp_author":[14239],"class_list":["post-2945","post","type-post","status-publish","format-standard","has-post-thumbnail","hentry","category-f1","tag-f1","tag-f1-2026","tag-ford","tag-formula-1","tag-formula-1-2026","tag-grande-premio","tag-max-verstappen","tag-red-bull","tag-red-bull-powertrains","tag-temporada-2026-f1","42wp_author-jp-otrosky"],"_links":{"self":[{"href":"https:\/\/grandepremio.com\/es\/wp-json\/wp\/v2\/posts\/2945","targetHints":{"allow":["GET"]}}],"collection":[{"href":"https:\/\/grandepremio.com\/es\/wp-json\/wp\/v2\/posts"}],"about":[{"href":"https:\/\/grandepremio.com\/es\/wp-json\/wp\/v2\/types\/post"}],"replies":[{"embeddable":true,"href":"https:\/\/grandepremio.com\/es\/wp-json\/wp\/v2\/comments?post=2945"}],"version-history":[{"count":0,"href":"https:\/\/grandepremio.com\/es\/wp-json\/wp\/v2\/posts\/2945\/revisions"}],"wp:featuredmedia":[{"embeddable":true,"href":"https:\/\/grandepremio.com\/es\/wp-json\/wp\/v2\/media\/1010389898"}],"wp:attachment":[{"href":"https:\/\/grandepremio.com\/es\/wp-json\/wp\/v2\/media?parent=2945"}],"wp:term":[{"taxonomy":"category","embeddable":true,"href":"https:\/\/grandepremio.com\/es\/wp-json\/wp\/v2\/categories?post=2945"},{"taxonomy":"post_tag","embeddable":true,"href":"https:\/\/grandepremio.com\/es\/wp-json\/wp\/v2\/tags?post=2945"},{"taxonomy":"42wp_author","embeddable":true,"href":"https:\/\/grandepremio.com\/es\/wp-json\/wp\/v2\/42wp_author?post=2945"}],"curies":[{"name":"wp","href":"https:\/\/api.w.org\/{rel}","templated":true}]}}