{"id":3075,"date":"2026-01-23T15:20:15","date_gmt":"2026-01-23T18:20:15","guid":{"rendered":"https:\/\/grandepremio.com\/es\/2026\/01\/23\/gasly-eleva-expectativas-alpine-f1-2026\/"},"modified":"2026-01-23T15:20:19","modified_gmt":"2026-01-23T18:20:19","slug":"gasly-eleva-expectativas-alpine-f1-2026","status":"publish","type":"post","link":"https:\/\/grandepremio.com\/es\/f1\/gasly-eleva-expectativas-alpine-f1-2026\/","title":{"rendered":"Gasly eleva expectativas para Alpine en 2026: &#8220;Los cambios traen nuevas oportunidades&#8221;"},"content":{"rendered":"\n<p class=\"wp-block-paragraph\"><strong>Alpine<\/strong> enfrent\u00f3 dificultades durante la <strong>temporada 2025<\/strong>, pero <strong>Pierre Gasly<\/strong> conf\u00eda en que el equipo pueda revertir la situaci\u00f3n en <strong>2026<\/strong>. Durante la <a href=\"https:\/\/grandepremio.com\/es\/f1\/alpine-presenta-a526-colapinto-temporada-2026-formula-1\/\">presentaci\u00f3n del <strong>A526<\/strong><\/a>, celebrada este viernes, el franc\u00e9s destac\u00f3 el arduo trabajo en el desarrollo del nuevo monoplaza y afirm\u00f3 que podr\u00edan surgir nuevas oportunidades con la llegada de la nueva normativa.<\/p>\n\n\n\n<p class=\"wp-block-paragraph\">La <strong>F\u00f3rmula 1<\/strong> experimentar\u00e1 un importante cambio t\u00e9cnico en 2026, empezando por los nuevos motores, con la ampliaci\u00f3n del componente el\u00e9ctrico hasta representar el 50% de la potencia. El combustible, a su vez, ser\u00e1 100% sostenible, y tambi\u00e9n habr\u00e1 cambios significativos en la aerodin\u00e1mica, con el fin del efecto suelo y la posibilidad de que los pilotos modifiquen el \u00e1ngulo de las alas (la denominada aerodin\u00e1mica activa).<\/p>\n\n\n\n<p class=\"wp-block-paragraph\">En 2025, Alpine tuvo problemas de rendimiento y termin\u00f3 el <strong>Campeonato Mundial de Constructores<\/strong> en \u00faltimo lugar, con solo 22 puntos, todos ellos anotados por el franc\u00e9s. A pesar del historial negativo, Pierre destac\u00f3 la sensaci\u00f3n positiva durante el shakedown en <strong>Silverstone<\/strong> y expres\u00f3 optimismo de cara a 2026.<\/p>\n\n\n\n<p class=\"wp-block-paragraph\">\ud83d\udfe5&nbsp;<strong><em>\u00a1Todas las novedades te esperan en el canal de&nbsp;<\/em><\/strong><a href=\"https:\/\/www.youtube.com\/@GrandePremioES\"><em>YouTube<\/em><\/a><strong><em>&nbsp;de Grande Pr\u00eamio en Espa\u00f1ol!<\/em><\/strong>&nbsp;\ud83d\udfe8<\/p>\n\n\n\n<figure class=\"wp-block-image size-full\"><img decoding=\"async\" src=\"https:\/\/grandepremio.com\/es\/wp-content\/uploads\/..\/gp_br_uploads\/2026\/01\/AF1T26_PAINT_PG_HELMET_AN_07011-scaled.jpg\" alt=\"\" class=\"wp-image-388666\"\/><figcaption class=\"wp-element-caption\">Pierre Gasly pone altas expectativas en la temporada 2026 con Alpine. (Foto: Alpine)<\/figcaption><\/figure>\n\n\n\n<p class=\"wp-block-paragraph\">\u23e9&nbsp;<strong><em>\u00a1Seguinos en redes por&nbsp;<\/em><\/strong><a href=\"https:\/\/twitter.com\/grandepremioES\"><em>Twitter&nbsp;<\/em><\/a><strong><em>e&nbsp;<\/em><\/strong><a href=\"https:\/\/www.instagram.com\/grandepremioes\/\"><em>Instagram!<\/em><\/a><br>\u23e9&nbsp;<strong><em>Adem\u00e1s, tenemos nuestro&nbsp;<\/em><\/strong><a href=\"https:\/\/whatsapp.com\/channel\/0029VaDZ5zb0gcfDxuwxBM05\"><em>canal de Whatsapp<\/em><\/a><strong><em>&nbsp;con toda la informaci\u00f3n al instante<\/em><\/strong>&nbsp;\ud83c\udfc1<\/p>\n\n\n\n<p class=\"wp-block-paragraph\">&#8220;Las expectativas son buenas, estoy muy emocionado por esta temporada. Es una gran oportunidad para nosotros como equipo, pero tambi\u00e9n para los pilotos. Es un a\u00f1o con muchos cambios t\u00e9cnicos, as\u00ed que tenemos mucho que aprender y adaptarnos. Pero sigo emocionado y todos queremos ganar. El equipo hizo un trabajo fant\u00e1stico durante el invierno, prepar\u00e1ndose de la mejor manera posible. Tuvimos un buen shakedown y veremos c\u00f3mo va todo en las pr\u00f3ximas semanas&#8221;, declar\u00f3.<\/p>\n\n\n\n<p class=\"wp-block-paragraph\">&#8220;Es uno de los mayores cambios en la historia de la F\u00f3rmula 1, y tantos cambios traen nuevas oportunidades. As\u00ed que tenemos que trabajar duro. El a\u00f1o pasado nos desarrollamos mucho para 2026. As\u00ed que vamos a <strong>Australia<\/strong> con la mente abierta, creo en todo el equipo y en el potencial que tenemos. Al final, solo importa el cron\u00f3metro y tendremos las respuestas en unos d\u00edas&#8221;, concluy\u00f3.<\/p>\n\n\n\n<p class=\"wp-block-paragraph\">La&nbsp;<strong>F\u00f3rmula 1<\/strong>&nbsp;se encuentra de vacaciones. Los monoplazas volver\u00e1n a la acci\u00f3n entre el 26 y el 30 de enero, en los test privados de&nbsp;<strong>Barcelona<\/strong>, \u200b\u200by luego ir\u00e1n a&nbsp;<strong>Bahr\u00e9in<\/strong>&nbsp;para dos sesiones m\u00e1s de pretemporada, del 11 al 13 y del 18 al 20 de febrero.<\/p>\n\n\n\n<figure class=\"wp-block-embed is-type-rich is-provider-gestor-del-servicio wp-block-embed-gestor-del-servicio wp-embed-aspect-16-9 wp-has-aspect-ratio\"><div class=\"wp-block-embed__wrapper\">\nhttps:\/\/youtube.com\/watch?v=8Szm5QMlVaQ%3Fversion%3D3%26rel%3D1%26showsearch%3D0%26showinfo%3D1%26iv_load_policy%3D1%26fs%3D1%26hl%3Des-ES%26autohide%3D2%26wmode%3Dtransparent\n<\/div><\/figure>\n","protected":false},"excerpt":{"rendered":"<p>Pierre Gasly espera que Alpine aproveche los cambios t\u00e9cnicos en la F\u00f3rmula 1 para ponerse en una posici\u00f3n competitiva para la temporada 2026.<\/p>\n","protected":false},"author":0,"featured_media":1010388631,"comment_status":"closed","ping_status":"closed","sticky":false,"template":"","format":"standard","meta":{"42wp_featured_image_caption":"","42wp_featured_image_credits":"","42wp_featured_video":"","42wp_featured_image_hidden":false,"42wp_authors_list":[],"footnotes":""},"categories":[5],"tags":[13445,678,1680,179,814,427],"42wp_author":[14240],"class_list":["post-3075","post","type-post","status-publish","format-standard","has-post-thumbnail","hentry","category-f1","tag-a526","tag-alpine","tag-f1-2026","tag-formula-1","tag-franco-colapinto","tag-pierre-gasly","42wp_author-ignacio-bogado"],"_links":{"self":[{"href":"https:\/\/grandepremio.com\/es\/wp-json\/wp\/v2\/posts\/3075","targetHints":{"allow":["GET"]}}],"collection":[{"href":"https:\/\/grandepremio.com\/es\/wp-json\/wp\/v2\/posts"}],"about":[{"href":"https:\/\/grandepremio.com\/es\/wp-json\/wp\/v2\/types\/post"}],"replies":[{"embeddable":true,"href":"https:\/\/grandepremio.com\/es\/wp-json\/wp\/v2\/comments?post=3075"}],"version-history":[{"count":0,"href":"https:\/\/grandepremio.com\/es\/wp-json\/wp\/v2\/posts\/3075\/revisions"}],"wp:featuredmedia":[{"embeddable":true,"href":"https:\/\/grandepremio.com\/es\/wp-json\/wp\/v2\/media\/1010388631"}],"wp:attachment":[{"href":"https:\/\/grandepremio.com\/es\/wp-json\/wp\/v2\/media?parent=3075"}],"wp:term":[{"taxonomy":"category","embeddable":true,"href":"https:\/\/grandepremio.com\/es\/wp-json\/wp\/v2\/categories?post=3075"},{"taxonomy":"post_tag","embeddable":true,"href":"https:\/\/grandepremio.com\/es\/wp-json\/wp\/v2\/tags?post=3075"},{"taxonomy":"42wp_author","embeddable":true,"href":"https:\/\/grandepremio.com\/es\/wp-json\/wp\/v2\/42wp_author?post=3075"}],"curies":[{"name":"wp","href":"https:\/\/api.w.org\/{rel}","templated":true}]}}