{"id":3087,"date":"2026-01-23T09:31:49","date_gmt":"2026-01-23T12:31:49","guid":{"rendered":"https:\/\/grandepremio.com\/es\/2026\/01\/23\/alpine-habla-hoja-blanco-f1-2026-entusiasma-mercedes\/"},"modified":"2026-01-23T09:31:53","modified_gmt":"2026-01-23T12:31:53","slug":"alpine-habla-hoja-blanco-f1-2026-entusiasma-mercedes","status":"publish","type":"post","link":"https:\/\/grandepremio.com\/es\/f1\/alpine-habla-hoja-blanco-f1-2026-entusiasma-mercedes\/","title":{"rendered":"Alpine habla de &#8220;hoja en blanco&#8221; de la F1 2026 y se entusiasma con los motores de Mercedes"},"content":{"rendered":"\n<p class=\"wp-block-paragraph\">A bordo de un crucero de una importante empresa se realiz\u00f3 este viernes la presentaci\u00f3n del <strong>A526<\/strong> de <strong>Alpine <\/strong>para la temporada 2026 de la <strong>F\u00f3rmula 1<\/strong>, que tendr\u00e1 a<strong> Franco Colapinto<\/strong> como piloto titular por primera vez en un a\u00f1o completo junto a <strong>Pierre Gasly<\/strong> y con los motores de <strong>Mercedes<\/strong>, abandonando los motores que <strong>Renault<\/strong> fabricaba en Francia.<\/p>\n\n\n\n<p class=\"wp-block-paragraph\">\ud83d\udfe5&nbsp;<strong><em>\u00a1Todas las novedades te esperan en el canal de&nbsp;<\/em><\/strong><a href=\"https:\/\/www.youtube.com\/@GrandePremioES\"><em>YouTube<\/em><\/a><strong><em>&nbsp;de Grande Pr\u00eamio en Espa\u00f1ol!<\/em><\/strong>&nbsp;\ud83d\udfe8<\/p>\n\n\n\n<p class=\"wp-block-paragraph\">Si hay una figura polarizante en el equipo franc\u00e9s es <strong>Flavio Briatore<\/strong>, que ejerce como jefe de equipo, y se mostr\u00f3 con mucho entusiasmo por la nueva colaboraci\u00f3n de unidades de potencia y el cambio reglamentario implementado por la categor\u00eda.<\/p>\n\n\n\n<p class=\"wp-block-paragraph\"><strong>\u201cHoy marca el comienzo de un nuevo cap\u00edtulo para el equipo Alpine de F\u00f3rmula 1. Es un gran placer comenzar nuestra temporada aqu\u00ed en Barcelona mientras nos preparamos para lo que sin duda ser\u00e1 una temporada \u00fanica en la historia de la F\u00f3rmula 1, especialmente para nosotros con el nuevo reglamento t\u00e9cnico, que nos ofrece una hoja en blanco y una gran oportunidad para ser m\u00e1s competitivos que en campa\u00f1as anteriores\u201d<\/strong>, dijo el empresario italiano.<\/p>\n\n\n\n<p class=\"wp-block-paragraph\">Por otro lado, Briatore agradeci\u00f3 a todos los sponsors por <em>\u201csu compromiso con el equipo\u201d<\/em> durante la presentaci\u00f3n en <strong>Barcelona<\/strong>, donde se realizar\u00e1 el <em>shakedown<\/em> de la <strong>F1 2026<\/strong> desde el lunes venidero. Adem\u00e1s, resalt\u00f3 que enfrentaron <em>\u201cmuchos desaf\u00edos\u201d <\/em>en 2025.<\/p>\n\n\n\n<figure class=\"wp-block-embed is-type-video is-provider-youtube wp-block-embed-youtube wp-embed-aspect-16-9 wp-has-aspect-ratio\"><div class=\"wp-block-embed__wrapper\">\n<iframe loading=\"lazy\" title=\"DOOHAN ABANDONA ALPINE Y AUMENTA LA INCERTIDUMBRE SOBRE SU FUTURO EN LA F1\" width=\"500\" height=\"281\" src=\"https:\/\/www.youtube.com\/embed\/yGq11nd9XMU?feature=oembed\" frameborder=\"0\" allow=\"accelerometer; autoplay; clipboard-write; encrypted-media; gyroscope; picture-in-picture; web-share\" referrerpolicy=\"strict-origin-when-cross-origin\" allowfullscreen><\/iframe>\n<\/div><\/figure>\n\n\n\n<p class=\"wp-block-paragraph\">De acuerdo con informaci\u00f3n del propio equipo en su comunicado de prensa, el nuevo coche redujo su tama\u00f1o y su peso de manera significativa: las dimensiones se han reducido en 200 mm de largo y la anchura en 100 mm y el peso total baj\u00f3 en nada menos que 30 kilos.<\/p>\n\n\n\n<p class=\"wp-block-paragraph\">Tras <em>\u201cun exitoso shakedown en Silverstone\u201d<\/em>, seg\u00fan Alpine, Briatore dijo que el cambio de reglamento revolucionar\u00e1 totalmente a la F1:<strong> &#8220;Es bastante raro ver cambios como este en nuestro deporte, que tienen el potencial de revolucionar la competici\u00f3n. Vamos paso a paso. No sabemos d\u00f3nde estaremos en la primera carrera, y mucho menos en la \u00faltima. El desarrollo ser\u00e1 crucial, y aprender y comprender c\u00f3mo maximizar el paquete en cada circuito marcar\u00e1 una gran diferencia para nuestro \u00e9xito. Sabemos que este es un largo camino y estamos deseando emprenderlo&#8221;.<\/strong><\/p>\n\n\n\n<p class=\"wp-block-paragraph\"><strong>&#8220;Pierre y Franco tienen una verdadera pasi\u00f3n en sus ojos. El a\u00f1o pasado no fue f\u00e1cil para nadie, y menos para ellos, y es nuestro deber proporcionarles el coche que les permita demostrar su talento en las posiciones m\u00e1s competitivas<\/strong>&#8220;, concluy\u00f3.<\/p>\n\n\n\n<p class=\"wp-block-paragraph\">\u23e9&nbsp;<strong><em>\u00a1Seguinos en redes por&nbsp;<\/em><\/strong><a href=\"https:\/\/twitter.com\/grandepremioES\"><em>Twitter&nbsp;<\/em><\/a><strong><em>e&nbsp;<\/em><\/strong><a href=\"https:\/\/www.instagram.com\/grandepremioes\/\"><em>Instagram!<br><\/em><\/a>\u23e9&nbsp;<strong><em>Adem\u00e1s, tenemos nuestro&nbsp;<\/em><\/strong><a href=\"https:\/\/whatsapp.com\/channel\/0029VaDZ5zb0gcfDxuwxBM05\"><em>canal de Whatsapp<\/em><\/a><strong><em>&nbsp;con toda la informaci\u00f3n al instante<\/em><\/strong>&nbsp;\ud83c\udfc1<\/p>\n\n\n\n<p class=\"wp-block-paragraph\">La F\u00f3rmula 1 y volver\u00e1 a la acci\u00f3n del 26 al 30 de enero con los primeros test de pretemporada en Barcelona, que no tendr\u00e1n ni televisaci\u00f3n ni presencia de prensa acreditada en el circuito.<\/p>\n","protected":false},"excerpt":{"rendered":"<p>Flavio Briatore, que ocupa el cargo de jefe de equipo de Alpine, habl\u00f3 en la presentaci\u00f3n del auto que manejar\u00e1 Franco Colapinto en la temporada 2026 de la F\u00f3rmula 1 y reconoci\u00f3 que quiere brindarles a los dos pilotos un mejor auto que el a\u00f1o pasado. <\/p>\n","protected":false},"author":0,"featured_media":1010388645,"comment_status":"closed","ping_status":"closed","sticky":false,"template":"","format":"standard","meta":{"42wp_featured_image_caption":"","42wp_featured_image_credits":"","42wp_featured_video":"","42wp_featured_image_hidden":false,"42wp_authors_list":[],"footnotes":""},"categories":[5],"tags":[13445,678,577,1680,2326,179,814,197,427,210],"42wp_author":[14237],"class_list":["post-3087","post","type-post","status-publish","format-standard","has-post-thumbnail","hentry","category-f1","tag-a526","tag-alpine","tag-barcelona","tag-f1-2026","tag-flavio-briatore","tag-formula-1","tag-franco-colapinto","tag-mercedes","tag-pierre-gasly","tag-renault","42wp_author-gabriel-garcia"],"_links":{"self":[{"href":"https:\/\/grandepremio.com\/es\/wp-json\/wp\/v2\/posts\/3087","targetHints":{"allow":["GET"]}}],"collection":[{"href":"https:\/\/grandepremio.com\/es\/wp-json\/wp\/v2\/posts"}],"about":[{"href":"https:\/\/grandepremio.com\/es\/wp-json\/wp\/v2\/types\/post"}],"replies":[{"embeddable":true,"href":"https:\/\/grandepremio.com\/es\/wp-json\/wp\/v2\/comments?post=3087"}],"version-history":[{"count":0,"href":"https:\/\/grandepremio.com\/es\/wp-json\/wp\/v2\/posts\/3087\/revisions"}],"wp:featuredmedia":[{"embeddable":true,"href":"https:\/\/grandepremio.com\/es\/wp-json\/wp\/v2\/media\/1010388645"}],"wp:attachment":[{"href":"https:\/\/grandepremio.com\/es\/wp-json\/wp\/v2\/media?parent=3087"}],"wp:term":[{"taxonomy":"category","embeddable":true,"href":"https:\/\/grandepremio.com\/es\/wp-json\/wp\/v2\/categories?post=3087"},{"taxonomy":"post_tag","embeddable":true,"href":"https:\/\/grandepremio.com\/es\/wp-json\/wp\/v2\/tags?post=3087"},{"taxonomy":"42wp_author","embeddable":true,"href":"https:\/\/grandepremio.com\/es\/wp-json\/wp\/v2\/42wp_author?post=3087"}],"curies":[{"name":"wp","href":"https:\/\/api.w.org\/{rel}","templated":true}]}}