{"id":3171,"date":"2026-01-18T12:43:51","date_gmt":"2026-01-18T15:43:51","guid":{"rendered":"https:\/\/grandepremio.com\/es\/2026\/01\/18\/damon-hill-critica-decision-fia-sancion-valtteri-bottas-cadillac\/"},"modified":"2026-01-18T12:43:54","modified_gmt":"2026-01-18T15:43:54","slug":"damon-hill-critica-decision-fia-sancion-valtteri-bottas-cadillac","status":"publish","type":"post","link":"https:\/\/grandepremio.com\/es\/f1\/damon-hill-critica-decision-fia-sancion-valtteri-bottas-cadillac\/","title":{"rendered":"Campe\u00f3n de F1 cuestiona la \u00abrid\u00edcula\u00bb sanci\u00f3n a Bottas en su regreso con Cadillac"},"content":{"rendered":"\n<p class=\"wp-block-paragraph\"><strong>Valtteri Bottas<\/strong>, subcampe\u00f3n mundial en 2020 y 2021, regresa a la parrilla de <strong>F\u00f3rmula 1<\/strong> con <strong>Cadillac<\/strong>. Pero el regreso del piloto finland\u00e9s ya viene con una sanci\u00f3n. El piloto perder\u00e1 cinco posiciones en el <strong>Gran Premio de Australia<\/strong> debido a una sanci\u00f3n sufrida en el <strong>GP de Abu Dhabi de 2024<\/strong>. El campe\u00f3n de <strong>F1 <\/strong>en 1996, <strong>Damon Hill<\/strong>, no est\u00e1 de acuerdo con la sanci\u00f3n de la <strong>FIA<\/strong>.<\/p>\n\n\n\n<p class=\"wp-block-paragraph\">\ud83d\udfe5&nbsp;<strong><em>\u00a1Todas las novedades te esperan en el canal de&nbsp;<\/em><\/strong><a href=\"https:\/\/www.youtube.com\/@GrandePremioES\"><em>YouTube<\/em><\/a><strong><em>&nbsp;de Grande Pr\u00eamio en Espa\u00f1ol!<\/em><\/strong>&nbsp;\ud83d\udfe8<\/p>\n\n\n\n<p class=\"wp-block-paragraph\">La sanci\u00f3n se produjo a causa de un accidente de <strong>Bottas<\/strong>, entonces piloto de <strong>Sauber<\/strong>, con <strong>Kevin Magnussen<\/strong>, de <strong>Haas<\/strong>. Como el finland\u00e9s abandon\u00f3 la carrera, la sanci\u00f3n no pudo cumplirse y acab\u00f3 traslad\u00e1ndose a la siguiente carrera en la que participara <strong>Valtteri<\/strong>. En este caso, ser\u00e1 el <strong>GP de Australia<\/strong> de 2026.<\/p>\n\n\n\n<p class=\"wp-block-paragraph\">Campe\u00f3n mundial en 1996 y actual comentarista de la cadena brit\u00e1nica <em>Sky Sports<\/em>, <strong>Damon Hill<\/strong> critic\u00f3 duramente la sanci\u00f3n. Por cierto, la <strong>FIA<\/strong> ajust\u00f3 el reglamento para que las sanciones se eliminen del registro de los pilotos si no se cumplen 12 meses despu\u00e9s de la infracci\u00f3n original. Aunque el caso de Valtteri se ajusta a la nueva norma, la federaci\u00f3n opt\u00f3 por mantener la sanci\u00f3n. \u00abEs rid\u00edculo\u00bb, public\u00f3 <strong>Damon<\/strong>. <\/p>\n\n\n\n<p class=\"wp-block-paragraph\">\u23e9&nbsp;<strong><em>\u00a1Seguinos en redes por&nbsp;<\/em><\/strong><a href=\"https:\/\/twitter.com\/grandepremioES\"><em>Twitter&nbsp;<\/em><\/a><strong><em>e&nbsp;<\/em><\/strong><a href=\"https:\/\/www.instagram.com\/grandepremioes\/\"><em>Instagram!<\/em><\/a><br>\u23e9&nbsp;<strong><em>Adem\u00e1s, tenemos nuestro&nbsp;<\/em><\/strong><a href=\"https:\/\/whatsapp.com\/channel\/0029VaDZ5zb0gcfDxuwxBM05\"><em>canal de Whatsapp<\/em><\/a><strong><em>&nbsp;con toda la informaci\u00f3n al instante<\/em><\/strong>&nbsp;\ud83c\udfc1<\/p>\n\n\n\n<figure class=\"wp-block-image size-full\"><img decoding=\"async\" src=\"https:\/\/www.grandepremio.com\/br\/wp-content\/uploads\/2024\/11\/sao-paulo-brasil-interlagos-warm-up-2024-f1-treino-livre-damon-hill-01.jpg\" alt=\"\" class=\"wp-image-297290\"\/><figcaption class=\"wp-element-caption\">Damon Hill, campe\u00f3n mundial de F1 en 1996, critic\u00f3 la sanci\u00f3n que deber\u00e1 cumplir Valtteri Bottas en su regreso a la F1 (Foto: Rodrigo Berton \/ Warm Up)<\/figcaption><\/figure>\n\n\n\n<p class=\"wp-block-paragraph\">\u00abActualmente, la sanci\u00f3n sigue siendo v\u00e1lida, ya que no existe ning\u00fan mecanismo para modificar retroactivamente una sanci\u00f3n aplicada seg\u00fan las normas vigentes en ese momento. El cambio en el reglamento se dise\u00f1\u00f3 para evitar situaciones an\u00f3malas similares en el futuro\u00bb, explic\u00f3 la <strong>Federaci\u00f3n <\/strong>al portal neerland\u00e9s <em>RacingNews365<\/em>.<\/p>\n\n\n\n<p class=\"wp-block-paragraph\">Bottas regresa a la <strong>F1 <\/strong>en el und\u00e9cimo equipo de la parrilla junto al mexicano <strong>Sergio P\u00e9rez. Cadillac<\/strong> realiz\u00f3 las primeras pruebas con el primer coche en <strong>Silverstone<\/strong> el pasado viernes.<\/p>\n\n\n\n<p class=\"wp-block-paragraph\">La&nbsp;<strong>F\u00f3rmula 1<\/strong>&nbsp;se encuentra de vacaciones. Los monoplazas volver\u00e1n a la acci\u00f3n entre el 26 y el 30 de enero, en los test privados de&nbsp;<strong>Barcelona<\/strong>, \u200b\u200by luego ir\u00e1n a&nbsp;<strong>Bahr\u00e9in<\/strong>&nbsp;para dos sesiones m\u00e1s de pretemporada, del 11 al 13 y del 18 al 20 de febrero.<\/p>\n\n\n\n<figure class=\"wp-block-embed is-type-video is-provider-youtube wp-block-embed-youtube wp-embed-aspect-16-9 wp-has-aspect-ratio\"><div class=\"wp-block-embed__wrapper\">\n<iframe loading=\"lazy\" title=\"DOOHAN ABANDONA ALPINE Y AUMENTA LA INCERTIDUMBRE SOBRE SU FUTURO EN LA F1\" width=\"500\" height=\"281\" src=\"https:\/\/www.youtube.com\/embed\/yGq11nd9XMU?feature=oembed\" frameborder=\"0\" allow=\"accelerometer; autoplay; clipboard-write; encrypted-media; gyroscope; picture-in-picture; web-share\" referrerpolicy=\"strict-origin-when-cross-origin\" allowfullscreen><\/iframe>\n<\/div><\/figure>\n","protected":false},"excerpt":{"rendered":"<p>Damon Hill critic\u00f3 el hecho de que Valtteri Bottas deba cumplir una sanci\u00f3n en el GP de Australia por un incidente ocurrido en el GP de Abu Dhabi en 2024. La FIA cambi\u00f3 la regla, pero decidi\u00f3 mantener la sanci\u00f3n al piloto finland\u00e9s<\/p>\n","protected":false},"author":0,"featured_media":1010387818,"comment_status":"closed","ping_status":"closed","sticky":false,"template":"","format":"standard","meta":{"42wp_featured_image_caption":"","42wp_featured_image_credits":"","42wp_featured_video":"","42wp_featured_image_hidden":false,"42wp_authors_list":[],"footnotes":""},"categories":[5],"tags":[1560,962,181,1680,179,2429,1488,4010,252],"42wp_author":[14239],"class_list":["post-3171","post","type-post","status-publish","format-standard","has-post-thumbnail","hentry","category-f1","tag-cadillac","tag-damon-hill","tag-f1","tag-f1-2026","tag-formula-1","tag-formula-1-2026","tag-grande-premio","tag-temporada-2026-f1","tag-valtteri-bottas","42wp_author-jp-otrosky"],"_links":{"self":[{"href":"https:\/\/grandepremio.com\/es\/wp-json\/wp\/v2\/posts\/3171","targetHints":{"allow":["GET"]}}],"collection":[{"href":"https:\/\/grandepremio.com\/es\/wp-json\/wp\/v2\/posts"}],"about":[{"href":"https:\/\/grandepremio.com\/es\/wp-json\/wp\/v2\/types\/post"}],"replies":[{"embeddable":true,"href":"https:\/\/grandepremio.com\/es\/wp-json\/wp\/v2\/comments?post=3171"}],"version-history":[{"count":0,"href":"https:\/\/grandepremio.com\/es\/wp-json\/wp\/v2\/posts\/3171\/revisions"}],"wp:featuredmedia":[{"embeddable":true,"href":"https:\/\/grandepremio.com\/es\/wp-json\/wp\/v2\/media\/1010387818"}],"wp:attachment":[{"href":"https:\/\/grandepremio.com\/es\/wp-json\/wp\/v2\/media?parent=3171"}],"wp:term":[{"taxonomy":"category","embeddable":true,"href":"https:\/\/grandepremio.com\/es\/wp-json\/wp\/v2\/categories?post=3171"},{"taxonomy":"post_tag","embeddable":true,"href":"https:\/\/grandepremio.com\/es\/wp-json\/wp\/v2\/tags?post=3171"},{"taxonomy":"42wp_author","embeddable":true,"href":"https:\/\/grandepremio.com\/es\/wp-json\/wp\/v2\/42wp_author?post=3171"}],"curies":[{"name":"wp","href":"https:\/\/api.w.org\/{rel}","templated":true}]}}