{"id":3273,"date":"2026-01-12T12:27:52","date_gmt":"2026-01-12T15:27:52","guid":{"rendered":"https:\/\/grandepremio.com\/es\/2026\/01\/12\/ente-rector-importante-cambio-motogp-2026\/"},"modified":"2026-01-12T12:27:58","modified_gmt":"2026-01-12T15:27:58","slug":"ente-rector-importante-cambio-motogp-2026","status":"publish","type":"post","link":"https:\/\/grandepremio.com\/es\/motogp\/ente-rector-importante-cambio-motogp-2026\/","title":{"rendered":"El ente rector anuncia un importante cambio de una normativa para MotoGP 2026"},"content":{"rendered":"\n<p class=\"wp-block-paragraph\">Un importante cambio se anunci\u00f3 este lunes para las temporadas de <strong>MotoGP <\/strong>y del <strong>Mundial de Superbikes<\/strong> y es que la <strong>FIM<\/strong>, la Federaci\u00f3n Internacional de Motociclismo, impedir\u00e1 que los pilotos puedan arrancar de nuevo sus motos luego de un accidente en pista o en las escapatorias y esto solo podr\u00e1 ocurrir tras las barreras de seguridad.<\/p>\n\n\n\n<p class=\"wp-block-paragraph\">\ud83d\udfe5&nbsp;<strong><em>\u00a1Todas las novedades te esperan en el canal de&nbsp;<\/em><\/strong><a href=\"https:\/\/www.youtube.com\/@GrandePremioES\"><em>YouTube<\/em><\/a><strong><em>&nbsp;de Grande Pr\u00eamio en Espa\u00f1ol!<\/em><\/strong>&nbsp;\ud83d\udfe8<\/p>\n\n\n\n<p class=\"wp-block-paragraph\">Hasta el a\u00f1o pasado, los pilotos estaban autorizados a arrancar las motos y volver a pista, pero se generaba mucho riesgo con los oficiales expuestos m\u00e1s tiempo del necesario a los riesgos propios de una carrera de motos. Desde 2026, entonces, los corredores solo podr\u00e1n arrancar sus motos tras las barreras de contenci\u00f3n y en las v\u00edas de servicios.<\/p>\n\n\n\n<p class=\"wp-block-paragraph\">En el caso del Mundial de Superbikes, durante las sesiones de entrenamientos de la<strong> Superpole<\/strong>, los pilotos deber\u00e1n regresar a boxes antes de volver a la pista, ya que el reglamento les impide iniciar una nueva vuelta tras una ca\u00edda mientras que, en carreras, los competidores pueden regresar sin parar en boxes.<\/p>\n\n\n\n<p class=\"wp-block-paragraph\">Si el motor no se apaga tras un accidente, el piloto puede regresar a la pista, siempre que no reciba instrucciones contrarias del comisario de pista, quien podr\u00eda considerar que la moto sufri\u00f3 da\u00f1os incompatibles con la continuaci\u00f3n de la actividad. La modificaci\u00f3n se dio a conocer a trav\u00e9s de una carta firmada por Paul Duparc, director deportivo de la Comisi\u00f3n de circuitos, y dirigida a todos los directores de carrera, federaciones nacionales, promotores de carreras, miembros de la <strong>IRTA <\/strong>(Asociaci\u00f3n Nacional de Equipos de Carreras) y miembros del CCR.<\/p>\n\n\n\n<figure class=\"wp-block-embed is-type-video is-provider-youtube wp-block-embed-youtube wp-embed-aspect-16-9 wp-has-aspect-ratio\"><div class=\"wp-block-embed__wrapper\">\n<iframe loading=\"lazy\" title=\"\u00bfC\u00d3MO LLEGA AUDI A SU DEBUT EN LA TEMPORADA 2026 DE F1?\" width=\"500\" height=\"281\" src=\"https:\/\/www.youtube.com\/embed\/2PU2aliXJWI?feature=oembed\" frameborder=\"0\" allow=\"accelerometer; autoplay; clipboard-write; encrypted-media; gyroscope; picture-in-picture; web-share\" referrerpolicy=\"strict-origin-when-cross-origin\" allowfullscreen><\/iframe>\n<\/div><\/figure>\n\n\n\n<p class=\"wp-block-paragraph\"><strong>\u201cTras una ca\u00edda o un problema t\u00e9cnico, una moto que no funcione en la pista o en las escapatorias debe ser trasladada inmediatamente por los comisarios detr\u00e1s de la primera l\u00ednea de protecci\u00f3n. Las motos no deben reiniciarse en la pista ni en las escapatorias. Deben ser trasladadas a v\u00edas de servicio (o a un lugar seguro y protegido en ausencia de una v\u00eda de servicio), donde se pueda proporcionar asistencia para la puesta en marcha\u201d<\/strong>, se\u00f1alaba la misiva.<\/p>\n\n\n\n<p class=\"wp-block-paragraph\">El texto tambi\u00e9n aclara que solo los pilotos pueden realizar<strong> \u201creparaciones o ajustes\u201d<\/strong> a la moto despu\u00e9s de una ca\u00edda, excluyendo cualquier tipo de asistencia externa. La FIM, por su parte, quiere<strong> \u201cgarantizar la consistencia, mejorar la seguridad de los comisarios y los pilotos, y la claridad en el manejo y la recuperaci\u00f3n de las motos\u201d.<\/strong><\/p>\n\n\n\n<p class=\"wp-block-paragraph\">Por \u00faltimo, el ente rector admiti\u00f3 desaf\u00edos con el cambio de la normativa: <strong>\u201cEsta regla puede presentar algunos desaf\u00edos inicialmente, pero la raz\u00f3n principal es minimizar la exposici\u00f3n de los comisarios al peligro\u201d.<\/strong><\/p>\n\n\n\n<p class=\"wp-block-paragraph\">\u23e9&nbsp;<strong><em>\u00a1Seguinos en redes por&nbsp;<\/em><\/strong><a href=\"https:\/\/twitter.com\/grandepremioES\"><em>Twitter&nbsp;<\/em><\/a><strong><em>e&nbsp;<\/em><\/strong><a href=\"https:\/\/www.instagram.com\/grandepremioes\/\"><em>Instagram!<br><\/em><\/a>\u23e9&nbsp;<strong><em>Adem\u00e1s, tenemos nuestro&nbsp;<\/em><\/strong><a href=\"https:\/\/whatsapp.com\/channel\/0029VaDZ5zb0gcfDxuwxBM05\"><em>canal de Whatsapp<\/em><\/a><strong><em>&nbsp;con toda la informaci\u00f3n al instante<\/em><\/strong>&nbsp;\ud83c\udfc1<\/p>\n\n\n\n<p class=\"wp-block-paragraph\">MotoGP est\u00e1 de vacaciones y solo volver\u00e1 a la acci\u00f3n el 29, 30 y 31 de enero de 2026, con el shakedown de Sepang en Malasia.<\/p>\n","protected":false},"excerpt":{"rendered":"<p>Desde la temporada 2026, los pilotos de MotoGP, y tambi\u00e9n los del World SBK, no podr\u00e1n arrancar de manera manual las motos ni empuj\u00e1ndolas luego de que se detenga el motor, lo que promete cambiar las carreras. <\/p>\n","protected":false},"author":0,"featured_media":1010386996,"comment_status":"closed","ping_status":"closed","sticky":false,"template":"","format":"standard","meta":{"42wp_featured_image_caption":"","42wp_featured_image_credits":"","42wp_featured_video":"","42wp_featured_image_hidden":false,"42wp_authors_list":[],"footnotes":""},"categories":[8],"tags":[1448,2610,1293,8492,13613],"42wp_author":[14237],"class_list":["post-3273","post","type-post","status-publish","format-standard","has-post-thumbnail","hentry","category-motogp","tag-fim","tag-irta","tag-motogp","tag-mundial-de-superbikes","tag-superpole","42wp_author-gabriel-garcia"],"_links":{"self":[{"href":"https:\/\/grandepremio.com\/es\/wp-json\/wp\/v2\/posts\/3273","targetHints":{"allow":["GET"]}}],"collection":[{"href":"https:\/\/grandepremio.com\/es\/wp-json\/wp\/v2\/posts"}],"about":[{"href":"https:\/\/grandepremio.com\/es\/wp-json\/wp\/v2\/types\/post"}],"replies":[{"embeddable":true,"href":"https:\/\/grandepremio.com\/es\/wp-json\/wp\/v2\/comments?post=3273"}],"version-history":[{"count":0,"href":"https:\/\/grandepremio.com\/es\/wp-json\/wp\/v2\/posts\/3273\/revisions"}],"wp:featuredmedia":[{"embeddable":true,"href":"https:\/\/grandepremio.com\/es\/wp-json\/wp\/v2\/media\/1010386996"}],"wp:attachment":[{"href":"https:\/\/grandepremio.com\/es\/wp-json\/wp\/v2\/media?parent=3273"}],"wp:term":[{"taxonomy":"category","embeddable":true,"href":"https:\/\/grandepremio.com\/es\/wp-json\/wp\/v2\/categories?post=3273"},{"taxonomy":"post_tag","embeddable":true,"href":"https:\/\/grandepremio.com\/es\/wp-json\/wp\/v2\/tags?post=3273"},{"taxonomy":"42wp_author","embeddable":true,"href":"https:\/\/grandepremio.com\/es\/wp-json\/wp\/v2\/42wp_author?post=3273"}],"curies":[{"name":"wp","href":"https:\/\/api.w.org\/{rel}","templated":true}]}}