{"id":3290,"date":"2026-01-11T10:52:17","date_gmt":"2026-01-11T13:52:17","guid":{"rendered":"https:\/\/grandepremio.com\/es\/2026\/01\/11\/dunne-justifica-salida-mclaren-sueno-llegar-f1\/"},"modified":"2026-01-11T10:52:20","modified_gmt":"2026-01-11T13:52:20","slug":"dunne-justifica-salida-mclaren-sueno-llegar-f1","status":"publish","type":"post","link":"https:\/\/grandepremio.com\/es\/f1\/dunne-justifica-salida-mclaren-sueno-llegar-f1\/","title":{"rendered":"Dunne justifica salida de McLaren por sue\u00f1o de llegar a F1: &#8220;Hab\u00eda que tomar la decisi\u00f3n&#8221;"},"content":{"rendered":"\n<p class=\"wp-block-paragraph\">El expiloto j\u00fanior de <strong>McLaren<\/strong>, <strong>Alexander Dunne<\/strong>, explic\u00f3 su decisi\u00f3n de abandonar la academia del equipo el a\u00f1o pasado. El irland\u00e9s anunci\u00f3 su salida de la academia del equipo brit\u00e1nico en octubre de <strong>2025<\/strong>, tras una colaboraci\u00f3n de 16 meses que termin\u00f3 abruptamente. En una entrevista con el portal <em>balls.ie<\/em>, el piloto explic\u00f3 que fue una decisi\u00f3n tomada con la intenci\u00f3n de &#8220;estar en la <strong>F\u00f3rmula 1<\/strong>&#8220;.<\/p>\n\n\n\n<p class=\"wp-block-paragraph\">Tras anunciar la rescisi\u00f3n de su contrato el a\u00f1o pasado, Dunne hab\u00eda afirmado que fue una &#8220;decisi\u00f3n mutua&#8221;, pero su entrevista m\u00e1s reciente revela una perspectiva diferente. &#8220;Tengo un objetivo y un plan en marcha: ser piloto de F1&#8221;, resumi\u00f3 el actual piloto de <strong>F\u00f3rmula 2<\/strong>.<\/p>\n\n\n\n<p class=\"wp-block-paragraph\">\ud83d\udfe5&nbsp;<strong><em>\u00a1Todas las novedades te esperan en el canal de&nbsp;<\/em><\/strong><a href=\"https:\/\/www.youtube.com\/@GrandePremioES\"><em>YouTube<\/em><\/a><strong><em>&nbsp;de Grande Pr\u00eamio en Espa\u00f1ol!<\/em><\/strong>&nbsp;\ud83d\udfe8<\/p>\n\n\n\n<figure class=\"wp-block-embed is-type-video is-provider-youtube wp-block-embed-youtube wp-embed-aspect-16-9 wp-has-aspect-ratio\"><div class=\"wp-block-embed__wrapper\">\n<iframe loading=\"lazy\" title=\"\u00bfC\u00d3MO LLEGA AUDI A SU DEBUT EN LA TEMPORADA 2026 DE F1?\" width=\"500\" height=\"281\" src=\"https:\/\/www.youtube.com\/embed\/2PU2aliXJWI?feature=oembed\" frameborder=\"0\" allow=\"accelerometer; autoplay; clipboard-write; encrypted-media; gyroscope; picture-in-picture; web-share\" referrerpolicy=\"strict-origin-when-cross-origin\" allowfullscreen><\/iframe>\n<\/div><\/figure>\n\n\n\n<p class=\"wp-block-paragraph\">Desde que dej\u00f3 la academia, Dunne ha estado activo en el mercado de las categor\u00edas j\u00fanior de F1. En octubre, surgieron rumores sobre un posible traspaso al proyecto <strong>Red Bull<\/strong>, pero las negociaciones no se materializaron debido a la falta de consenso interno en <strong>Milton Keynes<\/strong>.<\/p>\n\n\n\n<p class=\"wp-block-paragraph\">Esta divisi\u00f3n dentro del equipo austr\u00edaco tambi\u00e9n podr\u00eda estar relacionada con la salida de <strong>Helmut Marko<\/strong> al final de la <strong>temporada 2025<\/strong> de F1. Seg\u00fan el peri\u00f3dico <em>De Telegraaf<\/em>, el ex asesor lleg\u00f3 a un acuerdo con el joven piloto sin la aprobaci\u00f3n de la marca de bebidas energizantes. Cuando el asunto sali\u00f3 a la luz, el acuerdo se anul\u00f3, Dunne recibi\u00f3 una indemnizaci\u00f3n y el directivo austr\u00edaco qued\u00f3 aislado entre bastidores.<\/p>\n\n\n\n<p class=\"wp-block-paragraph\">&#8220;De las opciones que conoc\u00eda, la decisi\u00f3n que tomamos fue la que deb\u00eda tomarse para seguir en la F1. Creo que es as\u00ed de simple. De hecho, fue mi decisi\u00f3n. Cuando mi padre y yo hablamos de ello, no estaba del todo convencido. Normalmente, es \u00e9l quien est\u00e1 totalmente convencido&#8221;, continu\u00f3 explicando.<\/p>\n\n\n\n<figure class=\"wp-block-image size-large\"><img decoding=\"async\" src=\"https:\/\/grandepremio.com\/es\/wp-content\/uploads\/2025\/09\/G0FKafTWkAAjLWx-1024x683.jpg\" alt=\"\" class=\"wp-image-361761\"\/><figcaption class=\"wp-element-caption\">Alexander Dunne justific\u00f3 su salida de la academia de McLaren. (Foto: McLaren)<\/figcaption><\/figure>\n\n\n\n<p class=\"wp-block-paragraph\">\u23e9&nbsp;<strong><em>\u00a1Seguinos en redes por&nbsp;<\/em><\/strong><a href=\"https:\/\/twitter.com\/grandepremioES\"><em>Twitter&nbsp;<\/em><\/a><strong><em>e&nbsp;<\/em><\/strong><a href=\"https:\/\/www.instagram.com\/grandepremioes\/\"><em>Instagram!<\/em><\/a><br>\u23e9&nbsp;<strong><em>Adem\u00e1s, tenemos nuestro&nbsp;<\/em><\/strong><a href=\"https:\/\/whatsapp.com\/channel\/0029VaDZ5zb0gcfDxuwxBM05\"><em>canal de Whatsapp<\/em><\/a><strong><em>&nbsp;con toda la informaci\u00f3n al instante<\/em><\/strong>&nbsp;\ud83c\udfc1<\/p>\n\n\n\n<p class=\"wp-block-paragraph\">&#8220;En mi caso, sent\u00ed que fue la decisi\u00f3n correcta. Estoy m\u00e1s que c\u00f3modo con ella. Creo que, a partir de ahora, deber\u00edamos estar en una buena situaci\u00f3n&#8221;, concluy\u00f3.<\/p>\n\n\n\n<p class=\"wp-block-paragraph\">Sin embargo, no fue solo Red Bull el que se involucr\u00f3 con Dunne durante este tiempo. <strong>Alpine<\/strong> tambi\u00e9n ha mostrado inter\u00e9s en fichar al irland\u00e9s, reavivando la posibilidad de formar una asociaci\u00f3n con un equipo de F1 y tambi\u00e9n asegur\u00e1ndose un puesto de piloto reserva en la categor\u00eda.<\/p>\n\n\n\n<p class=\"wp-block-paragraph\">La&nbsp;<strong>F\u00f3rmula 1<\/strong>&nbsp;se encuentra de vacaciones. Los monoplazas volver\u00e1n a la acci\u00f3n entre el 26 y el 30 de enero, en los test privados de&nbsp;<strong>Barcelona<\/strong>, \u200b\u200by luego ir\u00e1n a&nbsp;<strong>Bahr\u00e9in<\/strong>&nbsp;para dos sesiones m\u00e1s de pretemporada, del 11 al 13 y del 18 al 20 de febrero.<\/p>\n","protected":false},"excerpt":{"rendered":"<p>Alexander Dunne, quien recientemente estuvo en la mira de Alpine y Red Bull, afirm\u00f3 que su decisi\u00f3n de dejar la academia de pilotos de McLaren se tom\u00f3 con la intenci\u00f3n de ascender a la F1.<\/p>\n","protected":false},"author":0,"featured_media":1010354322,"comment_status":"closed","ping_status":"closed","sticky":false,"template":"","format":"standard","meta":{"42wp_featured_image_caption":"","42wp_featured_image_credits":"","42wp_featured_video":"","42wp_featured_image_hidden":false,"42wp_authors_list":[],"footnotes":""},"categories":[5],"tags":[10493,678,1680,179,211,1358,269,5290],"42wp_author":[14240],"class_list":["post-3290","post","type-post","status-publish","format-standard","has-post-thumbnail","hentry","category-f1","tag-alexander-dunne","tag-alpine","tag-f1-2026","tag-formula-1","tag-formula-2","tag-helmut-marko","tag-mclaren","tag-rodin","42wp_author-ignacio-bogado"],"_links":{"self":[{"href":"https:\/\/grandepremio.com\/es\/wp-json\/wp\/v2\/posts\/3290","targetHints":{"allow":["GET"]}}],"collection":[{"href":"https:\/\/grandepremio.com\/es\/wp-json\/wp\/v2\/posts"}],"about":[{"href":"https:\/\/grandepremio.com\/es\/wp-json\/wp\/v2\/types\/post"}],"replies":[{"embeddable":true,"href":"https:\/\/grandepremio.com\/es\/wp-json\/wp\/v2\/comments?post=3290"}],"version-history":[{"count":0,"href":"https:\/\/grandepremio.com\/es\/wp-json\/wp\/v2\/posts\/3290\/revisions"}],"wp:featuredmedia":[{"embeddable":true,"href":"https:\/\/grandepremio.com\/es\/wp-json\/wp\/v2\/media\/1010354322"}],"wp:attachment":[{"href":"https:\/\/grandepremio.com\/es\/wp-json\/wp\/v2\/media?parent=3290"}],"wp:term":[{"taxonomy":"category","embeddable":true,"href":"https:\/\/grandepremio.com\/es\/wp-json\/wp\/v2\/categories?post=3290"},{"taxonomy":"post_tag","embeddable":true,"href":"https:\/\/grandepremio.com\/es\/wp-json\/wp\/v2\/tags?post=3290"},{"taxonomy":"42wp_author","embeddable":true,"href":"https:\/\/grandepremio.com\/es\/wp-json\/wp\/v2\/42wp_author?post=3290"}],"curies":[{"name":"wp","href":"https:\/\/api.w.org\/{rel}","templated":true}]}}