{"id":3321,"date":"2026-01-08T17:21:00","date_gmt":"2026-01-08T20:21:00","guid":{"rendered":"https:\/\/grandepremio.com\/es\/2026\/01\/08\/exjefe-mecanicos-verstappen-asume-audi-f1-2026\/"},"modified":"2026-01-08T16:39:45","modified_gmt":"2026-01-08T19:39:45","slug":"exjefe-mecanicos-verstappen-asume-audi-f1-2026","status":"publish","type":"post","link":"https:\/\/grandepremio.com\/es\/f1\/exjefe-mecanicos-verstappen-asume-audi-f1-2026\/","title":{"rendered":"El exjefe de mec\u00e1nicos de Verstappen asume un nuevo cargo en Audi para la F1 2026"},"content":{"rendered":"\n<p class=\"wp-block-paragraph\">Audi sigue prepar\u00e1ndose para su debut en la temporada 2026 de la <strong>F\u00f3rmula 1<\/strong> y promovi\u00f3 el ascenso interno de <strong>Lee Stevenson<\/strong>, quien fuera el ex jefe de mec\u00e1nicos de <strong>Max Verstappen<\/strong> en <strong>Red Bull<\/strong>, al puesto de director de equipo. Stevenson fue uno de los tantos empleados que se fueron tras el estallido del <em>\u201cCaso Horner\u201d<\/em> en 2024.<\/p>\n\n\n\n<p class=\"wp-block-paragraph\">\ud83d\udfe5&nbsp;<strong><em>\u00a1Todas las novedades te esperan en el canal de&nbsp;<\/em><\/strong><a href=\"https:\/\/www.youtube.com\/@GrandePremioES\"><em>YouTube<\/em><\/a><strong><em>&nbsp;de Grande Pr\u00eamio en Espa\u00f1ol!<\/em><\/strong>&nbsp;\ud83d\udfe8<\/p>\n\n\n\n<p class=\"wp-block-paragraph\">Stevenson colabor\u00f3 \u200b\u200bcon Verstappen en las primeras 56 victorias del holand\u00e9s en la F1, entre 2016 y 2024. En total, el ex mec\u00e1nico pas\u00f3 18 a\u00f1os en <strong>Milton Keynes<\/strong> antes de fichar por Sauber, donde comenz\u00f3 a trabajar este a\u00f1o con el ex director deportivo, <strong>Jonathan Wheatley<\/strong>, ahora jefe de <strong>Audi<\/strong>.<\/p>\n\n\n\n<p class=\"wp-block-paragraph\">Uno de los trabajos m\u00e1s destacados del brit\u00e1nico a lo largo de los a\u00f1os junto con Verstappen fue en el<em> GP de Hungr\u00eda de 2020<\/em>. En esa ocasi\u00f3n, Max sufri\u00f3 un accidente de camino a la grilla de partida, pero el equipo dirigido por el mec\u00e1nico logr\u00f3 reparar la suspensi\u00f3n da\u00f1ada a tiempo.<\/p>\n\n\n\n<figure class=\"wp-block-embed is-type-video is-provider-youtube wp-block-embed-youtube wp-embed-aspect-16-9 wp-has-aspect-ratio\"><div class=\"wp-block-embed__wrapper\">\n<iframe loading=\"lazy\" title=\"EL SEM\u00c1FORO DE LA TEMPORADA: DESTACADOS Y DECEPCIONES DE F1 2025\" width=\"500\" height=\"281\" src=\"https:\/\/www.youtube.com\/embed\/ASM4PJM4YXg?feature=oembed\" frameborder=\"0\" allow=\"accelerometer; autoplay; clipboard-write; encrypted-media; gyroscope; picture-in-picture; web-share\" referrerpolicy=\"strict-origin-when-cross-origin\" allowfullscreen><\/iframe>\n<\/div><\/figure>\n\n\n\n<p class=\"wp-block-paragraph\">Verstappen termin\u00f3 esa carrera en segundo lugar. Ahora, como director de equipo y Stevenson ocupar\u00e1 un puesto m\u00e1s prestigioso, estando m\u00e1s cerca de Wheatley y <strong>Mattia Binotto<\/strong>, quienes lideran el proyecto del fabricante alem\u00e1n en la F1. Se espera el lanzamiento del <strong>R26 <\/strong>para el 20 de enero, antes de las pruebas en Barcelona, que comenzar\u00e1n la semana siguiente.<\/p>\n\n\n\n<p class=\"wp-block-paragraph\">\u23e9&nbsp;<strong><em>\u00a1Seguinos en redes por&nbsp;<\/em><\/strong><a href=\"https:\/\/twitter.com\/grandepremioES\"><em>Twitter&nbsp;<\/em><\/a><strong><em>e&nbsp;<\/em><\/strong><a href=\"https:\/\/www.instagram.com\/grandepremioes\/\"><em>Instagram!<br><\/em><\/a>\u23e9&nbsp;<strong><em>Adem\u00e1s, tenemos nuestro&nbsp;<\/em><\/strong><a href=\"https:\/\/whatsapp.com\/channel\/0029VaDZ5zb0gcfDxuwxBM05\"><em>canal de Whatsapp<\/em><\/a><strong><em>&nbsp;con toda la informaci\u00f3n al instante<\/em><\/strong>&nbsp;\ud83c\udfc1<\/p>\n\n\n\n<p class=\"wp-block-paragraph\">La F\u00f3rmula 1 y volver\u00e1 a la acci\u00f3n del 26 al 30 de enero con los primeros test de pretemporada en Barcelona, que no tendr\u00e1n ni televisaci\u00f3n ni presencia de prensa acreditada en el circuito.<\/p>\n","protected":false},"excerpt":{"rendered":"<p>Lee Stevenson fue el jefe de mec\u00e1nicos de Max Verstappen en Red Bull hasta su incorporaci\u00f3n a Sauber en 2024. Ahora, ha asumido un rol a\u00fan m\u00e1s importante en Audi para 2026.<\/p>\n","protected":false},"author":0,"featured_media":1010386394,"comment_status":"closed","ping_status":"closed","sticky":false,"template":"","format":"standard","meta":{"42wp_featured_image_caption":"","42wp_featured_image_credits":"","42wp_featured_video":"","42wp_featured_image_hidden":false,"42wp_authors_list":[],"footnotes":""},"categories":[5],"tags":[612,179,2173,10081,439,249,2648,13414,206],"42wp_author":[14237],"class_list":["post-3321","post","type-post","status-publish","format-standard","has-post-thumbnail","hentry","category-f1","tag-audi","tag-formula-1","tag-jonathan-wheatley","tag-lee-stevenson","tag-mattia-binotto","tag-max-verstappen","tag-milton-keynes","tag-r26","tag-red-bull","42wp_author-gabriel-garcia"],"_links":{"self":[{"href":"https:\/\/grandepremio.com\/es\/wp-json\/wp\/v2\/posts\/3321","targetHints":{"allow":["GET"]}}],"collection":[{"href":"https:\/\/grandepremio.com\/es\/wp-json\/wp\/v2\/posts"}],"about":[{"href":"https:\/\/grandepremio.com\/es\/wp-json\/wp\/v2\/types\/post"}],"replies":[{"embeddable":true,"href":"https:\/\/grandepremio.com\/es\/wp-json\/wp\/v2\/comments?post=3321"}],"version-history":[{"count":0,"href":"https:\/\/grandepremio.com\/es\/wp-json\/wp\/v2\/posts\/3321\/revisions"}],"wp:featuredmedia":[{"embeddable":true,"href":"https:\/\/grandepremio.com\/es\/wp-json\/wp\/v2\/media\/1010386394"}],"wp:attachment":[{"href":"https:\/\/grandepremio.com\/es\/wp-json\/wp\/v2\/media?parent=3321"}],"wp:term":[{"taxonomy":"category","embeddable":true,"href":"https:\/\/grandepremio.com\/es\/wp-json\/wp\/v2\/categories?post=3321"},{"taxonomy":"post_tag","embeddable":true,"href":"https:\/\/grandepremio.com\/es\/wp-json\/wp\/v2\/tags?post=3321"},{"taxonomy":"42wp_author","embeddable":true,"href":"https:\/\/grandepremio.com\/es\/wp-json\/wp\/v2\/42wp_author?post=3321"}],"curies":[{"name":"wp","href":"https:\/\/api.w.org\/{rel}","templated":true}]}}