{"id":3362,"date":"2026-01-06T11:33:28","date_gmt":"2026-01-06T14:33:28","guid":{"rendered":"https:\/\/grandepremio.com\/es\/2026\/01\/06\/tosha-schareina-tercera-etapa-dakar-2026\/"},"modified":"2026-01-06T11:34:50","modified_gmt":"2026-01-06T14:34:50","slug":"tosha-schareina-tercera-etapa-dakar-2026","status":"publish","type":"post","link":"https:\/\/grandepremio.com\/es\/dakar\/tosha-schareina-tercera-etapa-dakar-2026\/","title":{"rendered":"Schareina le da el triunfo a Honda en la 3\u00b0 etapa del Dakar 2026 en motos; Benavides, 5\u00b0"},"content":{"rendered":"\n<p class=\"wp-block-paragraph\"><strong>3\u00aa etapa: Al\u2019Ula \u27a1\ufe0f Al\u2019Ula<br>Tramo de enlace: 315 km<br>Tramo cronometrado: 421 km<br>Recorrido total: 736 km<\/strong><\/p>\n\n\n\n<p class=\"wp-block-paragraph\"><strong>Tosha Schareina <\/strong>rompi\u00f3 la racha victoriosa de<strong> KTM <\/strong>y dio a <strong>Honda<\/strong> su primer triunfo en especiales en la <strong>edici\u00f3n 2026 del Rally Dakar.<\/strong> El espa\u00f1ol super\u00f3 una ca\u00edda y triunf\u00f3 en la etapa de 421 km disputada en en bluce en Al&#8217;Ula, caracterizada por tramos de arena y piedra.<\/p>\n\n\n\n<p class=\"wp-block-paragraph\">En esta tercera etapa, el reglamento del Dakar prev\u00e9 hasta 6m29s de bonificaci\u00f3n que pueden recuperar quienes abren la pista, un elemento decisivo hasta el momento. El lunes, este sistema que mitiga la desventaja por abrir la pista fue el factor diferencial que dio la victoria a <strong>Daniel Sanders.<\/strong><\/p>\n\n\n\n<p class=\"wp-block-paragraph\">El nuevo l\u00edder del Dakar y actual campe\u00f3n, abri\u00f3 el camino en Al&#8217;Ula, pero quien lleg\u00f3 al km 41 en el primer lugar fue el chileno<strong> Ignacio Cornejo,<\/strong> que ten\u00eda 22 segundos de ventaja sobre el australiano. El argentino <strong>Luciano Benavides<\/strong> ven\u00eda en tercer lugar, por delante de Ricky Brabec, Schareina y Adrien Van Beveren.<\/p>\n\n\n\n<p class=\"wp-block-paragraph\"><strong><em>\u00a1Todas las novedades te esperan en el canal de\u00a0<a href=\"https:\/\/www.youtube.com\/@GrandePremioES\" target=\"_blank\" rel=\"noreferrer noopener\">YouTube<\/a>\u00a0de Grande Pr\u00eamio en Espa\u00f1ol!<\/em><\/strong><\/p>\n\n\n\n<figure class=\"wp-block-image size-large\"><img decoding=\"async\" src=\"https:\/\/grandepremio.com\/cdn-cgi\/image\/width=893,height=558,fit=contain,gravity=0.5x0.5,quality=75,format=webp\/es\/wp-content\/uploads\/2026\/01\/SI202601060003-1024x683.jpg\" alt=\"\" class=\"wp-image-386096\"\/><figcaption class=\"wp-element-caption\">Daniel Sanders lidera el Dakar 2026. (Foto: Marcelo Maragni \/ Red Bull Content Pool)<\/figcaption><\/figure>\n\n\n\n<p class=\"wp-block-paragraph\">Tras 114 km de tramo cronometrado, Benavides pas\u00f3 al frente, con 1m49s de ventaja sobre Sanders, precisamente el tiempo que el australiano ten\u00eda para descontar en bonificaciones por abrir la pista. As\u00ed, los dos estaban empatados, 2s por delante de Schareina. Cornejo cay\u00f3 al cuarto puesto, por delante de Mason Klein.<\/p>\n\n\n\n<p class=\"wp-block-paragraph\">En el km 167, Schareina se puso al frente de la etapa a pesar de haber sufrido una ca\u00edda en el recorrido. Benavides era segundo a 14s, con Sanders cerrando el top 3.<\/p>\n\n\n\n<p class=\"wp-block-paragraph\">Este tercera especial, por cierto, marc\u00f3 el final del Dakar 2026 para <strong>Stefan Svitko<\/strong>, que cay\u00f3 en el km 140, se lesion\u00f3 el hombro derecho y tuvo que ser evacuado al campamento. Es la quinta vez en 17 participaciones que el piloto eslovaco abandona el Dakar.<\/p>\n\n\n\n<p class=\"wp-block-paragraph\">Tras asumir el liderato, Schareina se esforz\u00f3 por acelerar el ritmo y alejarse de sus rivales. El espa\u00f1ol lleg\u00f3 al km 219 con 22 segundos de ventaja sobre Benavides, con Brabec a 1m42s. Sanders ven\u00eda solo en cuarta posici\u00f3n.<\/p>\n\n\n\n<p class=\"wp-block-paragraph\">Despu\u00e9s de 340 km, Brabec tom\u00f3 el segundo puesto, situ\u00e1ndose a 36s de Schareina. Benavides ven\u00eda en tercer lugar. El ganador del pr\u00f3logo y de la etapa 1,<strong> Edgar Canet, <\/strong>tuvo un d\u00eda m\u00e1s dif\u00edcil, quedando a m\u00e1s de 11 minutos del l\u00edder tras 377 km.<\/p>\n\n\n\n<p class=\"wp-block-paragraph\"><strong><em>\u00a1Seguinos en redes por\u00a0<a href=\"https:\/\/twitter.com\/grandepremioES\" target=\"_blank\" rel=\"noreferrer noopener\">Twitter\u00a0<\/a>e\u00a0<a href=\"https:\/\/www.instagram.com\/grandepremioes\/\" target=\"_blank\" rel=\"noreferrer noopener\">Instagram!<\/a><\/em><\/strong><br><strong><em>Adem\u00e1s, tenemos nuestro\u00a0<a href=\"https:\/\/whatsapp.com\/channel\/0029VaDZ5zb0gcfDxuwxBM05\" target=\"_blank\" rel=\"noreferrer noopener\">canal de Whatsapp<\/a>\u00a0con toda la informaci\u00f3n al instante<\/em><\/strong><\/p>\n\n\n\n<figure class=\"wp-block-image size-large\"><img decoding=\"async\" src=\"https:\/\/grandepremio.com\/cdn-cgi\/image\/width=893,height=558,fit=contain,gravity=0.5x0.5,quality=75,format=webp\/es\/wp-content\/uploads\/2026\/01\/SI202601050181-1024x683.jpg\" alt=\"\" class=\"wp-image-386097\"\/><figcaption class=\"wp-element-caption\">Luciano Benavides est\u00e1 en el top-5 de la general del Dakar 2026. (Foto: Kin Marcin \/ Red Bull Content Pool)<\/figcaption><\/figure>\n\n\n\n<p class=\"wp-block-paragraph\">Schareina lleg\u00f3 al final del especial en Al&#8217;Ula tras 4h26m39s y se asegur\u00f3 la victoria, poniendo fin a una racha de KTM que ven\u00eda desde el a\u00f1o pasado. Brabec qued\u00f3 segundo a 2m17s, con Sanders en tercer lugar. Benavides qued\u00f3 cuarto, por delante de <strong>Howes, Ross Branch, Canet, Van Beveren y Michael Docherty. <\/strong>Martim Ventura cerr\u00f3 el top 10.<\/p>\n\n\n\n<p class=\"wp-block-paragraph\">Con el resultado de la tercera etapa, Sanders mantiene el liderazgo del Dakar en la general, ahora con 1m07s de ventaja sobre Brabec. Schareina avanz\u00f3 al tercer puesto, por delante de Canet, Benavides, Howes, Branch, Van Beveren y Docherty. Ventura tambi\u00e9n completa esta lista de los diez mejores.<\/p>\n\n\n\n<p class=\"wp-block-paragraph\">El mi\u00e9rcoles, los pilotos afrontar\u00e1n la primera etapa de la marat\u00f3n, que tambi\u00e9n se disputar\u00e1 en Al&#8217;Ula. Al final del recorrido, los competidores tendr\u00e1n que ocuparse del mantenimiento de sus motos, y solo dispondr\u00e1n de carpas y raciones de comida.<\/p>\n\n\n\n<p class=\"wp-block-paragraph\"><strong>Dakar 2026  &#8211; Motos &#8211; Clasificaci\u00f3n General tras la 3\u00b0 Etapa<\/strong><\/p>\n\n\n\n<figure class=\"wp-block-table\"><table class=\"has-fixed-layout\"><tbody><tr><td>POS<\/td><td>PILOTO<\/td><td>EQUIPO<\/td><td>TIEMPO<\/td><td>DIFERENCIA<\/td><\/tr><tr><td><strong>1<\/strong><\/td><td><strong>D SANDERS<\/strong><\/td><td><strong>KTM<\/strong><\/td><td><strong>12:12:31<\/strong><\/td><td><strong>&nbsp;<\/strong><\/td><\/tr><tr><td><strong>2<\/strong><\/td><td><strong>R BRABEC<\/strong><\/td><td><strong>Honda HRC<\/strong><\/td><td><strong>12:13:38<\/strong><\/td><td><strong>00:01:07<\/strong><\/td><\/tr><tr><td><strong>3<\/strong><\/td><td><strong>T SCHAREINA<\/strong><\/td><td><strong>Honda hrc<\/strong><\/td><td><strong>12:13:44<\/strong><\/td><td><strong>00:01:13<\/strong><\/td><\/tr><tr><td><strong>4<\/strong><\/td><td><strong>E CANET<\/strong><\/td><td><strong>KTM<\/strong><\/td><td><strong>12:21:17<\/strong><\/td><td><strong>00:08:46<\/strong><\/td><\/tr><tr><td><strong>5<\/strong><\/td><td><strong>L BENAVIDES<\/strong><\/td><td><strong>KTM<\/strong><\/td><td><strong>12:23:37<\/strong><\/td><td><strong>00:11:06<\/strong><\/td><\/tr><tr><td><strong>6<\/strong><\/td><td><strong>S HOWES<\/strong><\/td><td><strong>Honda HRC<\/strong><\/td><td><strong>12:26:12<\/strong><\/td><td><strong>00:13:41<\/strong><\/td><\/tr><tr><td><strong>7<\/strong><\/td><td><strong>R BRANCH<\/strong><\/td><td><strong>HERO<\/strong><\/td><td><strong>12:27:27<\/strong><\/td><td><strong>00:14:56<\/strong><\/td><\/tr><tr><td><strong>8<\/strong><\/td><td><strong>A VAN BEVEREN<\/strong><\/td><td><strong>Honda HRC<\/strong><\/td><td><strong>12:35:57<\/strong><\/td><td><strong>00:23:26<\/strong><\/td><\/tr><tr><td><strong>9<\/strong><\/td><td><strong>M DOCHERTY<\/strong><\/td><td><strong>BAS KTM<\/strong><\/td><td><strong>12:35:57<\/strong><\/td><td><strong>00:23:26<\/strong><\/td><\/tr><tr><td><strong>10<\/strong><\/td><td><strong>M VENTURA<\/strong><\/td><td><strong>HONDA HRC<\/strong><\/td><td><strong>12:39:29<\/strong><\/td><td><strong>00:26:58<\/strong><\/td><\/tr><\/tbody><\/table><\/figure>\n\n\n\n<p class=\"wp-block-paragraph\"><\/p>\n","protected":false},"excerpt":{"rendered":"<p>Luego de una seguidilla de victoria de KTM, Tosha Schareina se impuso con Honda en la tercera etapa del Dakar 2026 en motos. Daniel Sanders lidera la general y Luciano Benavides est\u00e1 5\u00b0. <\/p>\n","protected":false},"author":0,"featured_media":1010386093,"comment_status":"closed","ping_status":"closed","sticky":false,"template":"","format":"standard","meta":{"42wp_featured_image_caption":"","42wp_featured_image_credits":"","42wp_featured_video":"","42wp_featured_image_hidden":false,"42wp_authors_list":[],"footnotes":""},"categories":[16],"tags":[319,11104,2008,4924,9701],"42wp_author":[14223],"class_list":["post-3362","post","type-post","status-publish","format-standard","has-post-thumbnail","hentry","category-dakar","tag-dakar","tag-dakar-2026","tag-daniel-sanders","tag-luciano-benavides","tag-tosha-schareina","42wp_author-esteban-nieto"],"_links":{"self":[{"href":"https:\/\/grandepremio.com\/es\/wp-json\/wp\/v2\/posts\/3362","targetHints":{"allow":["GET"]}}],"collection":[{"href":"https:\/\/grandepremio.com\/es\/wp-json\/wp\/v2\/posts"}],"about":[{"href":"https:\/\/grandepremio.com\/es\/wp-json\/wp\/v2\/types\/post"}],"replies":[{"embeddable":true,"href":"https:\/\/grandepremio.com\/es\/wp-json\/wp\/v2\/comments?post=3362"}],"version-history":[{"count":0,"href":"https:\/\/grandepremio.com\/es\/wp-json\/wp\/v2\/posts\/3362\/revisions"}],"wp:featuredmedia":[{"embeddable":true,"href":"https:\/\/grandepremio.com\/es\/wp-json\/wp\/v2\/media\/1010386093"}],"wp:attachment":[{"href":"https:\/\/grandepremio.com\/es\/wp-json\/wp\/v2\/media?parent=3362"}],"wp:term":[{"taxonomy":"category","embeddable":true,"href":"https:\/\/grandepremio.com\/es\/wp-json\/wp\/v2\/categories?post=3362"},{"taxonomy":"post_tag","embeddable":true,"href":"https:\/\/grandepremio.com\/es\/wp-json\/wp\/v2\/tags?post=3362"},{"taxonomy":"42wp_author","embeddable":true,"href":"https:\/\/grandepremio.com\/es\/wp-json\/wp\/v2\/42wp_author?post=3362"}],"curies":[{"name":"wp","href":"https:\/\/api.w.org\/{rel}","templated":true}]}}