{"id":34258,"date":"2026-06-16T14:59:29","date_gmt":"2026-06-16T17:59:29","guid":{"rendered":"https:\/\/grandepremio.com\/es\/noticias\/colnaghi-errores-dificil-manejar-f3-2026-barcelona\/"},"modified":"2026-06-16T14:59:33","modified_gmt":"2026-06-16T17:59:33","slug":"colnaghi-errores-dificil-manejar-f3-2026-barcelona","status":"publish","type":"post","link":"https:\/\/grandepremio.com\/es\/f3\/colnaghi-errores-dificil-manejar-f3-2026-barcelona\/","title":{"rendered":"Colnaghi se\u00f1ala \u201cerrores\u201d y un auto \u201cdif\u00edcil\u201d de manejar en fecha de F3 en Barcelona"},"content":{"rendered":"\n<p class=\"wp-block-paragraph\">Fue otro fin de semana complicado para <strong>Mattia Colnaghi<\/strong> en la <strong>F\u00f3rmula 3<\/strong>. Es bien conocido que el ascenso a esta categor\u00eda no es f\u00e1cil para los debutantes, y el piloto \u00edtalo-argentino lo volvi\u00f3 a sufrir con el 16\u00b0 puesto en la clasificaci\u00f3n desarrollada en <strong>Barcelona<\/strong>, la tercera cita de la temporada 2026.<\/p>\n\n\n\n<p class=\"wp-block-paragraph\">\ud83d\udfe5&nbsp;<strong><em>\u00a1Todas las novedades te esperan en el canal de&nbsp;<\/em><\/strong><a href=\"https:\/\/www.youtube.com\/@GrandePremioES\"><em>YouTube<\/em><\/a><strong><em>&nbsp;de Grande Pr\u00eamio en Espa\u00f1ol!<\/em><\/strong>&nbsp;\ud83d\udfe8<\/p>\n\n\n\n<p class=\"wp-block-paragraph\">Con algunos signos de mejora en cuanto al ritmo, el piloto de <strong>MP Motorsport<\/strong> qued\u00f3 muy cerca del 12\u00b0 lugar, a solo 0,063s, que le hubiera dado la pole para la carrera sprint del s\u00e1bado, la que tuvo que abandonar por problemas t\u00e9cnicos en su coche despu\u00e9s de apenas dos vueltas.<\/p>\n\n\n\n<p class=\"wp-block-paragraph\">Ya de cara al domingo, los mec\u00e1nicos del equipo neerland\u00e9s trabajaron para resolver los problemas de transmisi\u00f3n del auto de <em>Mattia <\/em>y pudo largar normalmente, logrando ubicarse cerca de la zona de puntos. Sin embargo, comenz\u00f3 a sufrir con la degradaci\u00f3n de los neum\u00e1ticos y perdi\u00f3 posiciones por un incidente. Por esta raz\u00f3n, apenas termin\u00f3 18\u00b0, fuera de la zona puntuable.<\/p>\n\n\n\n<figure class=\"wp-block-embed is-type-video is-provider-youtube wp-block-embed-youtube wp-embed-aspect-16-9 wp-has-aspect-ratio\"><div class=\"wp-block-embed__wrapper\">\n<iframe loading=\"lazy\" title=\"HAMILTON Y UNA VICTORIA HIST\u00d3RICA EN BARCELONA; COLAPINTO, 10\u00b0\" width=\"500\" height=\"281\" src=\"https:\/\/www.youtube.com\/embed\/WOiSm6utJ9c?feature=oembed\" frameborder=\"0\" allow=\"accelerometer; autoplay; clipboard-write; encrypted-media; gyroscope; picture-in-picture; web-share\" referrerpolicy=\"strict-origin-when-cross-origin\" allowfullscreen><\/iframe>\n<\/div><\/figure>\n\n\n\n<p class=\"wp-block-paragraph\">Al cabo del fin de semana, Colnaghi hizo su balance:<strong><em> \u201cFue una carrera muy dura. Tuvimos bastante degradaci\u00f3n de neum\u00e1ticos y tambi\u00e9n hubo algunos incidentes y errores de mi parte. No fue una de nuestras mejores carreras y el comportamiento del auto fue bastante dif\u00edcil. Estamos trabajando mucho para mejorar porque claramente todav\u00eda no estamos donde queremos estar, pero seguiremos empujando de cara a los pr\u00f3ximos fines de semana\u201d.<\/em><\/strong><\/p>\n\n\n\n<p class=\"wp-block-paragraph\">Tras seis carreras completadas, <strong>Ugo Ugochukwu<\/strong> lidera el campeonato con 58 puntos, <strong>Theophile Nael<\/strong> es segundo con 52, <strong>Bruno del Pino<\/strong> 48, <strong>Freddie Slater<\/strong> 47 y <strong>Brando Badoer<\/strong> 41 cierran los cinco primeros. Colnaghi es 21\u00b0 con un punto.<\/p>\n\n\n\n<p class=\"wp-block-paragraph\">\u23e9&nbsp;<strong><em>\u00a1Seguinos en redes por&nbsp;<\/em><\/strong><a href=\"https:\/\/twitter.com\/grandepremioES\"><em>Twitter&nbsp;<\/em><\/a><strong><em>e&nbsp;<\/em><\/strong><a href=\"https:\/\/www.instagram.com\/grandepremioes\/\"><em>Instagram!<br><\/em><\/a>\u23e9&nbsp;<strong><em>Adem\u00e1s, tenemos nuestro&nbsp;<\/em><\/strong><a href=\"https:\/\/whatsapp.com\/channel\/0029VaDZ5zb0gcfDxuwxBM05\"><em>canal de Whatsapp<\/em><\/a><strong><em>&nbsp;con toda la informaci\u00f3n al instante<\/em><\/strong>&nbsp;\ud83c\udfc1<\/p>\n\n\n\n<p class=\"wp-block-paragraph\">La F\u00f3rmula 3 regresar\u00e1 en dos semanas, entre el 26 y el 28 de junio en el circuito de <strong>Red Bull Ring<\/strong>, como parte de la programaci\u00f3n del GP de Austria de la F\u00f3rmula 1.<\/p>\n","protected":false},"excerpt":{"rendered":"<p>Mattia Colnaghi no pudo sumar puntos en la tercera fecha de la F\u00f3rmula 3 en 2026 desarrollada en el circuito de Barcelona, y se\u00f1al\u00f3 que aun deben trabajar para \u201cestar donde queremos estar\u201d en la categor\u00eda, tras otro paso complicado en la temporada. <\/p>\n","protected":false},"author":0,"featured_media":1010405012,"comment_status":"closed","ping_status":"closed","sticky":false,"template":"","format":"standard","meta":{"42wp_featured_image_caption":"","42wp_featured_image_credits":"","42wp_featured_video":"","42wp_featured_image_hidden":false,"42wp_authors_list":[],"footnotes":""},"categories":[4],"tags":[577,7883,12155,1128,10935,11070,387,243,7384,6789],"42wp_author":[14237],"class_list":["post-34258","post","type-post","status-publish","format-standard","has-post-thumbnail","hentry","category-f3","tag-barcelona","tag-brando-badoer","tag-bruno-del-pino","tag-formula-3","tag-freddie-slater","tag-mattia-colnaghi","tag-mp-motorsport","tag-red-bull-ring","tag-theophile-nael","tag-ugo-ugochukwu","42wp_author-gabriel-garcia"],"_links":{"self":[{"href":"https:\/\/grandepremio.com\/es\/wp-json\/wp\/v2\/posts\/34258","targetHints":{"allow":["GET"]}}],"collection":[{"href":"https:\/\/grandepremio.com\/es\/wp-json\/wp\/v2\/posts"}],"about":[{"href":"https:\/\/grandepremio.com\/es\/wp-json\/wp\/v2\/types\/post"}],"replies":[{"embeddable":true,"href":"https:\/\/grandepremio.com\/es\/wp-json\/wp\/v2\/comments?post=34258"}],"version-history":[{"count":0,"href":"https:\/\/grandepremio.com\/es\/wp-json\/wp\/v2\/posts\/34258\/revisions"}],"wp:featuredmedia":[{"embeddable":true,"href":"https:\/\/grandepremio.com\/es\/wp-json\/wp\/v2\/media\/1010405012"}],"wp:attachment":[{"href":"https:\/\/grandepremio.com\/es\/wp-json\/wp\/v2\/media?parent=34258"}],"wp:term":[{"taxonomy":"category","embeddable":true,"href":"https:\/\/grandepremio.com\/es\/wp-json\/wp\/v2\/categories?post=34258"},{"taxonomy":"post_tag","embeddable":true,"href":"https:\/\/grandepremio.com\/es\/wp-json\/wp\/v2\/tags?post=34258"},{"taxonomy":"42wp_author","embeddable":true,"href":"https:\/\/grandepremio.com\/es\/wp-json\/wp\/v2\/42wp_author?post=34258"}],"curies":[{"name":"wp","href":"https:\/\/api.w.org\/{rel}","templated":true}]}}