{"id":3430,"date":"2026-01-01T13:19:48","date_gmt":"2026-01-01T16:19:48","guid":{"rendered":"https:\/\/grandepremio.com\/es\/2026\/01\/01\/nico-hulkenberg-audi-proceso-gradual-preparativos-debut-f1-2026\/"},"modified":"2026-01-01T13:19:52","modified_gmt":"2026-01-01T16:19:52","slug":"nico-hulkenberg-audi-proceso-gradual-preparativos-debut-f1-2026","status":"publish","type":"post","link":"https:\/\/grandepremio.com\/es\/f1\/nico-hulkenberg-audi-proceso-gradual-preparativos-debut-f1-2026\/","title":{"rendered":"H\u00fclkenberg ve a Audi en un &#8220;proceso gradual&#8221; en la previa de su debut en F1 2026"},"content":{"rendered":"\n<p class=\"wp-block-paragraph\"><strong>Nico H\u00fclkenberg<\/strong> afirm\u00f3 que <strong>Audi <\/strong>a\u00fan se encuentra en un proceso gradual de transici\u00f3n hacia una estructura plenamente consolidada como equipo de f\u00e1brica en la <strong>F\u00f3rmula 1<\/strong>, con el objetivo de debutar oficialmente en 2026. Seg\u00fan el alem\u00e1n, la sensaci\u00f3n interna ya es de competitividad, pero el paso definitivo solo se dar\u00e1 a lo largo de este a\u00f1o, cuando el coche salga a la pista por primera vez.<\/p>\n\n\n\n<p class=\"wp-block-paragraph\">\ud83d\udfe5&nbsp;<strong><em>\u00a1Todas las novedades te esperan en el canal de&nbsp;<\/em><\/strong><a href=\"https:\/\/www.youtube.com\/@GrandePremioES\"><em>YouTube<\/em><\/a><strong><em>&nbsp;de Grande Pr\u00eamio en Espa\u00f1ol!<\/em><\/strong>&nbsp;\ud83d\udfe8<\/p>\n\n\n\n<p class=\"wp-block-paragraph\">En una entrevista con GRANDE PR\u00caMIO en <strong>Abu Dhabi<\/strong>, el alem\u00e1n habl\u00f3 sobre la etapa actual de preparaci\u00f3n e indic\u00f3 que, aunque el equipo ya se ve a s\u00ed mismo como un competidor serio, la transformaci\u00f3n completa sigue en marcha.<\/p>\n\n\n\n<p class=\"wp-block-paragraph\">El piloto destac\u00f3 que el proceso hasta la entrada definitiva de <strong>Audi <\/strong>en la parrilla se est\u00e1 llevando a cabo de forma progresiva y deber\u00eda seguir el mismo ritmo durante el invierno europeo. Aun as\u00ed, reforz\u00f3 que la percepci\u00f3n interna tiene menos importancia que el trabajo diario.<\/p>\n\n\n\n<p class=\"wp-block-paragraph\">\u00abEsa sensaci\u00f3n de equipo de f\u00e1brica se dar\u00e1 m\u00e1s el pr\u00f3ximo a\u00f1o. \u00bfC\u00f3mo nos sentimos ahora? Tambi\u00e9n nos sentimos como un competidor serio. Todos sabemos que eso est\u00e1 por venir. Ha sido un proceso gradual y seguir\u00e1 si\u00e9ndolo durante el invierno. Pero realmente no importa c\u00f3mo nos sintamos. Solo tenemos que trabajar bien como equipo\u00bb, afirm\u00f3.<\/p>\n\n\n\n<p class=\"wp-block-paragraph\">\u23e9\u00a0<strong><em>\u00a1Seguinos en redes por\u00a0<\/em><\/strong><a href=\"https:\/\/twitter.com\/grandepremioES\"><em>Twitter\u00a0<\/em><\/a><strong><em>e\u00a0<\/em><\/strong><a href=\"https:\/\/www.instagram.com\/grandepremioes\/\"><em>Instagram!<\/em><\/a><br>\u23e9\u00a0<strong><em>Adem\u00e1s, tenemos nuestro\u00a0<\/em><\/strong><a href=\"https:\/\/whatsapp.com\/channel\/0029VaDZ5zb0gcfDxuwxBM05\"><em>canal de Whatsapp<\/em><\/a><strong><em>\u00a0con toda la informaci\u00f3n al instante<\/em><\/strong>\u00a0\ud83c\udfc1<\/p>\n\n\n\n<figure class=\"wp-block-image size-large\"><img decoding=\"async\" src=\"https:\/\/grandepremio.com\/es\/wp-content\/uploads\/2025\/12\/Audi-1-1024x576.jpg\" alt=\"\" class=\"wp-image-384828\"\/><figcaption class=\"wp-element-caption\">Audi debuta como equipo y proveedor de motores en la temporada 2026 de F1 (Foto: Audi)<\/figcaption><\/figure>\n\n\n\n<p class=\"wp-block-paragraph\"><strong>H\u00fclkenberg <\/strong>tambi\u00e9n coment\u00f3 el nivel de implicaci\u00f3n en el desarrollo del proyecto para 2026, junto a <strong>Gabriel Bortoleto<\/strong>. Destac\u00f3 que, por ahora, todo se desarrolla de forma virtual. Sin un coche f\u00edsico disponible, la preparaci\u00f3n se centra principalmente en simulaciones.<\/p>\n\n\n\n<p class=\"wp-block-paragraph\">\u00abEstamos involucrados hasta cierto punto, pero a\u00fan queda mucho por hacer. Obviamente, el coche no est\u00e1 f\u00edsicamente disponible para nadie. Ahora todo es simulaci\u00f3n, as\u00ed que a\u00fan no se ha hecho totalmente realidad\u00bb, explic\u00f3.<\/p>\n\n\n\n<p class=\"wp-block-paragraph\">La&nbsp;<strong>F\u00f3rmula 1<\/strong>&nbsp;se encuentra de vacaciones. Los monoplazas volver\u00e1n a la acci\u00f3n entre el 26 y el 30 de enero, en los test privados de&nbsp;<strong>Barcelona<\/strong>, \u200b\u200by luego ir\u00e1n a&nbsp;<strong>Bahr\u00e9in<\/strong>&nbsp;para dos sesiones m\u00e1s de pretemporada, del 11 al 13 y del 18 al 20 de febrero.<\/p>\n\n\n\n<figure class=\"wp-block-embed is-type-video is-provider-youtube wp-block-embed-youtube wp-embed-aspect-16-9 wp-has-aspect-ratio\"><div class=\"wp-block-embed__wrapper\">\n<iframe loading=\"lazy\" title=\"EL SEM\u00c1FORO DE LA TEMPORADA: DESTACADOS Y DECEPCIONES DE F1 2025\" width=\"500\" height=\"281\" src=\"https:\/\/www.youtube.com\/embed\/ASM4PJM4YXg?feature=oembed\" frameborder=\"0\" allow=\"accelerometer; autoplay; clipboard-write; encrypted-media; gyroscope; picture-in-picture; web-share\" referrerpolicy=\"strict-origin-when-cross-origin\" allowfullscreen><\/iframe>\n<\/div><\/figure>\n","protected":false},"excerpt":{"rendered":"<p>En una entrevista con GRANDE PR\u00caMIO, Nico H\u00fclkenberg explic\u00f3 que Audi sigue centrada en las simulaciones para la nueva normativa y que la evoluci\u00f3n del equipo se conocer\u00e1 a lo largo de la temporada 2026<\/p>\n","protected":false},"author":0,"featured_media":1010385665,"comment_status":"closed","ping_status":"closed","sticky":false,"template":"","format":"standard","meta":{"42wp_featured_image_caption":"","42wp_featured_image_credits":"","42wp_featured_video":"","42wp_featured_image_hidden":false,"42wp_authors_list":[],"footnotes":""},"categories":[5],"tags":[612,181,1680,179,2429,1488,8588,4010],"42wp_author":[14239],"class_list":["post-3430","post","type-post","status-publish","format-standard","has-post-thumbnail","hentry","category-f1","tag-audi","tag-f1","tag-f1-2026","tag-formula-1","tag-formula-1-2026","tag-grande-premio","tag-nico-hlkenberg","tag-temporada-2026-f1","42wp_author-jp-otrosky"],"_links":{"self":[{"href":"https:\/\/grandepremio.com\/es\/wp-json\/wp\/v2\/posts\/3430","targetHints":{"allow":["GET"]}}],"collection":[{"href":"https:\/\/grandepremio.com\/es\/wp-json\/wp\/v2\/posts"}],"about":[{"href":"https:\/\/grandepremio.com\/es\/wp-json\/wp\/v2\/types\/post"}],"replies":[{"embeddable":true,"href":"https:\/\/grandepremio.com\/es\/wp-json\/wp\/v2\/comments?post=3430"}],"version-history":[{"count":0,"href":"https:\/\/grandepremio.com\/es\/wp-json\/wp\/v2\/posts\/3430\/revisions"}],"wp:featuredmedia":[{"embeddable":true,"href":"https:\/\/grandepremio.com\/es\/wp-json\/wp\/v2\/media\/1010385665"}],"wp:attachment":[{"href":"https:\/\/grandepremio.com\/es\/wp-json\/wp\/v2\/media?parent=3430"}],"wp:term":[{"taxonomy":"category","embeddable":true,"href":"https:\/\/grandepremio.com\/es\/wp-json\/wp\/v2\/categories?post=3430"},{"taxonomy":"post_tag","embeddable":true,"href":"https:\/\/grandepremio.com\/es\/wp-json\/wp\/v2\/tags?post=3430"},{"taxonomy":"42wp_author","embeddable":true,"href":"https:\/\/grandepremio.com\/es\/wp-json\/wp\/v2\/42wp_author?post=3430"}],"curies":[{"name":"wp","href":"https:\/\/api.w.org\/{rel}","templated":true}]}}