{"id":3445,"date":"2025-12-31T11:14:23","date_gmt":"2025-12-31T14:14:23","guid":{"rendered":"https:\/\/grandepremio.com\/es\/2025\/12\/31\/semaforo-de-la-temporada-destacados-decepciones-formula-1-2025\/"},"modified":"2025-12-31T11:14:28","modified_gmt":"2025-12-31T14:14:28","slug":"semaforo-de-la-temporada-destacados-decepciones-formula-1-2025","status":"publish","type":"post","link":"https:\/\/grandepremio.com\/es\/f1\/semaforo-de-la-temporada-destacados-decepciones-formula-1-2025\/","title":{"rendered":"El sem\u00e1foro de la temporada: los destacados y las decepciones de la F\u00f3rmula 1 en 2025"},"content":{"rendered":"\n<p class=\"wp-block-paragraph\">La <strong>F\u00f3rmula 1<\/strong> concluy\u00f3 una temporada que se anticipaba como de transici\u00f3n, en la que el reglamento implementado en <strong>2022<\/strong> llegaba a su fin y los equipos se preparaban para la llegada de las nuevas reglas en 2026.<\/p>\n\n\n\n<p class=\"wp-block-paragraph\">Sin embargo, el a\u00f1o cont\u00f3 con cambios de pilotos en distintos equipos, hubo salidas importantes de directivos, ca\u00eddas y recuperaciones a lo largo de la temporada. En <strong>GRANDE PR\u00caMIO en Espa\u00f1ol<\/strong>, despedimos la <strong>temporada 2025<\/strong> con los destacados y las decepciones de la m\u00e1xima categor\u00eda.<\/p>\n\n\n\n<p class=\"wp-block-paragraph\">Al estilo del sem\u00e1foro con el que se analiza cada post <strong>Gran Premio<\/strong> de F1, el 2025 tiene su propio an\u00e1lisis general con los puntos altos, medios y bajos del a\u00f1o. La luz roja representa los peores desempe\u00f1os o las grandes decepciones, como lo fue la pobre actuaci\u00f3n de <strong>Lewis Hamilton<\/strong> en <strong>Ferrari<\/strong>, la oportunidad desaprovechada de <strong>Yuki Tsunoda<\/strong> en <strong>Red Bull<\/strong> o el a\u00f1o para el olvido de <strong>Alpine<\/strong>.<\/p>\n\n\n\n<p class=\"wp-block-paragraph\">\ud83d\udfe5&nbsp;<strong><em>\u00a1Todas las novedades te esperan en el canal de&nbsp;<\/em><\/strong><a href=\"https:\/\/www.youtube.com\/@GrandePremioES\"><em>YouTube<\/em><\/a><strong><em>&nbsp;de Grande Pr\u00eamio en Espa\u00f1ol!<\/em><\/strong>&nbsp;\ud83d\udfe8<\/p>\n\n\n\n<figure class=\"wp-block-embed is-type-rich is-provider-gestor-del-servicio wp-block-embed-gestor-del-servicio wp-embed-aspect-16-9 wp-has-aspect-ratio\"><div class=\"wp-block-embed__wrapper\">\n<iframe loading=\"lazy\" title=\"EL SEM\u00c1FORO DE LA TEMPORADA: DESTACADOS Y DECEPCIONES DE F1 2025\" width=\"500\" height=\"281\" src=\"https:\/\/www.youtube.com\/embed\/ASM4PJM4YXg?feature=oembed\" frameborder=\"0\" allow=\"accelerometer; autoplay; clipboard-write; encrypted-media; gyroscope; picture-in-picture; web-share\" referrerpolicy=\"strict-origin-when-cross-origin\" allowfullscreen><\/iframe>\n<\/div><\/figure>\n\n\n\n<p class=\"wp-block-paragraph\">\u23e9&nbsp;<strong><em>\u00a1Seguinos en redes por&nbsp;<\/em><\/strong><a href=\"https:\/\/twitter.com\/grandepremioES\"><em>Twitter&nbsp;<\/em><\/a><strong><em>e&nbsp;<\/em><\/strong><a href=\"https:\/\/www.instagram.com\/grandepremioes\/\"><em>Instagram!<\/em><\/a><br>\u23e9&nbsp;<strong><em>Adem\u00e1s, tenemos nuestro&nbsp;<\/em><\/strong><a href=\"https:\/\/whatsapp.com\/channel\/0029VaDZ5zb0gcfDxuwxBM05\"><em>canal de Whatsapp<\/em><\/a><strong><em>&nbsp;con toda la informaci\u00f3n al instante<\/em><\/strong>&nbsp;\ud83c\udfc1<\/p>\n\n\n\n<p class=\"wp-block-paragraph\">En la luz amarilla se ubican las turbulencias y los altibajos de <strong>Red Bull<\/strong> dentro y fuera de pista, adem\u00e1s de la explotaci\u00f3n al m\u00e1ximo de <strong>Fernando Alonso<\/strong> a un mediocre <strong>AMR25<\/strong> de <strong>Aston Martin<\/strong>, as\u00ed como el bache y los podios de <strong>Andrea Kimi Antonelli<\/strong> en su debut con <strong>Mercedes<\/strong>.<\/p>\n\n\n\n<p class=\"wp-block-paragraph\">Por \u00faltimo, las mejores actuaciones de la luz verde abarca a la fortaleza de <strong>Max Verstappen<\/strong> y el recorte de m\u00e1s de 100 puntos en el <strong>Mundial de Pilotos<\/strong>, as\u00ed como el sorprendente debut con podio incluido de <strong>Isack Hadjar<\/strong> en <strong>Racing Bulls<\/strong> que le hizo ganarse un lugar en la escuder\u00eda principal y la recuperaci\u00f3n conductiva y mental de <strong>Lando Norris<\/strong> para lograr el t\u00edtulo de 2025.<\/p>\n\n\n\n<p class=\"wp-block-paragraph\">La&nbsp;<strong>F\u00f3rmula 1<\/strong>&nbsp;est\u00e1 oficialmente de vacaciones. Los monoplazas volver\u00e1n a la acci\u00f3n entre el 26 y el 30 de enero, en los test privados de&nbsp;<strong>Barcelona<\/strong>, \u200b\u200by luego ir\u00e1n a&nbsp;<strong>Bahr\u00e9in<\/strong>&nbsp;para dos sesiones m\u00e1s de pretemporada, del 11 al 13 y del 18 al 20 de febrero.<\/p>\n","protected":false},"excerpt":{"rendered":"<p>La temporada 2025 de F1 se despide con puntos altos de rendimiento tanto a nivel individual como equipos, as\u00ed como otras asociaciones prometedoras a principio de a\u00f1o que no lograron su cometido y otras actuaciones que dejaron que desear.<\/p>\n","protected":false},"author":0,"featured_media":1001045054,"comment_status":"closed","ping_status":"closed","sticky":false,"template":"","format":"standard","meta":{"42wp_featured_image_caption":"","42wp_featured_image_credits":"","42wp_featured_video":"","42wp_featured_image_hidden":false,"42wp_authors_list":[],"footnotes":""},"categories":[5],"tags":[678,11652,209,1710,184,179,2300,199,249,269,9812,206],"42wp_author":[14240],"class_list":["post-3445","post","type-post","status-publish","format-standard","has-post-thumbnail","hentry","category-f1","tag-alpine","tag-amr25","tag-aston-martin","tag-f1-2025","tag-fernando-alonso","tag-formula-1","tag-isack-hadjar","tag-lewis-hamilton","tag-max-verstappen","tag-mclaren","tag-racing-bulls","tag-red-bull","42wp_author-ignacio-bogado"],"_links":{"self":[{"href":"https:\/\/grandepremio.com\/es\/wp-json\/wp\/v2\/posts\/3445","targetHints":{"allow":["GET"]}}],"collection":[{"href":"https:\/\/grandepremio.com\/es\/wp-json\/wp\/v2\/posts"}],"about":[{"href":"https:\/\/grandepremio.com\/es\/wp-json\/wp\/v2\/types\/post"}],"replies":[{"embeddable":true,"href":"https:\/\/grandepremio.com\/es\/wp-json\/wp\/v2\/comments?post=3445"}],"version-history":[{"count":0,"href":"https:\/\/grandepremio.com\/es\/wp-json\/wp\/v2\/posts\/3445\/revisions"}],"wp:featuredmedia":[{"embeddable":true,"href":"https:\/\/grandepremio.com\/es\/wp-json\/wp\/v2\/media\/1001045054"}],"wp:attachment":[{"href":"https:\/\/grandepremio.com\/es\/wp-json\/wp\/v2\/media?parent=3445"}],"wp:term":[{"taxonomy":"category","embeddable":true,"href":"https:\/\/grandepremio.com\/es\/wp-json\/wp\/v2\/categories?post=3445"},{"taxonomy":"post_tag","embeddable":true,"href":"https:\/\/grandepremio.com\/es\/wp-json\/wp\/v2\/tags?post=3445"},{"taxonomy":"42wp_author","embeddable":true,"href":"https:\/\/grandepremio.com\/es\/wp-json\/wp\/v2\/42wp_author?post=3445"}],"curies":[{"name":"wp","href":"https:\/\/api.w.org\/{rel}","templated":true}]}}