{"id":3457,"date":"2025-12-30T08:52:42","date_gmt":"2025-12-30T11:52:42","guid":{"rendered":"https:\/\/grandepremio.com\/es\/2025\/12\/30\/sauber-gabriel-bortoleto-temporada-excepcional\/"},"modified":"2025-12-30T08:52:45","modified_gmt":"2025-12-30T11:52:45","slug":"sauber-gabriel-bortoleto-temporada-excepcional","status":"publish","type":"post","link":"https:\/\/grandepremio.com\/es\/f1\/sauber-gabriel-bortoleto-temporada-excepcional\/","title":{"rendered":"Jefe exalta &#8220;temporada excepcional&#8221; de Bortoleto en Sauber: &#8220;Hizo todo bien&#8221;"},"content":{"rendered":"\n<p class=\"wp-block-paragraph\"><strong>Gabriel Bortoleto<\/strong> complet\u00f3 su primera temporada en la<strong> F\u00f3rmula 1<\/strong> con <strong>Sauber,<\/strong> que pasar\u00e1 a ser <strong>Audi<\/strong> a partir de 2026. <strong>Jonathan Wheatley,<\/strong> jefe del equipo, elogi\u00f3 al brasile\u00f1o y expres\u00f3 que su primer a\u00f1o en la categor\u00eda hab\u00eda sido excepcional. El directivo brit\u00e1nico coment\u00f3 adem\u00e1s que no ten\u00eda muchos consejos que darle, ya que el piloto del auto #5 hab\u00eda hecho &#8220;todo bien&#8221;.<\/p>\n\n\n\n<p class=\"wp-block-paragraph\">Tras ganar t\u00edtulos consecutivos en<strong> F\u00f3rmula 3 y F\u00f3rmula 2,<\/strong> Bortoleto debut\u00f3 con Sauber, que ven\u00eda de una temporada muy mala en 2024, pero que dispon\u00eda de una de las pocas plazas que quedaban en la parrilla y le ofreci\u00f3 un contrato de dos a\u00f1os.<\/p>\n\n\n\n<p class=\"wp-block-paragraph\">El C45 no fue competitivo en las primeras etapas y, con la excepci\u00f3n de los puntos de <strong>Nico H\u00fclkenberg<\/strong> en el <strong>GP de Australia<\/strong>, el equipo no se acerc\u00f3 a la zona de puntuaci\u00f3n. Sin embargo, la situaci\u00f3n cambi\u00f3 cuando llegaron importantes actualizaciones en el <strong>GP de Espa\u00f1a<\/strong>, que coloc\u00f3 al equipo en la mitad del pelot\u00f3n.<\/p>\n\n\n\n<p class=\"wp-block-paragraph\"><strong><em>\u00a1Todas las novedades te esperan en el canal de\u00a0<a href=\"https:\/\/www.youtube.com\/@GrandePremioES\" target=\"_blank\" rel=\"noreferrer noopener\">YouTube<\/a>\u00a0de Grande Pr\u00eamio en Espa\u00f1ol!<\/em><\/strong><\/p>\n\n\n\n<figure class=\"wp-block-embed is-type-video is-provider-youtube wp-block-embed-youtube wp-embed-aspect-16-9 wp-has-aspect-ratio\"><div class=\"wp-block-embed__wrapper\">\n<iframe loading=\"lazy\" title=\"MERCEDES PONE EN PIE DE GUERRA A LA F\u00d3RMULA 1 POR LOS MOTORES DE 2026\" width=\"500\" height=\"281\" src=\"https:\/\/www.youtube.com\/embed\/M5x7KRRAn4M?feature=oembed\" frameborder=\"0\" allow=\"accelerometer; autoplay; clipboard-write; encrypted-media; gyroscope; picture-in-picture; web-share\" referrerpolicy=\"strict-origin-when-cross-origin\" allowfullscreen><\/iframe>\n<\/div><\/figure>\n\n\n\n<p class=\"wp-block-paragraph\">La fase europea del campeonato fue donde Gabriel obtuvo los mejores resultados de la temporada: octavo en Austria, noveno en B\u00e9lgica, sexto en Hungr\u00eda y octavo en Monza. Su rendimiento en la clasificaci\u00f3n tambi\u00e9n fue s\u00f3lido, ya que termin\u00f3 empatado 12 a 12 con H\u00fclkenberg en el mano a mano. Con este panorama, Wheatley qued\u00f3 impresionado con la temporada debut del brasile\u00f1o.<\/p>\n\n\n\n<p class=\"wp-block-paragraph\">\u00abLo est\u00e1 haciendo todo bien y va seg\u00fan lo previsto: est\u00e1 formando un equipo a su alrededor\u00bb, comenz\u00f3 diciendo el jefe de Audi. \u00abGabriel est\u00e1 montando un equipo de ingenieros a su alrededor. Est\u00e1 entendiendo el coche y controlando la frustraci\u00f3n\u00bb, continu\u00f3.<\/p>\n\n\n\n<p class=\"wp-block-paragraph\"><strong><em>\u00a1Seguinos en redes por\u00a0<a href=\"https:\/\/twitter.com\/grandepremioES\" target=\"_blank\" rel=\"noreferrer noopener\">Twitter\u00a0<\/a>e\u00a0<a href=\"https:\/\/www.instagram.com\/grandepremioes\/\" target=\"_blank\" rel=\"noreferrer noopener\">Instagram!<\/a><\/em><\/strong><br><strong><em>Adem\u00e1s, tenemos nuestro\u00a0<a href=\"https:\/\/whatsapp.com\/channel\/0029VaDZ5zb0gcfDxuwxBM05\" target=\"_blank\" rel=\"noreferrer noopener\">canal de Whatsapp<\/a>\u00a0con toda la informaci\u00f3n al instante<\/em><\/strong><\/p>\n\n\n\n<figure class=\"wp-block-image size-large\"><img decoding=\"async\" src=\"https:\/\/grandepremio.com\/cdn-cgi\/image\/width=893,height=558,fit=contain,gravity=0.5x0.5,quality=75,format=webp\/es\/wp-content\/uploads\/2025\/12\/image-21-1024x683.png\" alt=\"\" class=\"wp-image-385489\"\/><figcaption class=\"wp-element-caption\">Gabriel Bortoleto tuvo un sexto puesto como mejor resultado en la F\u00f3rmula 1. (Foto: Sauber)<\/figcaption><\/figure>\n\n\n\n<p class=\"wp-block-paragraph\">\u00abBortoleto es un piloto joven. Escuchas los mensajes de radio y te das cuenta de que entiende que el equipo est\u00e1 en un proceso\u00bb, destac\u00f3 el dirigente.<\/p>\n\n\n\n<p class=\"wp-block-paragraph\">\u00abNo tengo ning\u00fan consejo que no le haya dado ya personalmente, pero creo que, si miramos su temporada de debut, ha sido una temporada excepcional\u00bb, finaliz\u00f3 Wheatley.<\/p>\n\n\n\n<p class=\"wp-block-paragraph\"><strong>La F\u00f3rmula 1 retornar\u00e1 entre el 26 y el 30 de enero con pruebas privadas en Barcelona. Despu\u00e9s, har\u00e1 otras dos sesiones de pretemporada: del 11 al 13 y del 18 al 20 de febrero en Bahr\u00e9in.<\/strong><\/p>\n\n\n\n<p class=\"wp-block-paragraph\"><\/p>\n","protected":false},"excerpt":{"rendered":"<p>Jonathan Wheatley, jefe de Sauber, termin\u00f3 muy satisfecho con la temporada debut de Gabriel Bortoleto en la F\u00f3rmula 1, y consider\u00f3 que el brasile\u00f1o &#8220;hizo todo bien&#8221; en su primer a\u00f1o.<\/p>\n","protected":false},"author":0,"featured_media":1010384432,"comment_status":"closed","ping_status":"closed","sticky":false,"template":"","format":"standard","meta":{"42wp_featured_image_caption":"","42wp_featured_image_credits":"","42wp_featured_video":"","42wp_featured_image_hidden":false,"42wp_authors_list":[],"footnotes":""},"categories":[5],"tags":[181,1710,179,4071,2173,497],"42wp_author":[14223],"class_list":["post-3457","post","type-post","status-publish","format-standard","has-post-thumbnail","hentry","category-f1","tag-f1","tag-f1-2025","tag-formula-1","tag-gabriel-bortoleto","tag-jonathan-wheatley","tag-sauber","42wp_author-esteban-nieto"],"_links":{"self":[{"href":"https:\/\/grandepremio.com\/es\/wp-json\/wp\/v2\/posts\/3457","targetHints":{"allow":["GET"]}}],"collection":[{"href":"https:\/\/grandepremio.com\/es\/wp-json\/wp\/v2\/posts"}],"about":[{"href":"https:\/\/grandepremio.com\/es\/wp-json\/wp\/v2\/types\/post"}],"replies":[{"embeddable":true,"href":"https:\/\/grandepremio.com\/es\/wp-json\/wp\/v2\/comments?post=3457"}],"version-history":[{"count":0,"href":"https:\/\/grandepremio.com\/es\/wp-json\/wp\/v2\/posts\/3457\/revisions"}],"wp:featuredmedia":[{"embeddable":true,"href":"https:\/\/grandepremio.com\/es\/wp-json\/wp\/v2\/media\/1010384432"}],"wp:attachment":[{"href":"https:\/\/grandepremio.com\/es\/wp-json\/wp\/v2\/media?parent=3457"}],"wp:term":[{"taxonomy":"category","embeddable":true,"href":"https:\/\/grandepremio.com\/es\/wp-json\/wp\/v2\/categories?post=3457"},{"taxonomy":"post_tag","embeddable":true,"href":"https:\/\/grandepremio.com\/es\/wp-json\/wp\/v2\/tags?post=3457"},{"taxonomy":"42wp_author","embeddable":true,"href":"https:\/\/grandepremio.com\/es\/wp-json\/wp\/v2\/42wp_author?post=3457"}],"curies":[{"name":"wp","href":"https:\/\/api.w.org\/{rel}","templated":true}]}}