{"id":3459,"date":"2025-12-30T07:30:55","date_gmt":"2025-12-30T10:30:55","guid":{"rendered":"https:\/\/grandepremio.com\/es\/2025\/12\/30\/ruanda-fecha-entrada-calendario-formula-1-2025\/"},"modified":"2025-12-30T07:30:58","modified_gmt":"2025-12-30T10:30:58","slug":"ruanda-fecha-entrada-calendario-formula-1-2025","status":"publish","type":"post","link":"https:\/\/grandepremio.com\/es\/f1\/ruanda-fecha-entrada-calendario-formula-1-2025\/","title":{"rendered":"Ruanda promete &#8220;sorpresas agradables&#8221; y define fecha para entrar al calendario de F1"},"content":{"rendered":"\n<p class=\"wp-block-paragraph\"><a href=\"https:\/\/grandepremio.com\/es\/f1\/gp-de-ruanda-f1-regreso-africa-reunion-domenicali-septiembre\/\">Un a\u00f1o despu\u00e9s de presentar oficialmente su candidatura ante la <strong>FIA<\/strong><\/a><strong>, Ruanda <\/strong>volvi\u00f3 a expresar su deseo de formar parte del calendario de la <strong>F\u00f3rmula 1 <\/strong>y fij\u00f3 <strong>2029<\/strong> como fecha l\u00edmite para alcanzar ese objetivo. El director ejecutivo del Consejo de Desarrollo del pa\u00eds, <strong>Jean-Guy Afrika<\/strong>, dio detalles sobre el avance del proyecto.<\/p>\n\n\n\n<p class=\"wp-block-paragraph\">Tras ampliar su presencia en mercados clave, como Oriente Medio y Estados Unidos, e incentivar la modernizaci\u00f3n de los circuitos cl\u00e1sicos de Europa, el gran objetivo de <strong>Liberty Media<\/strong>, grupo que posee los derechos comerciales del Mundial, es lograr que la categor\u00eda vuelva al continente africano. La \u00faltima carrera celebrada all\u00ed fue el <strong>Gran Premio de Sud\u00e1frica de 1993,<\/strong> en el circuito de <strong>Kyalami.<\/strong><\/p>\n\n\n\n<p class=\"wp-block-paragraph\">Cabe recordar que <strong>Nigeria, Marruecos<\/strong> e incluso <strong>Sud\u00e1frica<\/strong> tambi\u00e9n desarrollaron planes para recibir a la F1 en el futuro, aunque Ruanda se perfila como el principal candidato. Seg\u00fan Afrika, el objetivo es convertir al pa\u00eds en un destino de entretenimiento, no solo durante la semana de la carrera, y explic\u00f3 c\u00f3mo el aeropuerto local tendr\u00e1 un papel fundamental en ello.<\/p>\n\n\n\n<p class=\"wp-block-paragraph\"><strong><em>\u00a1Todas las novedades te esperan en el canal de\u00a0<a href=\"https:\/\/www.youtube.com\/@GrandePremioES\" target=\"_blank\" rel=\"noreferrer noopener\">YouTube<\/a>\u00a0de Grande Pr\u00eamio en Espa\u00f1ol!<\/em><\/strong><\/p>\n\n\n\n<figure class=\"wp-block-embed is-type-video is-provider-youtube wp-block-embed-youtube wp-embed-aspect-16-9 wp-has-aspect-ratio\"><div class=\"wp-block-embed__wrapper\">\n<iframe loading=\"lazy\" title=\"MERCEDES PONE EN PIE DE GUERRA A LA F\u00d3RMULA 1 POR LOS MOTORES DE 2026\" width=\"500\" height=\"281\" src=\"https:\/\/www.youtube.com\/embed\/M5x7KRRAn4M?feature=oembed\" frameborder=\"0\" allow=\"accelerometer; autoplay; clipboard-write; encrypted-media; gyroscope; picture-in-picture; web-share\" referrerpolicy=\"strict-origin-when-cross-origin\" allowfullscreen><\/iframe>\n<\/div><\/figure>\n\n\n\n<p class=\"wp-block-paragraph\"><strong><em>\u00a1Seguinos en redes por\u00a0<a href=\"https:\/\/twitter.com\/grandepremioES\" target=\"_blank\" rel=\"noreferrer noopener\">Twitter\u00a0<\/a>e\u00a0<a href=\"https:\/\/www.instagram.com\/grandepremioes\/\" target=\"_blank\" rel=\"noreferrer noopener\">Instagram!<\/a><\/em><\/strong><br><strong><em>Adem\u00e1s, tenemos nuestro\u00a0<a href=\"https:\/\/whatsapp.com\/channel\/0029VaDZ5zb0gcfDxuwxBM05\" target=\"_blank\" rel=\"noreferrer noopener\">canal de Whatsapp<\/a>\u00a0con toda la informaci\u00f3n al instante<\/em><\/strong><\/p>\n\n\n\n<p class=\"wp-block-paragraph\">\u00abEstamos compitiendo para posiblemente albergar un evento de F1 en 2029. Queremos utilizar el aeropuerto como una oportunidad para desarrollar pr\u00e1cticamente una nueva ciudad. El circuito que nos gustar\u00eda construir implica toda una idea de instalaciones recreativas, porque la gente va a la F1 principalmente para divertirse\u00bb, expres\u00f3 el l\u00edder pol\u00edtico en una entrevista con el peri\u00f3dico <em>The Athletic.<\/em><\/p>\n\n\n\n<p class=\"wp-block-paragraph\">\u00abSe desarrollar\u00e1 el aeropuerto y las negociaciones con la F1 incluir\u00e1n el circuito. La F1 es un deporte que nos interesa mucho, incluso m\u00e1s all\u00e1 del circuito, en t\u00e9rminos de lo que podemos hacer en el futuro\u00bb, a\u00f1adi\u00f3, antes de terminar con una declaraci\u00f3n enigm\u00e1tica. \u00abPresten atenci\u00f3n, porque quiz\u00e1 pronto haya algunas sorpresas agradables\u00bb, advirti\u00f3.<\/p>\n\n\n\n<p class=\"wp-block-paragraph\"><strong>La F\u00f3rmula 1 volver\u00e1 del 26 al 30 de enero con pruebas privadas en Barcelona. Despu\u00e9s, en Bahr\u00e9in habr\u00e1 otras dos sesiones de pretemporada: del 11 al 13 y del 18 al 20 de febrero.<\/strong><\/p>\n\n\n\n<p class=\"wp-block-paragraph\"><\/p>\n","protected":false},"excerpt":{"rendered":"<p>Ruanda contin\u00faa con su plan de incoporarse al calendario de la F\u00f3rmula 1, y  ya fij\u00f3 una fecha para llevar a cabo su primer evento de la categor\u00eda.<\/p>\n","protected":false},"author":0,"featured_media":1000851648,"comment_status":"closed","ping_status":"closed","sticky":false,"template":"","format":"standard","meta":{"42wp_featured_image_caption":"","42wp_featured_image_credits":"","42wp_featured_video":"","42wp_featured_image_hidden":false,"42wp_authors_list":[],"footnotes":""},"categories":[5],"tags":[181,1710,1680,179,10636,9607],"42wp_author":[14223],"class_list":["post-3459","post","type-post","status-publish","format-standard","has-post-thumbnail","hentry","category-f1","tag-f1","tag-f1-2025","tag-f1-2026","tag-formula-1","tag-gp-de-ruanda","tag-ruanda","42wp_author-esteban-nieto"],"_links":{"self":[{"href":"https:\/\/grandepremio.com\/es\/wp-json\/wp\/v2\/posts\/3459","targetHints":{"allow":["GET"]}}],"collection":[{"href":"https:\/\/grandepremio.com\/es\/wp-json\/wp\/v2\/posts"}],"about":[{"href":"https:\/\/grandepremio.com\/es\/wp-json\/wp\/v2\/types\/post"}],"replies":[{"embeddable":true,"href":"https:\/\/grandepremio.com\/es\/wp-json\/wp\/v2\/comments?post=3459"}],"version-history":[{"count":0,"href":"https:\/\/grandepremio.com\/es\/wp-json\/wp\/v2\/posts\/3459\/revisions"}],"wp:featuredmedia":[{"embeddable":true,"href":"https:\/\/grandepremio.com\/es\/wp-json\/wp\/v2\/media\/1000851648"}],"wp:attachment":[{"href":"https:\/\/grandepremio.com\/es\/wp-json\/wp\/v2\/media?parent=3459"}],"wp:term":[{"taxonomy":"category","embeddable":true,"href":"https:\/\/grandepremio.com\/es\/wp-json\/wp\/v2\/categories?post=3459"},{"taxonomy":"post_tag","embeddable":true,"href":"https:\/\/grandepremio.com\/es\/wp-json\/wp\/v2\/tags?post=3459"},{"taxonomy":"42wp_author","embeddable":true,"href":"https:\/\/grandepremio.com\/es\/wp-json\/wp\/v2\/42wp_author?post=3459"}],"curies":[{"name":"wp","href":"https:\/\/api.w.org\/{rel}","templated":true}]}}