{"id":34908,"date":"2026-06-22T15:59:12","date_gmt":"2026-06-22T18:59:12","guid":{"rendered":"https:\/\/grandepremio.com\/es\/?p=34908"},"modified":"2026-06-22T15:59:12","modified_gmt":"2026-06-22T18:59:12","slug":"martin-exige-reciprocidad-aprilia-tras-respaldo-bezzecchi","status":"publish","type":"post","link":"https:\/\/grandepremio.com\/es\/motogp\/martin-exige-reciprocidad-aprilia-tras-respaldo-bezzecchi\/","title":{"rendered":"Mart\u00edn exige reciprocidad a Aprilia tras el respaldo a Bezzecchi: &#8220;Espero recibir el mismo apoyo&#8221;"},"content":{"rendered":"\n<p class=\"wp-block-paragraph\">Tras la finalizaci\u00f3n del <strong>GP de Rep\u00fablica Checa<\/strong>, que no tuvo la participaci\u00f3n de <strong>Marco Bezzecchi<\/strong> por la agresi\u00f3n al comisario de pista en la carrera sprint de <strong>MotoGP<\/strong> del s\u00e1bado, <strong>Jorge Mart\u00edn<\/strong> pidi\u00f3 a <strong>Aprilia <\/strong>el mismo nivel de apoyo para \u00e9l que el que le brindaron al italiano.<\/p>\n\n\n\n<p class=\"wp-block-paragraph\">\ud83d\udfe5&nbsp;<strong><em>\u00a1Todas las novedades te esperan en el canal de&nbsp;<\/em><\/strong><a href=\"https:\/\/www.youtube.com\/@GrandePremioES\"><em>YouTube<\/em><\/a><strong><em>&nbsp;de Grande Pr\u00eamio en Espa\u00f1ol!<\/em><\/strong>&nbsp;\ud83d\udfe8<\/p>\n\n\n\n<p class=\"wp-block-paragraph\">El espa\u00f1ol indic\u00f3 que comprende la postura adoptada por el equipo de <em>Noale<\/em>, pero recalc\u00f3 que le gustar\u00eda que el equipo actuara de la misma manera si se enfrentara a una situaci\u00f3n similar en el futuro. Hay que recordar que, hace dos semanas, Mart\u00edn cometi\u00f3 un error en la salida, se llev\u00f3 puestos a varios pilotos, Bezzecchi entre ellos, y esto provoc\u00f3 fuertes cr\u00edticas del CEO, <strong>Massimo Rivola<\/strong>.<\/p>\n\n\n\n<p class=\"wp-block-paragraph\">Rivola conden\u00f3 la actitud del piloto, pero tambi\u00e9n apoy\u00f3 la apelaci\u00f3n presentada por el equipo, considerando la exclusi\u00f3n un castigo excesivo. Su otro piloto, el \u00fanico que corri\u00f3 ayer en Brno, coment\u00f3: <strong>\u201cLo que pas\u00f3, en un momento de enfado, me podr\u00eda pasar a m\u00ed tambi\u00e9n. De hecho, ya viv\u00ed algo similar en Montmel\u00f3\u201d, <\/strong>expres\u00f3 el campe\u00f3n de MotoGP en 2024 en una entrevista con la versi\u00f3n de <em>Motorsport.com<\/em>.<\/p>\n\n\n\n<figure class=\"wp-block-embed is-type-video is-provider-youtube wp-block-embed-youtube wp-embed-aspect-16-9 wp-has-aspect-ratio\"><div class=\"wp-block-embed__wrapper\">\n<iframe loading=\"lazy\" title=\"MARC M\u00c1RQUEZ COMIENZA LA REMONTADA Y VA POR SU OCTAVO T\u00cdTULO EN MOTOGP\" width=\"500\" height=\"281\" src=\"https:\/\/www.youtube.com\/embed\/5fVhCkK9RBk?feature=oembed\" frameborder=\"0\" allow=\"accelerometer; autoplay; clipboard-write; encrypted-media; gyroscope; picture-in-picture; web-share\" referrerpolicy=\"strict-origin-when-cross-origin\" allowfullscreen><\/iframe>\n<\/div><\/figure>\n\n\n\n<p class=\"wp-block-paragraph\">Mart\u00edn quiso recordar el incidente en el que sacudi\u00f3 a Paolo Bonora, director deportivo del equipo italiano, durante el GP de Catalu\u00f1a:<strong> \u201cLo que est\u00e1 claro es que, despu\u00e9s de este castigo, no creo que algo as\u00ed vuelva a sucederle a Marco. Eso seguro\u201d,<\/strong> a\u00f1adi\u00f3.<\/p>\n\n\n\n<p class=\"wp-block-paragraph\"><strong>\u201cAyer vi la reacci\u00f3n del equipo ante Marco y, si alguna vez me pasa algo as\u00ed, cosa que espero que no ocurra, solo espero que el equipo me defienda de la misma manera que lo defendieron a \u00e9l. Lo que vimos el s\u00e1bado es algo in\u00e9dito, y espero que el equipo me defienda como lo hizo con \u00e9l, porque para eso est\u00e1 un equipo\u201d,<\/strong> concluy\u00f3.<\/p>\n\n\n\n<p class=\"wp-block-paragraph\">\u23e9&nbsp;<strong><em>\u00a1Seguinos en redes por&nbsp;<\/em><\/strong><a href=\"https:\/\/twitter.com\/grandepremioES\"><em>Twitter&nbsp;<\/em><\/a><strong><em>e&nbsp;<\/em><\/strong><a href=\"https:\/\/www.instagram.com\/grandepremioes\/\"><em>Instagram!<br><\/em><\/a>\u23e9&nbsp;<strong><em>Adem\u00e1s, tenemos nuestro&nbsp;<\/em><\/strong><a href=\"https:\/\/whatsapp.com\/channel\/0029VaDZ5zb0gcfDxuwxBM05\"><em>canal de Whatsapp<\/em><\/a><strong><em>&nbsp;con toda la informaci\u00f3n al instante<\/em><\/strong>&nbsp;\ud83c\udfc1<\/p>\n\n\n\n<p class=\"wp-block-paragraph\">El campeonato de MotoGP proseguir\u00e1 la semana que viene con la d\u00e9cima ronda del certamen, entre el 26 y el 28 de junio, con el Gran Premio de Pa\u00edses Bajos en el circuito de Assen.<\/p>\n","protected":false},"excerpt":{"rendered":"<p>Jorge Mart\u00edn afirm\u00f3 comprender la postura de Aprilia en el caso de la agresi\u00f3n de Marco Bezzecchi a un comisario de pista, pero se\u00f1al\u00f3 que espera recibir el mismo apoyo del equipo si se enfrenta a una situaci\u00f3n similar en el futuro.<\/p>\n","protected":false},"author":31,"featured_media":1020307240,"comment_status":"closed","ping_status":"closed","sticky":false,"template":"","format":"standard","meta":{"42wp_featured_image_caption":"AFP__20260620__B7PV3TR__v1__MidRes__MotoPrixCzeMotogp-1200x675","42wp_featured_image_credits":"","42wp_featured_video":"","42wp_featured_image_hidden":false,"42wp_authors_list":[],"footnotes":""},"categories":[8],"tags":[1394,12600,1526,1615,4701,1293,10152,9627],"42wp_author":[14237],"class_list":["post-34908","post","type-post","status-publish","format-standard","has-post-thumbnail","hentry","category-motogp","tag-aprilia","tag-gp-de-republica-checa","tag-jorge-martin","tag-marco-bezzecchi","tag-massimo-rivola","tag-motogp","tag-noale","tag-paolo-bonora","42wp_author-gabriel-garcia"],"_links":{"self":[{"href":"https:\/\/grandepremio.com\/es\/wp-json\/wp\/v2\/posts\/34908","targetHints":{"allow":["GET"]}}],"collection":[{"href":"https:\/\/grandepremio.com\/es\/wp-json\/wp\/v2\/posts"}],"about":[{"href":"https:\/\/grandepremio.com\/es\/wp-json\/wp\/v2\/types\/post"}],"author":[{"embeddable":true,"href":"https:\/\/grandepremio.com\/es\/wp-json\/wp\/v2\/users\/31"}],"replies":[{"embeddable":true,"href":"https:\/\/grandepremio.com\/es\/wp-json\/wp\/v2\/comments?post=34908"}],"version-history":[{"count":3,"href":"https:\/\/grandepremio.com\/es\/wp-json\/wp\/v2\/posts\/34908\/revisions"}],"predecessor-version":[{"id":34911,"href":"https:\/\/grandepremio.com\/es\/wp-json\/wp\/v2\/posts\/34908\/revisions\/34911"}],"wp:featuredmedia":[{"embeddable":true,"href":"https:\/\/grandepremio.com\/es\/wp-json\/wp\/v2\/media\/1020307240"}],"wp:attachment":[{"href":"https:\/\/grandepremio.com\/es\/wp-json\/wp\/v2\/media?parent=34908"}],"wp:term":[{"taxonomy":"category","embeddable":true,"href":"https:\/\/grandepremio.com\/es\/wp-json\/wp\/v2\/categories?post=34908"},{"taxonomy":"post_tag","embeddable":true,"href":"https:\/\/grandepremio.com\/es\/wp-json\/wp\/v2\/tags?post=34908"},{"taxonomy":"42wp_author","embeddable":true,"href":"https:\/\/grandepremio.com\/es\/wp-json\/wp\/v2\/42wp_author?post=34908"}],"curies":[{"name":"wp","href":"https:\/\/api.w.org\/{rel}","templated":true}]}}