{"id":3513,"date":"2025-12-25T11:50:40","date_gmt":"2025-12-25T14:50:40","guid":{"rendered":"https:\/\/grandepremio.com\/es\/2025\/12\/25\/ducati-reparte-culpa-rossi-marc-marquez-motogp-2015\/"},"modified":"2025-12-25T11:50:45","modified_gmt":"2025-12-25T14:50:45","slug":"ducati-reparte-culpa-rossi-marc-marquez-motogp-2015","status":"publish","type":"post","link":"https:\/\/grandepremio.com\/es\/motogp\/ducati-reparte-culpa-rossi-marc-marquez-motogp-2015\/","title":{"rendered":"Ducati reparte la culpa entre Rossi y Marc M\u00e1rquez y pide: &#8220;\u00a1Ya basta de hablar de 2015!&#8221;"},"content":{"rendered":"\n<p class=\"wp-block-paragraph\">M\u00e1s de diez a\u00f1os han pasado del pol\u00e9mico <strong>GP de Malasia<\/strong> de <strong>MotoGP <\/strong>en 2015 en el que <strong>Valentino Rossi <\/strong>y <strong>Marc M\u00e1rquez<\/strong> tuvieron el famoso incidente de la <em>\u201cpatadita\u201d<\/em>, en el que el espa\u00f1ol se cay\u00f3 al piso y perdi\u00f3 las posibilidades de convertirse en tricampe\u00f3n.<\/p>\n\n\n\n<p class=\"wp-block-paragraph\">\ud83d\udfe5&nbsp;<strong><em>\u00a1Todas las novedades te esperan en el canal de&nbsp;<\/em><\/strong><a href=\"https:\/\/www.youtube.com\/@GrandePremioES\"><em>YouTube<\/em><\/a><strong><em>&nbsp;de Grande Pr\u00eamio en Espa\u00f1ol!<\/em><\/strong>&nbsp;\ud83d\udfe8<\/p>\n\n\n\n<p class=\"wp-block-paragraph\">El director de <strong>Ducati<\/strong>,<strong> Davide Tardozzi<\/strong>, ya no soporta hablar de la pol\u00e9mica por lo ocurrido, reparti\u00f3 las culpas entre los dos pilotos y critic\u00f3 a los aficionados que aun se aferran a creer que fue a prop\u00f3sito. En aquel momento, la <strong>FIM <\/strong>(Federaci\u00f3n Internacional de Motociclismo) no lo consider\u00f3 una patada, sino que penaliz\u00f3 a Rossi con un punto por conducci\u00f3n irresponsable, un sistema que a\u00fan se aplicaba por aquel entonces.<\/p>\n\n\n\n<p class=\"wp-block-paragraph\">Por esa sanci\u00f3n, el italiano larg\u00f3 \u00faltimo en la carrera siguiente, el <strong>GP de Valencia<\/strong>, y perdi\u00f3 el t\u00edtulo ante <strong>Jorge Lorenzo<\/strong>, ya que sumaba puntos por otros incidentes anteriores. El caso lleg\u00f3 al Tribunal de Arbitraje Deportivo (<strong>TAS<\/strong>), pero no se dict\u00f3 sentencia a tiempo.<\/p>\n\n\n\n<p class=\"wp-block-paragraph\">Tardozzi habl\u00f3 en el documental <em>\u201cVolver\u201d<\/em>, que se emiti\u00f3 en la plataforma de streaming espa\u00f1ola <em>DAZN <\/em>y record\u00f3 lo sucedido: <strong>&#8220;Porque ahora mismo veo las gradas de Mugello, donde m\u00e1s del 50% llevaba camisetas de Pecco [Bagnaia], un piloto del calibre de Marc, que conduce una Ducati y gan\u00f3, no puede ser abucheado<\/strong>&#8220;. El jefe de Ducati se refiri\u00f3 al momento en que M\u00e1rquez fue abucheado en el GP de Italia, episodio que se repiti\u00f3 en Misano, tras ganarle a <strong>Marco Bezzecchi<\/strong>.<\/p>\n\n\n\n<figure class=\"wp-block-embed is-type-video is-provider-youtube wp-block-embed-youtube wp-embed-aspect-16-9 wp-has-aspect-ratio\"><div class=\"wp-block-embed__wrapper\">\n<iframe loading=\"lazy\" title=\"MERCEDES PONE EN PIE DE GUERRA A LA F\u00d3RMULA 1 POR LOS MOTORES DE 2026\" width=\"500\" height=\"281\" src=\"https:\/\/www.youtube.com\/embed\/M5x7KRRAn4M?feature=oembed\" frameborder=\"0\" allow=\"accelerometer; autoplay; clipboard-write; encrypted-media; gyroscope; picture-in-picture; web-share\" referrerpolicy=\"strict-origin-when-cross-origin\" allowfullscreen><\/iframe>\n<\/div><\/figure>\n\n\n\n<p class=\"wp-block-paragraph\">Luego de esto, el directivo no ha querido recordar m\u00e1s lo que pas\u00f3 hace diez a\u00f1os: <strong>\u201cEstoy realmente cansado de recordar 2015. \u00a1Basta! No eres un verdadero aficionado a las motos si todav\u00eda te aferras a eso. Por eso me molest\u00f3 tanto. Primero, porque es una falta de respeto al ganador. Segundo, porque estamos en Mugello, llevas una camiseta de Pecco y no puedes abuchear a Marc. As\u00ed que fue un gesto instintivo por esas razones\u201d.<\/strong><\/p>\n\n\n\n<p class=\"wp-block-paragraph\"><strong>\u201cInsisto: basta de hablar de 2015. Despu\u00e9s de diez a\u00f1os, ya basta. Porque lo he dicho antes, lo he repetido y tengo que repetirlo: la verdad es que no es solo culpa de Marc. La verdad es que la culpa debe estar repartida al 50%. Marc cometi\u00f3 un error y Valentino Rossi se equivoc\u00f3. As\u00ed que ya basta\u201d<\/strong>, concluy\u00f3.<\/p>\n\n\n\n<p class=\"wp-block-paragraph\">A diferencia de Tardozzi, MotoGP no quiere olvidar 2015 y aprovech\u00f3 el d\u00e9cimo aniversario de la pol\u00e9mica para lanzar un documental sobre el caso. Bagnaia, por cierto, critic\u00f3 p\u00fablicamente el v\u00eddeo, en el que incluso aparece despu\u00e9s de negarse a participar. La relaci\u00f3n entre Rossi y M\u00e1rquez se quebr\u00f3 despu\u00e9s del incidente y solo se dieron un apret\u00f3n de manos en p\u00fablico tras la muerte de Luis Salom, pero no se volvi\u00f3 a repetir y ambos se odian mutuamente.<\/p>\n\n\n\n<p class=\"wp-block-paragraph\">\u23e9&nbsp;<strong><em>\u00a1Seguinos en redes por&nbsp;<\/em><\/strong><a href=\"https:\/\/twitter.com\/grandepremioES\"><em>Twitter&nbsp;<\/em><\/a><strong><em>e&nbsp;<\/em><\/strong><a href=\"https:\/\/www.instagram.com\/grandepremioes\/\"><em>Instagram!<br><\/em><\/a>\u23e9&nbsp;<strong><em>Adem\u00e1s, tenemos nuestro&nbsp;<\/em><\/strong><a href=\"https:\/\/whatsapp.com\/channel\/0029VaDZ5zb0gcfDxuwxBM05\"><em>canal de Whatsapp<\/em><\/a><strong><em>&nbsp;con toda la informaci\u00f3n al instante<\/em><\/strong>&nbsp;\ud83c\udfc1<\/p>\n\n\n\n<p class=\"wp-block-paragraph\">MotoGP regresar\u00e1 a las pistas para el shakedown en el circuito de Sepang, del 29 al 31 de enero, antes de comenzar con la pretemporada de 2026 pocos d\u00edas despu\u00e9s.<\/p>\n","protected":false},"excerpt":{"rendered":"<p>El director de Ducati, Davide Tardozzi, afirm\u00f3 que quien a\u00fan se aferra al debate sobre el controvertido resultado de la temporada 2015 no es un verdadero aficionado al MotoGP y defendi\u00f3 a Marc M\u00e1quez, que hab\u00eda sido abucheado en Mugello.<\/p>\n","protected":false},"author":0,"featured_media":1010385131,"comment_status":"closed","ping_status":"closed","sticky":false,"template":"","format":"standard","meta":{"42wp_featured_image_caption":"","42wp_featured_image_credits":"","42wp_featured_video":"","42wp_featured_image_hidden":false,"42wp_authors_list":[],"footnotes":""},"categories":[8],"tags":[6573,1340,1448,1548,1741,1889,1392,1615,1293,1295],"42wp_author":[14237],"class_list":["post-3513","post","type-post","status-publish","format-standard","has-post-thumbnail","hentry","category-motogp","tag-davide-tardozzi","tag-ducati","tag-fim","tag-gp-de-malasia","tag-gp-de-valencia","tag-jorge-lorenzo","tag-marc-marquez-2","tag-marco-bezzecchi","tag-motogp","tag-valentino-rossi","42wp_author-gabriel-garcia"],"_links":{"self":[{"href":"https:\/\/grandepremio.com\/es\/wp-json\/wp\/v2\/posts\/3513","targetHints":{"allow":["GET"]}}],"collection":[{"href":"https:\/\/grandepremio.com\/es\/wp-json\/wp\/v2\/posts"}],"about":[{"href":"https:\/\/grandepremio.com\/es\/wp-json\/wp\/v2\/types\/post"}],"replies":[{"embeddable":true,"href":"https:\/\/grandepremio.com\/es\/wp-json\/wp\/v2\/comments?post=3513"}],"version-history":[{"count":0,"href":"https:\/\/grandepremio.com\/es\/wp-json\/wp\/v2\/posts\/3513\/revisions"}],"wp:featuredmedia":[{"embeddable":true,"href":"https:\/\/grandepremio.com\/es\/wp-json\/wp\/v2\/media\/1010385131"}],"wp:attachment":[{"href":"https:\/\/grandepremio.com\/es\/wp-json\/wp\/v2\/media?parent=3513"}],"wp:term":[{"taxonomy":"category","embeddable":true,"href":"https:\/\/grandepremio.com\/es\/wp-json\/wp\/v2\/categories?post=3513"},{"taxonomy":"post_tag","embeddable":true,"href":"https:\/\/grandepremio.com\/es\/wp-json\/wp\/v2\/tags?post=3513"},{"taxonomy":"42wp_author","embeddable":true,"href":"https:\/\/grandepremio.com\/es\/wp-json\/wp\/v2\/42wp_author?post=3513"}],"curies":[{"name":"wp","href":"https:\/\/api.w.org\/{rel}","templated":true}]}}