{"id":35154,"date":"2026-06-27T13:11:26","date_gmt":"2026-06-27T16:11:26","guid":{"rendered":"https:\/\/grandepremio.com\/es\/?p=35154"},"modified":"2026-06-27T13:13:50","modified_gmt":"2026-06-27T16:13:50","slug":"verstappen-explica-accidente-extrano-inusual-austria-f1-2026","status":"publish","type":"post","link":"https:\/\/grandepremio.com\/es\/f1\/verstappen-explica-accidente-extrano-inusual-austria-f1-2026\/","title":{"rendered":"Verstappen explica accidente &#8220;extra\u00f1o e inusual&#8221; en Austria"},"content":{"rendered":"\n<p class=\"wp-block-paragraph\"><strong>Max Verstappen<\/strong> admiti\u00f3 que a\u00fan intenta comprender qu\u00e9 caus\u00f3 el accidente en los \u00faltimos instantes de la clasificaci\u00f3n de este s\u00e1bado en <strong>Austria<\/strong>, sede de la octava ronda de la <strong>temporada 2026<\/strong> de <strong>F\u00f3rmula 1<\/strong>. El tetracampe\u00f3n del mundo tambi\u00e9n habl\u00f3 sobre las dificultades que tiene al arrancar con el monoplaza de <strong>Red Bull<\/strong> y analiz\u00f3 las mejoras introducidas por el equipo este fin de semana.<\/p>\n\n\n\n<p class=\"wp-block-paragraph\">Tras casi quedar eliminado en la Q2, donde termin\u00f3 d\u00e9cimo, a tan solo 0s040 de <strong>Pierre Gasly<\/strong>, quien tuvo que conformarse con el und\u00e9cimo puesto, el neerland\u00e9s regres\u00f3 con un ritmo sorprendente en la fase final y se meti\u00f3 en la lucha por la pole position. Sin embargo, en su \u00faltimo intento de vuelta r\u00e1pida, cometi\u00f3 un error en la curva 9 y se estrell\u00f3 contra el muro, finalizando la sesi\u00f3n en quinta posici\u00f3n.<\/p>\n\n\n\n<p class=\"wp-block-paragraph\"><strong><em>\u00a1Todas las novedades te esperan en el canal de&nbsp;<\/em><\/strong><a href=\"https:\/\/www.youtube.com\/@GrandePremioES\"><em>YouTube<\/em><\/a><strong><em>&nbsp;de Grande Pr\u00eamio en Espa\u00f1ol!<\/em><\/strong>&nbsp;<\/p>\n\n\n\n<figure class=\"wp-block-video\"><video class=\"video-js vjs-big-play-centered\" data-gp-vjs=\"1\" controls src=\"https:\/\/grandepremio.com\/es\/wp-content\/uploads\/2026\/06\/jIP_spbiK5qy3nk5.mp4\"><\/video><figcaption class=\"wp-element-caption\">El golpe de Max Verstappen en la Q3 del GP de Austria: (Video: F1)<\/figcaption><\/figure>\n\n\n\n<p class=\"wp-block-paragraph\"><strong><em>\u00a1Seguinos en redes por&nbsp;<a href=\"https:\/\/twitter.com\/grandepremioES\" target=\"_blank\" rel=\"noreferrer noopener\">Twitter&nbsp;<\/a>e&nbsp;<a href=\"https:\/\/www.instagram.com\/grandepremioes\/\" target=\"_blank\" rel=\"noreferrer noopener\">Instagram!<\/a><\/em><\/strong><br><strong><em>Adem\u00e1s, tenemos nuestro&nbsp;<a href=\"https:\/\/whatsapp.com\/channel\/0029VaDZ5zb0gcfDxuwxBM05\" target=\"_blank\" rel=\"noreferrer noopener\">canal de Whatsapp<\/a>&nbsp;con toda la informaci\u00f3n al instante<\/em><\/strong><\/p>\n\n\n\n<p class=\"wp-block-paragraph\">\u201cEn esa vuelta, en la curva 6, me llev\u00e9 un buen susto al entrar. Fue un poco extra\u00f1o, porque no hab\u00eda ocurrido nada parecido en todo el fin de semana\u201d, declar\u00f3 en una entrevista con la cadena brit\u00e1nica <em>Sky Sports<\/em>. \u201cEntonces, en la curva 9, el coche simplemente derrap\u00f3\u201d, continu\u00f3.<\/p>\n\n\n\n<p class=\"wp-block-paragraph\">\u201cNo fue una correcci\u00f3n peque\u00f1a, tuve que girar el volante por completo para intentar controlar el coche. Eso es un poco inusual, as\u00ed que lo investigaremos\u201d, se\u00f1al\u00f3. \u201cEs una l\u00e1stima, porque, siendo realistas, podr\u00edamos haber terminado terceros. Pero las salidas han sido dif\u00edciles para nosotros, as\u00ed que incluso saliendo tercero, podr\u00edamos haber ca\u00eddo al quinto puesto\u201d, concluy\u00f3.<\/p>\n\n\n\n<p class=\"wp-block-paragraph\">Finalmente, al ser preguntado sobre las mejoras de en el <strong>RB22<\/strong>, el piloto confes\u00f3 que a\u00fan queda trabajo por hacer. \u201cTodav\u00eda hay algunas cosas que queremos entender sobre este paquete de mejoras. Algunas funcionaron bien, otras no tanto, y trabajaremos a partir de esas conclusiones\u201d, finaliz\u00f3.<\/p>\n\n\n\n<p class=\"wp-block-paragraph\">La&nbsp;<strong>F\u00f3rmula 1<\/strong>&nbsp;disputa este fin de semana el&nbsp;<strong>Gran Premio de Austria<\/strong>&nbsp;en el&nbsp;<strong>Red Bull Ring<\/strong>, la octava prueba de la&nbsp;<strong>temporada 2026<\/strong>.<\/p>\n\n\n\n<figure class=\"wp-block-embed is-type-video is-provider-youtube wp-block-embed-youtube wp-embed-aspect-16-9 wp-has-aspect-ratio\"><div class=\"wp-block-embed__wrapper\">\n<iframe loading=\"lazy\" title=\"GP DE AUSTRIA 2026 - LA PREVIA\" width=\"500\" height=\"281\" src=\"https:\/\/www.youtube.com\/embed\/GGSiENihzcs?feature=oembed\" frameborder=\"0\" allow=\"accelerometer; autoplay; clipboard-write; encrypted-media; gyroscope; picture-in-picture; web-share\" referrerpolicy=\"strict-origin-when-cross-origin\" allowfullscreen><\/iframe>\n<\/div><\/figure>\n","protected":false},"excerpt":{"rendered":"<p>Max Verstappen admiti\u00f3 su sorpresa ante el comportamiento del coche en su \u00faltima vuelta r\u00e1pida, que termin\u00f3 con accidente, y afirm\u00f3 que era capaz de conseguir el tercer puesto.<\/p>\n","protected":false},"author":30,"featured_media":1020307425,"comment_status":"closed","ping_status":"closed","sticky":false,"template":"","format":"standard","meta":{"42wp_featured_image_caption":"F1 2026, AUSTRIA, TREINO LIVRE, RED BULL RACING, MAX VERSTAPPEN, ROSTO CAPACETE","42wp_featured_image_credits":"F1 2026, AUSTRIA, TREINO LIVRE, RED BULL RACING, MAX VERSTAPPEN, ROSTO CAPACETE","42wp_featured_video":"","42wp_featured_image_hidden":false,"42wp_authors_list":[],"footnotes":""},"categories":[5],"tags":[1680,179,329,249,13647,206,243,2421],"42wp_author":[14240],"class_list":["post-35154","post","type-post","status-publish","format-standard","has-post-thumbnail","hentry","category-f1","tag-f1-2026","tag-formula-1","tag-gp-de-austria","tag-max-verstappen","tag-rb22","tag-red-bull","tag-red-bull-ring","tag-spielberg","42wp_author-ignacio-bogado"],"_links":{"self":[{"href":"https:\/\/grandepremio.com\/es\/wp-json\/wp\/v2\/posts\/35154","targetHints":{"allow":["GET"]}}],"collection":[{"href":"https:\/\/grandepremio.com\/es\/wp-json\/wp\/v2\/posts"}],"about":[{"href":"https:\/\/grandepremio.com\/es\/wp-json\/wp\/v2\/types\/post"}],"author":[{"embeddable":true,"href":"https:\/\/grandepremio.com\/es\/wp-json\/wp\/v2\/users\/30"}],"replies":[{"embeddable":true,"href":"https:\/\/grandepremio.com\/es\/wp-json\/wp\/v2\/comments?post=35154"}],"version-history":[{"count":3,"href":"https:\/\/grandepremio.com\/es\/wp-json\/wp\/v2\/posts\/35154\/revisions"}],"predecessor-version":[{"id":35159,"href":"https:\/\/grandepremio.com\/es\/wp-json\/wp\/v2\/posts\/35154\/revisions\/35159"}],"wp:featuredmedia":[{"embeddable":true,"href":"https:\/\/grandepremio.com\/es\/wp-json\/wp\/v2\/media\/1020307425"}],"wp:attachment":[{"href":"https:\/\/grandepremio.com\/es\/wp-json\/wp\/v2\/media?parent=35154"}],"wp:term":[{"taxonomy":"category","embeddable":true,"href":"https:\/\/grandepremio.com\/es\/wp-json\/wp\/v2\/categories?post=35154"},{"taxonomy":"post_tag","embeddable":true,"href":"https:\/\/grandepremio.com\/es\/wp-json\/wp\/v2\/tags?post=35154"},{"taxonomy":"42wp_author","embeddable":true,"href":"https:\/\/grandepremio.com\/es\/wp-json\/wp\/v2\/42wp_author?post=35154"}],"curies":[{"name":"wp","href":"https:\/\/api.w.org\/{rel}","templated":true}]}}