{"id":35231,"date":"2026-06-28T14:32:16","date_gmt":"2026-06-28T17:32:16","guid":{"rendered":"https:\/\/grandepremio.com\/es\/?p=35231"},"modified":"2026-06-28T14:32:17","modified_gmt":"2026-06-28T17:32:17","slug":"leclerc-busca-explicaciones-8-puesto-austria-f1-2026","status":"publish","type":"post","link":"https:\/\/grandepremio.com\/es\/f1\/leclerc-busca-explicaciones-8-puesto-austria-f1-2026\/","title":{"rendered":"Leclerc busca explicaciones para el 8\u00b0 puesto en Austria"},"content":{"rendered":"\n<p class=\"wp-block-paragraph\"><strong>Charles Leclerc<\/strong> confes\u00f3 que a\u00fan no comprende el bajo rendimiento de <strong>Ferrari<\/strong> en el <strong>GP de Austria<\/strong> de este domingo, octava prueba de la <strong>temporada 2026<\/strong> de <strong>F\u00f3rmula 1<\/strong>. En una entrevista a la que asisti\u00f3 <strong>GRANDE PR\u00caMIO<\/strong>, el monegasco volvi\u00f3 a hablar sobre la disputa interna con <strong>Lewis Hamilton<\/strong>, admitiendo que el siete veces campe\u00f3n demostr\u00f3 una vez m\u00e1s un mejor ritmo.<\/p>\n\n\n\n<p class=\"wp-block-paragraph\">Partiendo desde la segunda posici\u00f3n, el <strong>#16<\/strong> no pudo adelantar al poleman <strong>George Russell<\/strong> e incluso perdi\u00f3 algunas posiciones. Tras su primera parada en boxes, en la vuelta 13, nunca demostr\u00f3 ser capaz de seguir el ritmo de los <strong>Mercedes<\/strong>, <strong>Red Bull<\/strong> y <strong>McLaren<\/strong>, cruzando la meta en octavo lugar.<\/p>\n\n\n\n<p class=\"wp-block-paragraph\"><strong><em>\u00a1Todas las novedades te esperan en el canal de&nbsp;<\/em><\/strong><a href=\"https:\/\/www.youtube.com\/@GrandePremioES\"><em>YouTube<\/em><\/a><strong><em>&nbsp;de Grande Pr\u00eamio en Espa\u00f1ol!<\/em><\/strong>&nbsp;<\/p>\n\n\n\n<figure class=\"wp-block-embed is-type-video is-provider-youtube wp-block-embed-youtube wp-embed-aspect-16-9 wp-has-aspect-ratio\"><div class=\"wp-block-embed__wrapper\">\n<iframe loading=\"lazy\" title=\"RUSSELL VUELVE A LA VICTORIA EN AUSTRIA; COLAPINTO, 15\u00b0\" width=\"500\" height=\"281\" src=\"https:\/\/www.youtube.com\/embed\/MVGEBibiDBM?feature=oembed\" frameborder=\"0\" allow=\"accelerometer; autoplay; clipboard-write; encrypted-media; gyroscope; picture-in-picture; web-share\" referrerpolicy=\"strict-origin-when-cross-origin\" allowfullscreen><\/iframe>\n<\/div><\/figure>\n\n\n\n<p class=\"wp-block-paragraph\">\u201cFue una carrera extremadamente dif\u00edcil. En general, tuvimos muy poco agarre y fue complicado hacer funcionar los neum\u00e1ticos, especialmente dentro de su rango \u00f3ptimo de funcionamiento. Sobre todo los traseros, que sufrieron una gran falta de agarre\u201d, comenz\u00f3.<\/p>\n\n\n\n<p class=\"wp-block-paragraph\">\u201cA\u00fan queda mucho trabajo por delante. Creo que he estado trabajando duro estas \u00faltimas semanas porque siempre ha habido una raz\u00f3n u otra que me ha hecho tener dificultades los domingos o s\u00e1bados. Pero, por el momento, siempre hay alg\u00fan motivo para las dificultades, y eso probablemente significa que todav\u00eda no tengo una idea clara de lo que necesito del coche. Eso es lo que tengo que averiguar\u201d, continu\u00f3.<\/p>\n\n\n\n<figure class=\"wp-block-image size-large\"><img loading=\"lazy\" decoding=\"async\" width=\"1024\" height=\"576\" src=\"https:\/\/grandepremio.com\/es\/wp-content\/uploads\/2026\/06\/f1-2026-austria-corrida-ferrari-charles-leclerc-02-1024x576.jpg\" alt=\"F1 2026, AUSTRIA, CORRIDA, FERRARI, CHARLES LECLERC, CARRO\" class=\"wp-image-1020307942\" srcset=\"https:\/\/grandepremio.com\/wp-content\/uploads\/2026\/06\/f1-2026-austria-corrida-ferrari-charles-leclerc-02-1024x576.jpg 1024w, https:\/\/grandepremio.com\/wp-content\/uploads\/2026\/06\/f1-2026-austria-corrida-ferrari-charles-leclerc-02-300x169.jpg 300w, https:\/\/grandepremio.com\/wp-content\/uploads\/2026\/06\/f1-2026-austria-corrida-ferrari-charles-leclerc-02-768x432.jpg 768w, https:\/\/grandepremio.com\/wp-content\/uploads\/2026\/06\/f1-2026-austria-corrida-ferrari-charles-leclerc-02-1536x864.jpg 1536w, https:\/\/grandepremio.com\/wp-content\/uploads\/2026\/06\/f1-2026-austria-corrida-ferrari-charles-leclerc-02-1200x675.jpg 1200w, https:\/\/grandepremio.com\/wp-content\/uploads\/2026\/06\/f1-2026-austria-corrida-ferrari-charles-leclerc-02-150x84.jpg 150w, https:\/\/grandepremio.com\/wp-content\/uploads\/2026\/06\/f1-2026-austria-corrida-ferrari-charles-leclerc-02.jpg 1920w\" sizes=\"(max-width: 1024px) 100vw, 1024px\" \/><figcaption class=\"wp-element-caption\">Charles Leclerc no encontr\u00f3 explicaciones para el rendimiento en Austria. (Foto: Ferrari)<\/figcaption><\/figure>\n\n\n\n<p class=\"wp-block-paragraph\"><strong><em>\u00a1Seguinos en redes por&nbsp;<a href=\"https:\/\/twitter.com\/grandepremioES\" target=\"_blank\" rel=\"noreferrer noopener\">Twitter&nbsp;<\/a>e&nbsp;<a href=\"https:\/\/www.instagram.com\/grandepremioes\/\" target=\"_blank\" rel=\"noreferrer noopener\">Instagram!<\/a><\/em><\/strong><br><strong><em>Adem\u00e1s, tenemos nuestro&nbsp;<a href=\"https:\/\/whatsapp.com\/channel\/0029VaDZ5zb0gcfDxuwxBM05\" target=\"_blank\" rel=\"noreferrer noopener\">canal de Whatsapp<\/a>&nbsp;con toda la informaci\u00f3n al instante<\/em><\/strong><\/p>\n\n\n\n<p class=\"wp-block-paragraph\">\u201cEste fin de semana, estuvimos mucho m\u00e1s atr\u00e1s de lo habitual, especialmente en la carrera. En la clasificaci\u00f3n no estuvimos tan mal, pero en general, fuimos menos competitivos. As\u00ed que, es un poco de todo, pero probablemente el factor principal fue el equilibrio del coche\u201d, a\u00f1adi\u00f3 Charles, a quien <strong>GRANDE PR\u00caMIO<\/strong> le pregunt\u00f3 si sent\u00eda que estaba m\u00e1s cerca del ritmo de Hamilton en <strong>Spielberg<\/strong>.<\/p>\n\n\n\n<p class=\"wp-block-paragraph\">\u201cLewis tuvo una buena salida y gan\u00f3 posici\u00f3n en pista, lo que quiz\u00e1s ayud\u00f3 un poco al principio. Pero incluso cuando est\u00e1bamos en pista limpia, creo que ten\u00eda un poco m\u00e1s de ritmo que yo\u201d, concluy\u00f3.<\/p>\n\n\n\n<p class=\"wp-block-paragraph\">La&nbsp;<strong>F\u00f3rmula 1<\/strong>&nbsp;disputa este fin de semana el&nbsp;<strong>Gran Premio de Austria<\/strong>&nbsp;en el&nbsp;<strong>Red Bull Ring<\/strong>, la octava prueba de la&nbsp;<strong>temporada 2026<\/strong>.<\/p>\n","protected":false},"excerpt":{"rendered":"<p>Charles Leclerc se quej\u00f3 de la falta de equilibrio en el monoplaza de Ferrari y admiti\u00f3 que, una vez m\u00e1s, fue m\u00e1s lento que Lewis Hamilton.<\/p>\n","protected":false},"author":30,"featured_media":1020307975,"comment_status":"closed","ping_status":"closed","sticky":false,"template":"","format":"standard","meta":{"42wp_featured_image_caption":"F1 2026, AUSTRIA, CORRIDA, FERRARI, CHARLES LECLERC, CARRO","42wp_featured_image_credits":"F1 2026, AUSTRIA, CORRIDA, FERRARI, CHARLES LECLERC, CARRO","42wp_featured_video":"","42wp_featured_image_hidden":false,"42wp_authors_list":[],"footnotes":""},"categories":[5],"tags":[247,1680,185,179,329,199,243,13633,2421],"42wp_author":[14240],"class_list":["post-35231","post","type-post","status-publish","format-standard","has-post-thumbnail","hentry","category-f1","tag-charles-leclerc","tag-f1-2026","tag-ferrari","tag-formula-1","tag-gp-de-austria","tag-lewis-hamilton","tag-red-bull-ring","tag-sf-26","tag-spielberg","42wp_author-ignacio-bogado"],"_links":{"self":[{"href":"https:\/\/grandepremio.com\/es\/wp-json\/wp\/v2\/posts\/35231","targetHints":{"allow":["GET"]}}],"collection":[{"href":"https:\/\/grandepremio.com\/es\/wp-json\/wp\/v2\/posts"}],"about":[{"href":"https:\/\/grandepremio.com\/es\/wp-json\/wp\/v2\/types\/post"}],"author":[{"embeddable":true,"href":"https:\/\/grandepremio.com\/es\/wp-json\/wp\/v2\/users\/30"}],"replies":[{"embeddable":true,"href":"https:\/\/grandepremio.com\/es\/wp-json\/wp\/v2\/comments?post=35231"}],"version-history":[{"count":1,"href":"https:\/\/grandepremio.com\/es\/wp-json\/wp\/v2\/posts\/35231\/revisions"}],"predecessor-version":[{"id":35232,"href":"https:\/\/grandepremio.com\/es\/wp-json\/wp\/v2\/posts\/35231\/revisions\/35232"}],"wp:featuredmedia":[{"embeddable":true,"href":"https:\/\/grandepremio.com\/es\/wp-json\/wp\/v2\/media\/1020307975"}],"wp:attachment":[{"href":"https:\/\/grandepremio.com\/es\/wp-json\/wp\/v2\/media?parent=35231"}],"wp:term":[{"taxonomy":"category","embeddable":true,"href":"https:\/\/grandepremio.com\/es\/wp-json\/wp\/v2\/categories?post=35231"},{"taxonomy":"post_tag","embeddable":true,"href":"https:\/\/grandepremio.com\/es\/wp-json\/wp\/v2\/tags?post=35231"},{"taxonomy":"42wp_author","embeddable":true,"href":"https:\/\/grandepremio.com\/es\/wp-json\/wp\/v2\/42wp_author?post=35231"}],"curies":[{"name":"wp","href":"https:\/\/api.w.org\/{rel}","templated":true}]}}