{"id":35233,"date":"2026-06-28T14:42:23","date_gmt":"2026-06-28T17:42:23","guid":{"rendered":"https:\/\/grandepremio.com\/es\/?p=35233"},"modified":"2026-06-28T14:42:24","modified_gmt":"2026-06-28T17:42:24","slug":"norris-revela-lastima-ritmo-ferrari-austria-f1-2026","status":"publish","type":"post","link":"https:\/\/grandepremio.com\/es\/f1\/norris-revela-lastima-ritmo-ferrari-austria-f1-2026\/","title":{"rendered":"Norris revela &#8220;l\u00e1stima&#8221; por el ritmo de Ferrari en Austria"},"content":{"rendered":"\n<p class=\"wp-block-paragraph\">A excepci\u00f3n de las altas temperaturas, que afectaron a todos, <strong>Lando Norris<\/strong> afirm\u00f3 no tener mucho de qu\u00e9 quejarse respecto a <strong>McLaren<\/strong> en el <strong>GP de Austria<\/strong> de este domingo, la octava prueba de la <strong>temporada 2026<\/strong> de <strong>F\u00f3rmula 1<\/strong>. El actual campe\u00f3n del mundo tambi\u00e9n consider\u00f3 a <strong>Ferrari<\/strong> una sorpresa negativa, ya que los rivales de <strong>Maranello<\/strong> no mostraron el ritmo esperado.<\/p>\n\n\n\n<p class=\"wp-block-paragraph\">Partiendo desde la sexta posici\u00f3n, el brit\u00e1nico no pudo presionar a sus principales competidores, terminando las 71 vueltas solo por delante de <strong>Charles Leclerc<\/strong>, en s\u00e9ptimo lugar. En una entrevista a la que asisti\u00f3 <strong>GRANDE PR\u00caMIO<\/strong>, admiti\u00f3 no tener mucho que decir sobre la competencia en <strong>Spielberg<\/strong>.<\/p>\n\n\n\n<p class=\"wp-block-paragraph\"><strong><em>\u00a1Todas las novedades te esperan en el canal de&nbsp;<\/em><\/strong><a href=\"https:\/\/www.youtube.com\/@GrandePremioES\"><em>YouTube<\/em><\/a><strong><em>&nbsp;de Grande Pr\u00eamio en Espa\u00f1ol!<\/em><\/strong>&nbsp;<\/p>\n\n\n\n<figure class=\"wp-block-embed is-type-video is-provider-youtube wp-block-embed-youtube wp-embed-aspect-16-9 wp-has-aspect-ratio\"><div class=\"wp-block-embed__wrapper\">\n<iframe loading=\"lazy\" title=\"RUSSELL VUELVE A LA VICTORIA EN AUSTRIA; COLAPINTO, 15\u00b0\" width=\"500\" height=\"281\" src=\"https:\/\/www.youtube.com\/embed\/MVGEBibiDBM?feature=oembed\" frameborder=\"0\" allow=\"accelerometer; autoplay; clipboard-write; encrypted-media; gyroscope; picture-in-picture; web-share\" referrerpolicy=\"strict-origin-when-cross-origin\" allowfullscreen><\/iframe>\n<\/div><\/figure>\n\n\n\n<p class=\"wp-block-paragraph\">\u201cFue una carrera dif\u00edcil para todos. Las temperaturas que afrontamos no fueron nada f\u00e1ciles. En la primera vuelta perd\u00ed posiciones frente a algunos coches y tambi\u00e9n me vi perjudicado en las paradas en boxes, porque tuvimos que llamar primero a <strong>Oscar [Piastri]<\/strong> para cubrirse de <strong>[Isack] Hadjar<\/strong>. Con eso, perd\u00ed posiciones en pista, y b\u00e1sicamente ah\u00ed termin\u00f3 todo\u201d, comenz\u00f3.<\/p>\n\n\n\n<p class=\"wp-block-paragraph\">\u201cAparte de eso, no hay mucho de qu\u00e9 quejarse. Hoy, la posici\u00f3n en pista fue el factor m\u00e1s importante, as\u00ed que fue una l\u00e1stima, pero es parte del juego. Dir\u00eda que nuestro ritmo fue un poco mejor de lo esperado para la carrera. La gran sorpresa fue que Ferrari tuviera tantas dificultades\u201d, a\u00f1adi\u00f3.<\/p>\n\n\n\n<p class=\"wp-block-paragraph\">\u201cSinceramente, incluso sent\u00ed l\u00e1stima por ellos. Cuando no tienes potencia, necesitas apretar mucho en las rectas y tambi\u00e9n en las curvas, y simplemente no puedes hacerlo con este tipo de neum\u00e1ticos. As\u00ed que fue una carrera muy dif\u00edcil para ellos. Dicho esto, no fue una mala carrera para nosotros\u201d, evalu\u00f3.<\/p>\n\n\n\n<figure class=\"wp-block-image size-large\"><img loading=\"lazy\" decoding=\"async\" width=\"1024\" height=\"683\" src=\"https:\/\/grandepremio.com\/es\/wp-content\/uploads\/2026\/06\/f1-2026-austria-treino-livre-mclaren-lando-norris-01-1024x683.jpeg\" alt=\"F1 2026, AUSTRIA, CLASSIFICA\u00c7\u00c3O, MCLAREN, LANDO NORRIS, CARRO\" class=\"wp-image-1020307708\" srcset=\"https:\/\/grandepremio.com\/wp-content\/uploads\/2026\/06\/f1-2026-austria-treino-livre-mclaren-lando-norris-01-1024x683.jpeg 1024w, https:\/\/grandepremio.com\/wp-content\/uploads\/2026\/06\/f1-2026-austria-treino-livre-mclaren-lando-norris-01-300x200.jpeg 300w, https:\/\/grandepremio.com\/wp-content\/uploads\/2026\/06\/f1-2026-austria-treino-livre-mclaren-lando-norris-01-768x512.jpeg 768w, https:\/\/grandepremio.com\/wp-content\/uploads\/2026\/06\/f1-2026-austria-treino-livre-mclaren-lando-norris-01-1536x1024.jpeg 1536w, https:\/\/grandepremio.com\/wp-content\/uploads\/2026\/06\/f1-2026-austria-treino-livre-mclaren-lando-norris-01-150x100.jpeg 150w, https:\/\/grandepremio.com\/wp-content\/uploads\/2026\/06\/f1-2026-austria-treino-livre-mclaren-lando-norris-01.jpeg 1600w\" sizes=\"(max-width: 1024px) 100vw, 1024px\" \/><figcaption class=\"wp-element-caption\">Lando Norris (Foto: McLaren)<\/figcaption><\/figure>\n\n\n\n<p class=\"wp-block-paragraph\"><strong><em>\u00a1Seguinos en redes por&nbsp;<a href=\"https:\/\/twitter.com\/grandepremioES\" target=\"_blank\" rel=\"noreferrer noopener\">Twitter&nbsp;<\/a>e&nbsp;<a href=\"https:\/\/www.instagram.com\/grandepremioes\/\" target=\"_blank\" rel=\"noreferrer noopener\">Instagram!<\/a><\/em><\/strong><br><strong><em>Adem\u00e1s, tenemos nuestro&nbsp;<a href=\"https:\/\/whatsapp.com\/channel\/0029VaDZ5zb0gcfDxuwxBM05\" target=\"_blank\" rel=\"noreferrer noopener\">canal de Whatsapp<\/a>&nbsp;con toda la informaci\u00f3n al instante<\/em><\/strong><\/p>\n\n\n\n<p class=\"wp-block-paragraph\">\u201cSeguimos teniendo problemas con el equilibrio del coche, que sigue siendo extremadamente complicado de conducir, pero imagino que esa fue una realidad similar para todos hoy. No hemos cambiado nada: seguimos enfrent\u00e1ndonos a los mismos problemas y todav\u00eda necesitamos tiempo para evolucionar\u201d, concluy\u00f3.<\/p>\n\n\n\n<p class=\"wp-block-paragraph\">La&nbsp;<strong>F\u00f3rmula 1<\/strong>&nbsp;regresa el pr\u00f3ximo fin de semana del 3 al 5 de julio para disputar el&nbsp;<strong>Gran Premio de Gran Breta\u00f1a<\/strong>&nbsp;en&nbsp;<strong>Silverstone<\/strong>, novena fecha de la&nbsp;<strong>temporada 2026<\/strong>.<\/p>\n","protected":false},"excerpt":{"rendered":"<p>El actual campe\u00f3n del mundo admiti\u00f3 que se sorprendi\u00f3 con el pobre ritmo de Ferrari en el Red Bull Ring y se\u00f1al\u00f3 que McLaren sigue sufriendo problemas de equilibrio.<\/p>\n","protected":false},"author":30,"featured_media":1020307932,"comment_status":"closed","ping_status":"closed","sticky":false,"template":"","format":"standard","meta":{"42wp_featured_image_caption":"F1 2026, AUSTRIA, CORRIDA, MCLAREN, LANDO NORRIS, CARRO","42wp_featured_image_credits":"F1 2026, AUSTRIA, CORRIDA, MCLAREN, LANDO NORRIS, CARRO","42wp_featured_video":"","42wp_featured_image_hidden":false,"42wp_authors_list":[],"footnotes":""},"categories":[5],"tags":[1680,185,179,329,268,269,243,2421],"42wp_author":[14240],"class_list":["post-35233","post","type-post","status-publish","format-standard","has-post-thumbnail","hentry","category-f1","tag-f1-2026","tag-ferrari","tag-formula-1","tag-gp-de-austria","tag-lando-norris","tag-mclaren","tag-red-bull-ring","tag-spielberg","42wp_author-ignacio-bogado"],"_links":{"self":[{"href":"https:\/\/grandepremio.com\/es\/wp-json\/wp\/v2\/posts\/35233","targetHints":{"allow":["GET"]}}],"collection":[{"href":"https:\/\/grandepremio.com\/es\/wp-json\/wp\/v2\/posts"}],"about":[{"href":"https:\/\/grandepremio.com\/es\/wp-json\/wp\/v2\/types\/post"}],"author":[{"embeddable":true,"href":"https:\/\/grandepremio.com\/es\/wp-json\/wp\/v2\/users\/30"}],"replies":[{"embeddable":true,"href":"https:\/\/grandepremio.com\/es\/wp-json\/wp\/v2\/comments?post=35233"}],"version-history":[{"count":1,"href":"https:\/\/grandepremio.com\/es\/wp-json\/wp\/v2\/posts\/35233\/revisions"}],"predecessor-version":[{"id":35234,"href":"https:\/\/grandepremio.com\/es\/wp-json\/wp\/v2\/posts\/35233\/revisions\/35234"}],"wp:featuredmedia":[{"embeddable":true,"href":"https:\/\/grandepremio.com\/es\/wp-json\/wp\/v2\/media\/1020307932"}],"wp:attachment":[{"href":"https:\/\/grandepremio.com\/es\/wp-json\/wp\/v2\/media?parent=35233"}],"wp:term":[{"taxonomy":"category","embeddable":true,"href":"https:\/\/grandepremio.com\/es\/wp-json\/wp\/v2\/categories?post=35233"},{"taxonomy":"post_tag","embeddable":true,"href":"https:\/\/grandepremio.com\/es\/wp-json\/wp\/v2\/tags?post=35233"},{"taxonomy":"42wp_author","embeddable":true,"href":"https:\/\/grandepremio.com\/es\/wp-json\/wp\/v2\/42wp_author?post=35233"}],"curies":[{"name":"wp","href":"https:\/\/api.w.org\/{rel}","templated":true}]}}