{"id":35240,"date":"2026-06-28T15:47:18","date_gmt":"2026-06-28T18:47:18","guid":{"rendered":"https:\/\/grandepremio.com\/es\/?p=35240"},"modified":"2026-06-28T15:47:20","modified_gmt":"2026-06-28T18:47:20","slug":"red-bull-celebra-ritmo-mostrado-gp-austria-f1-2026","status":"publish","type":"post","link":"https:\/\/grandepremio.com\/es\/f1\/red-bull-celebra-ritmo-mostrado-gp-austria-f1-2026\/","title":{"rendered":"Red Bull celebra el ritmo mostrado en el GP de Austria"},"content":{"rendered":"\n<p class=\"wp-block-paragraph\">El <strong>Gran Premio de Austria<\/strong> de <strong>F\u00f3rmula 1<\/strong>, celebrado este domingo, represent\u00f3 la mejor oportunidad que <strong>Red Bull<\/strong> ha tenido hasta ahora para ganar una carrera en la <strong>temporada 2026<\/strong>. Al final de las 71 vueltas, <strong>Max Verstappen<\/strong> redujo dr\u00e1sticamente la diferencia con <strong>George Russell<\/strong> y termin\u00f3 segundo a tan solo <a href=\"https:\/\/grandepremio.com\/es\/f1\/russell-vuelve-al-triunfo-en-el-gp-de-austria-colapinto-es-15\/\">1s6 del ganador<\/a>. Este logro fue celebrado por Laurent Mekies.<\/p>\n\n\n\n<p class=\"wp-block-paragraph\">El jefe <strong>Laurent Mekies<\/strong> se mostr\u00f3 entusiasmado con el ritmo demostrado en <strong>Spielberg<\/strong> y afirm\u00f3 que era la primera vez este a\u00f1o que sent\u00eda tener el rendimiento necesario para ganar la carrera. Por ello, destac\u00f3 el trabajo realizado en <strong>Milton Keynes<\/strong>, pero recalc\u00f3 que necesitar\u00e1 seguir mejorando a lo largo del campeonato para poder competir a\u00fan m\u00e1s.<\/p>\n\n\n\n<p class=\"wp-block-paragraph\"><strong><em>\u00a1Todas las novedades te esperan en el canal de&nbsp;<\/em><\/strong><a href=\"https:\/\/www.youtube.com\/@GrandePremioES\"><em>YouTube<\/em><\/a><strong><em>&nbsp;de Grande Pr\u00eamio en Espa\u00f1ol!<\/em><\/strong>&nbsp;<\/p>\n\n\n\n<figure class=\"wp-block-image size-large\"><img loading=\"lazy\" decoding=\"async\" width=\"1024\" height=\"576\" src=\"https:\/\/grandepremio.com\/es\/wp-content\/uploads\/2026\/06\/f1-2026-austria-sexta-treino-livre-gabriel-lopez-red-bull-laurent-mekies-03-1024x576.jpg\" alt=\"F1 2026, AUSTRIA, GABRIEL L\u00d3PEZ, SEXTA, TREINO LIVRE, COLETIVAS, RED BULL, LAURENT MEKIES, RETRATO, OSTO\" class=\"wp-image-1020307562\" srcset=\"https:\/\/grandepremio.com\/wp-content\/uploads\/2026\/06\/f1-2026-austria-sexta-treino-livre-gabriel-lopez-red-bull-laurent-mekies-03-1024x576.jpg 1024w, https:\/\/grandepremio.com\/wp-content\/uploads\/2026\/06\/f1-2026-austria-sexta-treino-livre-gabriel-lopez-red-bull-laurent-mekies-03-300x169.jpg 300w, https:\/\/grandepremio.com\/wp-content\/uploads\/2026\/06\/f1-2026-austria-sexta-treino-livre-gabriel-lopez-red-bull-laurent-mekies-03-768x432.jpg 768w, https:\/\/grandepremio.com\/wp-content\/uploads\/2026\/06\/f1-2026-austria-sexta-treino-livre-gabriel-lopez-red-bull-laurent-mekies-03-1536x864.jpg 1536w, https:\/\/grandepremio.com\/wp-content\/uploads\/2026\/06\/f1-2026-austria-sexta-treino-livre-gabriel-lopez-red-bull-laurent-mekies-03-1200x675.jpg 1200w, https:\/\/grandepremio.com\/wp-content\/uploads\/2026\/06\/f1-2026-austria-sexta-treino-livre-gabriel-lopez-red-bull-laurent-mekies-03-150x84.jpg 150w, https:\/\/grandepremio.com\/wp-content\/uploads\/2026\/06\/f1-2026-austria-sexta-treino-livre-gabriel-lopez-red-bull-laurent-mekies-03.jpg 1920w\" sizes=\"(max-width: 1024px) 100vw, 1024px\" \/><figcaption class=\"wp-element-caption\">Laurent Mekies celebr\u00f3 el ritmo del RB22 en Austria. (Foto: Gabriel L\u00f3pez\/Grande Pr\u00eamio)<\/figcaption><\/figure>\n\n\n\n<p class=\"wp-block-paragraph\"><strong><em>\u00a1Seguinos en redes por&nbsp;<a href=\"https:\/\/twitter.com\/grandepremioES\" target=\"_blank\" rel=\"noreferrer noopener\">Twitter&nbsp;<\/a>e&nbsp;<a href=\"https:\/\/www.instagram.com\/grandepremioes\/\" target=\"_blank\" rel=\"noreferrer noopener\">Instagram!<\/a><\/em><\/strong><br><strong><em>Adem\u00e1s, tenemos nuestro&nbsp;<a href=\"https:\/\/whatsapp.com\/channel\/0029VaDZ5zb0gcfDxuwxBM05\" target=\"_blank\" rel=\"noreferrer noopener\">canal de Whatsapp<\/a>&nbsp;con toda la informaci\u00f3n al instante<\/em><\/strong><\/p>\n\n\n\n<p class=\"wp-block-paragraph\">\u201cLo m\u00e1s satisfactorio es el ritmo. Por primera vez en la temporada, tenemos el ritmo para estar muy cerca, para tener lo suficiente para ganar. Un gran reconocimiento a todos en Milton Keynes. Sabemos que necesitaremos m\u00e1s debido a la competencia y seguiremos informando, pero es impresionante que estemos a solo unas d\u00e9cimas de llegar a lo m\u00e1s alto del podio\u201d, celebr\u00f3.<\/p>\n\n\n\n<p class=\"wp-block-paragraph\">Aun as\u00ed, el jefe de la escuder\u00eda austr\u00edaca reconoci\u00f3 que <strong>Andrea Kimi Antonelli<\/strong> fue el piloto m\u00e1s r\u00e1pido del d\u00eda y que Russell tuvo un ritmo comparable al de Verstappen. Adem\u00e1s, Mekies consider\u00f3 que el equipo pag\u00f3 las consecuencias de una mala sesi\u00f3n de clasificaci\u00f3n el s\u00e1bado, con el neerland\u00e9s sufriendo un accidente y saliendo quinto, mientras que <strong>Isack Hadjar<\/strong> fue solo el octavo m\u00e1s r\u00e1pido en la Q3.<\/p>\n\n\n\n<p class=\"wp-block-paragraph\">\u201cCreo que es justo decir que Kimi fue el piloto m\u00e1s r\u00e1pido en pista y quiz\u00e1s Max fue un poco m\u00e1s r\u00e1pido que George. Las posiciones de salida marcan la diferencia, y pagamos las consecuencias de lo sucedido ayer. Como equipo, vamos por el buen camino\u201d, concluy\u00f3.<\/p>\n\n\n\n<p class=\"wp-block-paragraph\">La&nbsp;<strong>F\u00f3rmula 1<\/strong>&nbsp;regresa el pr\u00f3ximo fin de semana del 3 al 5 de julio para disputar el&nbsp;<strong>Gran Premio de Gran Breta\u00f1a<\/strong>&nbsp;en&nbsp;<strong>Silverstone<\/strong>, novena fecha de la&nbsp;<strong>temporada 2026<\/strong>.<\/p>\n\n\n\n<figure class=\"wp-block-embed is-type-video is-provider-youtube wp-block-embed-youtube wp-embed-aspect-16-9 wp-has-aspect-ratio\"><div class=\"wp-block-embed__wrapper\">\n<iframe loading=\"lazy\" title=\"RUSSELL VUELVE A LA VICTORIA EN AUSTRIA; COLAPINTO, 15\u00b0\" width=\"500\" height=\"281\" src=\"https:\/\/www.youtube.com\/embed\/MVGEBibiDBM?feature=oembed\" frameborder=\"0\" allow=\"accelerometer; autoplay; clipboard-write; encrypted-media; gyroscope; picture-in-picture; web-share\" referrerpolicy=\"strict-origin-when-cross-origin\" allowfullscreen><\/iframe>\n<\/div><\/figure>\n","protected":false},"excerpt":{"rendered":"<p>El jefe de Red Bull, Laurent Mekies, afirm\u00f3 que el equipo ten\u00eda el ritmo para ganar por primera vez esta temporada y elogi\u00f3 el trabajo realizado en Milton Keynes antes del Gran Premio de Austria. Sin embargo, consider\u00f3 que pagaron el precio de una clasificaci\u00f3n por debajo de las expectativas.<\/p>\n","protected":false},"author":30,"featured_media":1020307908,"comment_status":"closed","ping_status":"closed","sticky":false,"template":"","format":"standard","meta":{"42wp_featured_image_caption":"F1 2026, AUSTRIA, CORRIDA, FERRARI, LEWIS HAMILTON, RED BULL RACING, MAX VERSTAPPEN, CARRO","42wp_featured_image_credits":"F1 2026, AUSTRIA, CORRIDA, FERRARI, LEWIS HAMILTON, RED BULL RACING, MAX VERSTAPPEN, CARRO","42wp_featured_video":"","42wp_featured_image_hidden":false,"42wp_authors_list":[],"footnotes":""},"categories":[5],"tags":[1680,179,329,2300,1753,249,13647,206,243,2421],"42wp_author":[14240],"class_list":["post-35240","post","type-post","status-publish","format-standard","has-post-thumbnail","hentry","category-f1","tag-f1-2026","tag-formula-1","tag-gp-de-austria","tag-isack-hadjar","tag-laurent-mekies","tag-max-verstappen","tag-rb22","tag-red-bull","tag-red-bull-ring","tag-spielberg","42wp_author-ignacio-bogado"],"_links":{"self":[{"href":"https:\/\/grandepremio.com\/es\/wp-json\/wp\/v2\/posts\/35240","targetHints":{"allow":["GET"]}}],"collection":[{"href":"https:\/\/grandepremio.com\/es\/wp-json\/wp\/v2\/posts"}],"about":[{"href":"https:\/\/grandepremio.com\/es\/wp-json\/wp\/v2\/types\/post"}],"author":[{"embeddable":true,"href":"https:\/\/grandepremio.com\/es\/wp-json\/wp\/v2\/users\/30"}],"replies":[{"embeddable":true,"href":"https:\/\/grandepremio.com\/es\/wp-json\/wp\/v2\/comments?post=35240"}],"version-history":[{"count":1,"href":"https:\/\/grandepremio.com\/es\/wp-json\/wp\/v2\/posts\/35240\/revisions"}],"predecessor-version":[{"id":35243,"href":"https:\/\/grandepremio.com\/es\/wp-json\/wp\/v2\/posts\/35240\/revisions\/35243"}],"wp:featuredmedia":[{"embeddable":true,"href":"https:\/\/grandepremio.com\/es\/wp-json\/wp\/v2\/media\/1020307908"}],"wp:attachment":[{"href":"https:\/\/grandepremio.com\/es\/wp-json\/wp\/v2\/media?parent=35240"}],"wp:term":[{"taxonomy":"category","embeddable":true,"href":"https:\/\/grandepremio.com\/es\/wp-json\/wp\/v2\/categories?post=35240"},{"taxonomy":"post_tag","embeddable":true,"href":"https:\/\/grandepremio.com\/es\/wp-json\/wp\/v2\/tags?post=35240"},{"taxonomy":"42wp_author","embeddable":true,"href":"https:\/\/grandepremio.com\/es\/wp-json\/wp\/v2\/42wp_author?post=35240"}],"curies":[{"name":"wp","href":"https:\/\/api.w.org\/{rel}","templated":true}]}}