{"id":3550,"date":"2025-12-22T09:28:26","date_gmt":"2025-12-22T12:28:26","guid":{"rendered":"https:\/\/grandepremio.com\/es\/2025\/12\/22\/lorenzo-preve-titulo-mundial-acosta-senala-rival-mas-talentoso-motogp\/"},"modified":"2025-12-22T13:53:46","modified_gmt":"2025-12-22T16:53:46","slug":"lorenzo-preve-titulo-mundial-acosta-senala-rival-mas-talentoso-motogp","status":"publish","type":"post","link":"https:\/\/grandepremio.com\/es\/motogp\/lorenzo-preve-titulo-mundial-acosta-senala-rival-mas-talentoso-motogp\/","title":{"rendered":"Lorenzo prev\u00e9 t\u00edtulo mundial de Acosta, pero se\u00f1ala a un rival como m\u00e1s talentoso"},"content":{"rendered":"\n<p class=\"wp-block-paragraph\"><strong>Jorge Lorenzo<\/strong>, quien ya era entrenador de rendimiento de <strong>Maverick Vi\u00f1ales<\/strong> en <strong>MotoGP<\/strong>, hizo una declaraci\u00f3n contundente al analizar al piloto de <strong>Tech3<\/strong>. Seg\u00fan el tricampe\u00f3n del mundo, el #12 posee un talento superior al de <strong>Pedro Acosta<\/strong>, el piloto de <strong>KTM<\/strong> considerado por muchos el gran fen\u00f3meno de la nueva generaci\u00f3n.<\/p>\n\n\n\n<p class=\"wp-block-paragraph\">A pesar de reconocer el potencial del #37, Lorenzo fue directo al hacer la comparaci\u00f3n. &#8220;Pedro [Acosta] se convertir\u00e1 en campe\u00f3n del mundo de MotoGP, estoy seguro. Pero creo sinceramente que la velocidad y el talento innato de Maverick son superiores&#8221;, declar\u00f3 el espa\u00f1ol al peri\u00f3dico espa\u00f1ol <em>Marca<\/em>.<\/p>\n\n\n\n<p class=\"wp-block-paragraph\">Lorenzo explic\u00f3 que esta percepci\u00f3n no disminuye el valor de Acosta, sino que refleja su convicci\u00f3n de que Vi\u00f1ales nunca ha logrado traducir todo su potencial en resultados consistentes a lo largo de su carrera. &#8220;Los resultados nunca han reflejado su talento&#8221;, afirm\u00f3. &#8220;Ahora, el trabajo es llenar ese vac\u00edo&#8221;, a\u00f1adi\u00f3.<\/p>\n\n\n\n<p class=\"wp-block-paragraph\">\ud83d\udfe5&nbsp;<strong><em>\u00a1Todas las novedades te esperan en el canal de&nbsp;<\/em><\/strong><a href=\"https:\/\/www.youtube.com\/@GrandePremioES\"><em>YouTube<\/em><\/a><strong><em>&nbsp;de Grande Pr\u00eamio en Espa\u00f1ol!<\/em><\/strong>&nbsp;\ud83d\udfe8<\/p>\n\n\n\n<figure class=\"wp-block-image size-full\"><img decoding=\"async\" src=\"https:\/\/grandepremio.com\/es\/wp-content\/uploads\/2025\/12\/November-21-2025Maverick-Vinales-brings-Jorge-Lorenzo-on-board-as-his-performance-coach.Maveric.webp\" alt=\"\" class=\"wp-image-381552\"\/><figcaption class=\"wp-element-caption\">Jorge Lorenzo destac\u00f3 el talento de Maverick Vi\u00f1ales. (Foto: Reproducci\u00f3n)<\/figcaption><\/figure>\n\n\n\n<p class=\"wp-block-paragraph\">\u23e9&nbsp;<strong><em>\u00a1Seguinos en redes por&nbsp;<\/em><\/strong><a href=\"https:\/\/twitter.com\/grandepremioES\"><em>Twitter&nbsp;<\/em><\/a><strong><em>e&nbsp;<\/em><\/strong><a href=\"https:\/\/www.instagram.com\/grandepremioes\/\"><em>Instagram!<\/em><\/a><br>\u23e9&nbsp;<strong><em>Adem\u00e1s, tenemos nuestro&nbsp;<\/em><\/strong><a href=\"https:\/\/whatsapp.com\/channel\/0029VaDZ5zb0gcfDxuwxBM05\"><em>canal de Whatsapp<\/em><\/a><strong><em>&nbsp;con toda la informaci\u00f3n al instante<\/em><\/strong>&nbsp;\ud83c\udfc1<\/p>\n\n\n\n<p class=\"wp-block-paragraph\">La colaboraci\u00f3n entre Lorenzo y Vi\u00f1ales comenz\u00f3 a gestarse durante los entrenamientos de postemporada en <strong>Valencia<\/strong> y va m\u00e1s all\u00e1 de consejos ocasionales. El proyecto implica preparaci\u00f3n f\u00edsica, enfoque mental y an\u00e1lisis t\u00e9cnico, con el objetivo de dotar al piloto de Tech3 de mayor consistencia y maximizar su rendimiento durante todo el fin de semana de carreras.<\/p>\n\n\n\n<p class=\"wp-block-paragraph\">Para Lorenzo, el #12 posee caracter\u00edsticas poco comunes en la parrilla actual, especialmente en t\u00e9rminos de velocidad pura. Esta valoraci\u00f3n cobra mayor peso viniendo de un piloto que ha sido cinco veces campe\u00f3n del mundo y se ha enfrentado a diferentes generaciones de pilotos de MotoGP.<\/p>\n\n\n\n<p class=\"wp-block-paragraph\">En opini\u00f3n del expiloto, el talento innato de Vi\u00f1ales eleva al espa\u00f1ol a un nivel superior, incluso considerando el impacto inmediato que Acosta ha tenido desde su debut en la categor\u00eda reina.<\/p>\n\n\n\n<p class=\"wp-block-paragraph\">Otro factor que impulsa el proyecto de Lorenzo y Vi\u00f1ales es conseguir que &#8216;Top Gun&#8217; gane carreras de MotoGP con un cuarto fabricante diferente, algo sin precedentes en la historia de la categor\u00eda.<\/p>\n\n\n\n<p class=\"wp-block-paragraph\"><strong>MotoGP<\/strong>&nbsp;est\u00e1 de vacaciones y no volver\u00e1 a la acci\u00f3n hasta el 29, 30 y 31 de enero de 2026, con el shakedown de&nbsp;<strong>Sepang<\/strong>&nbsp;en&nbsp;<strong>Malasia<\/strong>.<\/p>\n\n\n\n<figure class=\"wp-block-embed is-type-rich is-provider-gestor-del-servicio wp-block-embed-gestor-del-servicio wp-embed-aspect-16-9 wp-has-aspect-ratio\"><div class=\"wp-block-embed__wrapper\">\nhttps:\/\/youtube.com\/watch?v=SvfHenCafu8%3Fversion%3D3%26rel%3D1%26showsearch%3D0%26showinfo%3D1%26iv_load_policy%3D1%26fs%3D1%26hl%3Des-ES%26autohide%3D2%26wmode%3Dtransparent\n<\/div><\/figure>\n","protected":false},"excerpt":{"rendered":"<p>Jorge Lorenzo detall\u00f3 su trabajo como preparador f\u00edsico de Maverick Vi\u00f1ales y destac\u00f3 el &#8220;talento innato&#8221; del espa\u00f1ol. Seg\u00fan el tricampe\u00f3n de MotoGP, &#8220;sus resultados nunca reflejaron su talento&#8221;.<\/p>\n","protected":false},"author":0,"featured_media":1010378389,"comment_status":"closed","ping_status":"closed","sticky":false,"template":"","format":"standard","meta":{"42wp_featured_image_caption":"","42wp_featured_image_credits":"","42wp_featured_video":"","42wp_featured_image_hidden":false,"42wp_authors_list":[],"footnotes":""},"categories":[8],"tags":[1889,1381,13467,1293,9621,1693,1528],"42wp_author":[14240],"class_list":["post-3550","post","type-post","status-publish","format-standard","has-post-thumbnail","hentry","category-motogp","tag-jorge-lorenzo","tag-ktm","tag-maverick-rinales","tag-motogp","tag-motogp-2025","tag-pedro-acosta","tag-tech3","42wp_author-ignacio-bogado"],"_links":{"self":[{"href":"https:\/\/grandepremio.com\/es\/wp-json\/wp\/v2\/posts\/3550","targetHints":{"allow":["GET"]}}],"collection":[{"href":"https:\/\/grandepremio.com\/es\/wp-json\/wp\/v2\/posts"}],"about":[{"href":"https:\/\/grandepremio.com\/es\/wp-json\/wp\/v2\/types\/post"}],"replies":[{"embeddable":true,"href":"https:\/\/grandepremio.com\/es\/wp-json\/wp\/v2\/comments?post=3550"}],"version-history":[{"count":0,"href":"https:\/\/grandepremio.com\/es\/wp-json\/wp\/v2\/posts\/3550\/revisions"}],"wp:featuredmedia":[{"embeddable":true,"href":"https:\/\/grandepremio.com\/es\/wp-json\/wp\/v2\/media\/1010378389"}],"wp:attachment":[{"href":"https:\/\/grandepremio.com\/es\/wp-json\/wp\/v2\/media?parent=3550"}],"wp:term":[{"taxonomy":"category","embeddable":true,"href":"https:\/\/grandepremio.com\/es\/wp-json\/wp\/v2\/categories?post=3550"},{"taxonomy":"post_tag","embeddable":true,"href":"https:\/\/grandepremio.com\/es\/wp-json\/wp\/v2\/tags?post=3550"},{"taxonomy":"42wp_author","embeddable":true,"href":"https:\/\/grandepremio.com\/es\/wp-json\/wp\/v2\/42wp_author?post=3550"}],"curies":[{"name":"wp","href":"https:\/\/api.w.org\/{rel}","templated":true}]}}