{"id":35653,"date":"2026-07-06T14:31:37","date_gmt":"2026-07-06T17:31:37","guid":{"rendered":"https:\/\/grandepremio.com\/es\/?p=35653"},"modified":"2026-07-06T14:31:38","modified_gmt":"2026-07-06T17:31:38","slug":"oward-celebra-victoria-mid-ohio-indy-2026","status":"publish","type":"post","link":"https:\/\/grandepremio.com\/es\/indy\/oward-celebra-victoria-mid-ohio-indy-2026\/","title":{"rendered":"O\u2019Ward celebra su victoria en Mid-Ohio y admite: \u201cHa sido uno de esos a\u00f1os\u201d"},"content":{"rendered":"\n<p class=\"wp-block-paragraph\">Despu\u00e9s de haber largado segundo en la carrera de <strong>IndyCar <\/strong>en el circuito de <strong>Mid-Ohio<\/strong>, la und\u00e9cima carrera de la temporada 2026, <strong>Patricio O\u2019Ward<\/strong> cort\u00f3 una racha de casi un a\u00f1o sin victorias y super\u00f3 a <strong>Christian Lundgaard<\/strong> para lograr el primer 1-2 de <strong>McLaren <\/strong>en la categor\u00eda.<\/p>\n\n\n\n<p class=\"wp-block-paragraph\">\ud83d\udfe5&nbsp;<strong><em>\u00a1Todas las novedades te esperan en el canal de&nbsp;<\/em><\/strong><a href=\"https:\/\/www.youtube.com\/@GrandePremioES\"><em>YouTube<\/em><\/a><strong><em>&nbsp;de Grande Pr\u00eamio en Espa\u00f1ol!<\/em><\/strong>&nbsp;\ud83d\udfe8<\/p>\n\n\n\n<p class=\"wp-block-paragraph\">O\u2019Ward y Lundgaard pelearon por ganar durante toda la carrera, hasta que al dan\u00e9s se le complic\u00f3 superar a <strong>Alexander Rossi<\/strong>, que estaba rezagado, y el mexicano aprovech\u00f3 para superar a su compa\u00f1ero, dominando el resto del desarrollo hasta el final de la carrera.<\/p>\n\n\n\n<p class=\"wp-block-paragraph\"><strong>\u201cHa sido uno de esos a\u00f1os, sin duda. Hoy fue un ejemplo perfecto y absoluto de ejecuci\u00f3n. Esper\u00e9 el momento perfecto para atacar y, a partir de ah\u00ed, lo controlamos todo. Los chicos estuvieron incre\u00edbles en boxes. S\u00e9 que han estado trabajando muy duro para ofrecer este rendimiento cada fin de semana\u201d<\/strong>, declar\u00f3 el mexicano tras la carrera.<\/p>\n\n\n\n<figure class=\"wp-block-embed is-type-video is-provider-youtube wp-block-embed-youtube wp-embed-aspect-16-9 wp-has-aspect-ratio\"><div class=\"wp-block-embed__wrapper\">\n<iframe loading=\"lazy\" title=\"LECLERC RESURGE Y GANA EN GRAN BRETA\u00d1A; COLAPINTO, 9\u00b0\" width=\"500\" height=\"281\" src=\"https:\/\/www.youtube.com\/embed\/0OqUD5ugQck?feature=oembed\" frameborder=\"0\" allow=\"accelerometer; autoplay; clipboard-write; encrypted-media; gyroscope; picture-in-picture; web-share\" referrerpolicy=\"strict-origin-when-cross-origin\" allowfullscreen><\/iframe>\n<\/div><\/figure>\n\n\n\n<p class=\"wp-block-paragraph\">El mexicano tambi\u00e9n elogi\u00f3 al equipo <em>\u201cpapaya\u201d<\/em> por sus logros del fin de semana, con la pole y victoria: <strong>\u201cHa sido un placer conducir este coche todo el fin de semana. \u00a1Gracias a Chevrolet! Es el mejor resultado que hemos tenido como equipo, terminando primero y segundo\u201d.<\/strong><\/p>\n\n\n\n<p class=\"wp-block-paragraph\"><strong>\u201cTuvimos el ritmo en la clasificaci\u00f3n y salimos a pista con una ejecuci\u00f3n impecable. Hicimos un trabajo incre\u00edble en boxes, y todo el equipo, junto con el Team Chevy, ten\u00eda una estrategia excelente. Mi primera victoria del a\u00f1o, mi primer podio. \u00a1Vamos a Nashville! Creo que tenemos asuntos pendientes all\u00ed\u201d<\/strong>, concluy\u00f3.<\/p>\n\n\n\n<p class=\"wp-block-paragraph\">\u23e9&nbsp;<strong><em>\u00a1Seguinos en redes por&nbsp;<\/em><\/strong><a href=\"https:\/\/twitter.com\/grandepremioES\"><em>Twitter&nbsp;<\/em><\/a><strong><em>e&nbsp;<\/em><\/strong><a href=\"https:\/\/www.instagram.com\/grandepremioes\/\"><em>Instagram!<br><\/em><\/a>\u23e9&nbsp;<strong><em>Adem\u00e1s, tenemos nuestro&nbsp;<\/em><\/strong><a href=\"https:\/\/whatsapp.com\/channel\/0029VaDZ5zb0gcfDxuwxBM05\"><em>canal de Whatsapp<\/em><\/a><strong><em>&nbsp;con toda la informaci\u00f3n al instante<\/em><\/strong>&nbsp;\ud83c\udfc1<\/p>\n\n\n\n<p class=\"wp-block-paragraph\">La IndyCar regresar\u00e1 en dos semanas, el 18 y el 19 de julio, con la carrera en el \u00f3valo de Nashville, Tennessee, para la 12\u00b0 cita de la temporada 2026.<\/p>\n","protected":false},"excerpt":{"rendered":"<p>Patricio O\u2019Ward celebr\u00f3 su primera victoria en la temporada 2026 de IndyCar y reconoci\u00f3 que est\u00e1 atravesando un a\u00f1o complicado. El mexicano tambi\u00e9n elogi\u00f3 el primer doblete de McLaren en la categor\u00eda.<\/p>\n","protected":false},"author":31,"featured_media":1020308877,"comment_status":"closed","ping_status":"closed","sticky":false,"template":"","format":"standard","meta":{"42wp_featured_image_caption":"Honda-Indy-200-at-Mid-Ohio-Sunday_-July-5_-2026-_Large-Image-Without-Watermark_m159896-1200x675","42wp_featured_image_credits":"","42wp_featured_video":"","42wp_featured_image_hidden":false,"42wp_authors_list":[],"footnotes":""},"categories":[7],"tags":[1607,372,310,269,734,7300],"42wp_author":[14237],"class_list":["post-35653","post","type-post","status-publish","format-standard","has-post-thumbnail","hentry","category-indy","tag-alexander-rossi","tag-christian-lundgaard","tag-indycar","tag-mclaren","tag-mid-ohio","tag-patricio-oward-2","42wp_author-gabriel-garcia"],"_links":{"self":[{"href":"https:\/\/grandepremio.com\/es\/wp-json\/wp\/v2\/posts\/35653","targetHints":{"allow":["GET"]}}],"collection":[{"href":"https:\/\/grandepremio.com\/es\/wp-json\/wp\/v2\/posts"}],"about":[{"href":"https:\/\/grandepremio.com\/es\/wp-json\/wp\/v2\/types\/post"}],"author":[{"embeddable":true,"href":"https:\/\/grandepremio.com\/es\/wp-json\/wp\/v2\/users\/31"}],"replies":[{"embeddable":true,"href":"https:\/\/grandepremio.com\/es\/wp-json\/wp\/v2\/comments?post=35653"}],"version-history":[{"count":2,"href":"https:\/\/grandepremio.com\/es\/wp-json\/wp\/v2\/posts\/35653\/revisions"}],"predecessor-version":[{"id":35655,"href":"https:\/\/grandepremio.com\/es\/wp-json\/wp\/v2\/posts\/35653\/revisions\/35655"}],"wp:featuredmedia":[{"embeddable":true,"href":"https:\/\/grandepremio.com\/es\/wp-json\/wp\/v2\/media\/1020308877"}],"wp:attachment":[{"href":"https:\/\/grandepremio.com\/es\/wp-json\/wp\/v2\/media?parent=35653"}],"wp:term":[{"taxonomy":"category","embeddable":true,"href":"https:\/\/grandepremio.com\/es\/wp-json\/wp\/v2\/categories?post=35653"},{"taxonomy":"post_tag","embeddable":true,"href":"https:\/\/grandepremio.com\/es\/wp-json\/wp\/v2\/tags?post=35653"},{"taxonomy":"42wp_author","embeddable":true,"href":"https:\/\/grandepremio.com\/es\/wp-json\/wp\/v2\/42wp_author?post=35653"}],"curies":[{"name":"wp","href":"https:\/\/api.w.org\/{rel}","templated":true}]}}