{"id":3592,"date":"2025-12-19T14:33:22","date_gmt":"2025-12-19T17:33:22","guid":{"rendered":"https:\/\/grandepremio.com\/es\/2025\/12\/19\/colapinto-ve-alpine-camino-correcto-coche-f1-2026\/"},"modified":"2025-12-19T14:33:31","modified_gmt":"2025-12-19T17:33:31","slug":"colapinto-ve-alpine-camino-correcto-coche-f1-2026","status":"publish","type":"post","link":"https:\/\/grandepremio.com\/es\/f1\/colapinto-ve-alpine-camino-correcto-coche-f1-2026\/","title":{"rendered":"Colapinto ve a Alpine &#8220;en el camino correcto&#8221; con el coche de F1 2026: &#8220;Se siente mejor&#8221;"},"content":{"rendered":"\n<p class=\"wp-block-paragraph\">Luego de una dif\u00edcil primera temporada con <strong>Alpine<\/strong> en la <strong>F\u00f3rmula 1<\/strong>, <strong>Franco Colapinto<\/strong> ya se encuentra enfocado en <strong>2026<\/strong>. El argentino finaliz\u00f3 el <strong>2025<\/strong> sin poder sumar para el <strong>Campeonato de Pilotos<\/strong>, pero con la llegada del nuevo reglamento t\u00e9cnico que cambiar\u00e1 por completo el concepto de los monoplazas, el #43 anticip\u00f3 expectante lo que estuvo trabajando en las simulaciones con el <strong>A526<\/strong>.<\/p>\n\n\n\n<p class=\"wp-block-paragraph\">Colapinto brind\u00f3 una conferencia de prensa en las oficinas de <strong>Renault Argentina<\/strong> este viernes y fue consultado sobre los trabajos que se est\u00e1n realizando en el desarrollo del monoplaza franc\u00e9s de la <strong>temporada 2026<\/strong>, que ya no contar\u00e1 con la unidad de potencia <strong>Renault<\/strong> y comenzar\u00e1 la asociaci\u00f3n con <strong>Mercedes<\/strong>.<\/p>\n\n\n\n<p class=\"wp-block-paragraph\">\ud83d\udfe5&nbsp;<strong><em>\u00a1Todas las novedades te esperan en el canal de&nbsp;<\/em><\/strong><a href=\"https:\/\/www.youtube.com\/@GrandePremioES\"><em>YouTube<\/em><\/a><strong><em>&nbsp;de Grande Pr\u00eamio en Espa\u00f1ol!<\/em><\/strong>&nbsp;\ud83d\udfe8<\/p>\n\n\n\n<figure class=\"wp-block-embed is-type-rich is-provider-gestor-del-servicio wp-block-embed-gestor-del-servicio wp-embed-aspect-16-9 wp-has-aspect-ratio\"><div class=\"wp-block-embed__wrapper\">\nhttps:\/\/youtube.com\/watch?v=SvfHenCafu8%3Fversion%3D3%26rel%3D1%26showsearch%3D0%26showinfo%3D1%26iv_load_policy%3D1%26fs%3D1%26hl%3Des-ES%26autohide%3D2%26wmode%3Dtransparent\n<\/div><\/figure>\n\n\n\n<p class=\"wp-block-paragraph\">&#8220;Estoy con el simulador. Trabajando mucho con el equipo para tener un buen a\u00f1o&#8221;, comenz\u00f3. &#8220;Creo que hay muchos cambios en la estructura, todos positivos. As\u00ed que hay que ver qu\u00e9 pasa en enero, c\u00f3mo est\u00e1n los otros equipos&#8221;, remarc\u00f3.<\/p>\n\n\n\n<p class=\"wp-block-paragraph\">La escuder\u00eda de <strong>Enstone<\/strong> resign\u00f3 el desarrollo en 2025 para centrar sus recursos en el pr\u00f3ximo a\u00f1o y fue uno de los primeros dos equipos que <a href=\"https:\/\/grandepremio.com\/es\/f1\/dos-equipos-f1-2026-primeros-superar-crash-test\/\">ya super\u00f3 el crash test del nuevo chasis<\/a>. Por otro lado, ser\u00e1 de los primeros en poner en pista al nuevo modelo de 2026, ya que <a href=\"https:\/\/grandepremio.com\/es\/f1\/audi-alpine-planean-probar-monoplaza-f1-2026-antes-pretemporada\/\">recibi\u00f3 la autorizaci\u00f3n de la <strong>Federaci\u00f3n Internacional del Autom\u00f3vil (FIA)<\/strong> para realizar pruebas cerradas en <strong>Barcelona<\/strong><\/a> antes de la pretemporada, junto a <strong>Audi<\/strong>.<\/p>\n\n\n\n<p class=\"wp-block-paragraph\">&#8220;Es un poco dif\u00edcil tratar de cuantificar cu\u00e1nta performance hay porque no sabemos c\u00f3mo est\u00e1n los dem\u00e1s. Sabemos que nosotros mejoramos respecto a este a\u00f1o con los problemas que ten\u00edamos. Eso est\u00e1 yendo en la direcci\u00f3n correcta, pero no sabemos d\u00f3nde est\u00e1n los dem\u00e1s&#8221;, asegur\u00f3.<\/p>\n\n\n\n<p class=\"wp-block-paragraph\">&#8220;En el simulador se siente mejor el auto. Cambi\u00f3 mucho&#8221;, coment\u00f3 Franco, comparando su experiencia con el A525 y las primeras pruebas simuladas con el A526. Adem\u00e1s, destac\u00f3 que los pilotos y los ingenieros deber\u00e1n adaptarse a administrar a la nueva distribuci\u00f3n de energ\u00eda, ya que la normativa de las nuevas unidades de potencia equiparan casi en un 50% la totalidad de la fuerza entre el motor V6 y la parte el\u00e9ctrica, lo que supondr\u00e1 un cambio en el estilo de pilotaje y en los sistemas de la utilizaci\u00f3n de energ\u00eda h\u00edbrida.<\/p>\n\n\n\n<figure class=\"wp-block-image size-full\"><img decoding=\"async\" src=\"https:\/\/grandepremio.com\/es\/wp-content\/uploads\/..\/gp_br_uploads\/2025\/12\/Frente-carro-Formula-1-2026-Foto-F1.jpg\" alt=\"\" class=\"wp-image-384405\"\/><figcaption class=\"wp-element-caption\">Franco Colapinto se\u00f1al\u00f3 que los pilotos deber\u00e1n adoptar un nuevo estilo de manejo con los coches de 2026. (Foto: F1)<\/figcaption><\/figure>\n\n\n\n<p class=\"wp-block-paragraph\">\u23e9&nbsp;<strong><em>\u00a1Seguinos en redes por&nbsp;<\/em><\/strong><a href=\"https:\/\/twitter.com\/grandepremioES\"><em>Twitter&nbsp;<\/em><\/a><strong><em>e&nbsp;<\/em><\/strong><a href=\"https:\/\/www.instagram.com\/grandepremioes\/\"><em>Instagram!<\/em><\/a><br>\u23e9&nbsp;<strong><em>Adem\u00e1s, tenemos nuestro&nbsp;<\/em><\/strong><a href=\"https:\/\/whatsapp.com\/channel\/0029VaDZ5zb0gcfDxuwxBM05\"><em>canal de Whatsapp<\/em><\/a><strong><em>&nbsp;con toda la informaci\u00f3n al instante<\/em><\/strong>&nbsp;\ud83c\udfc1<\/p>\n\n\n\n<p class=\"wp-block-paragraph\">&#8220;Va a haber que adaptarse, va a ser un cambio para todos y eso creo que viene bien siempre un poco de aire nuevo, especialmente cuando tuvimos un a\u00f1o malo&#8221;, remarc\u00f3.<\/p>\n\n\n\n<p class=\"wp-block-paragraph\">Por otro lado, destac\u00f3 a los integrantes de la f\u00e1brica del equipo y las expectativas que hay en Enstone de cara al 2026. &#8220;En la f\u00e1brica est\u00e1n con ganas. Creo que todos est\u00e1n con ganas de empezar el a\u00f1o, con buenas noticias. Se est\u00e1n esforzando mucho para armar el auto en tiempo y forma. Tengo muchas ganas de que vaya bien por ellos, porque se nota el esfuerzo que pusieron y ojal\u00e1 que tengamos buenos resultados&#8221;, elogi\u00f3.<\/p>\n\n\n\n<p class=\"wp-block-paragraph\">Por \u00faltimo, se anim\u00f3 a fijar un objetivo para la nueva temporada de F1. &#8220;Veremos qu\u00e9 pasa en 2026, creo que si estamos peleando por puntos ya va a ser algo muy positivo para nosotros&#8221;, finaliz\u00f3.<\/p>\n\n\n\n<p class=\"wp-block-paragraph\">La&nbsp;<strong>F\u00f3rmula 1<\/strong>&nbsp;est\u00e1 oficialmente de vacaciones. Los monoplazas volver\u00e1n a la acci\u00f3n entre el 26 y el 30 de enero, en los test privados de&nbsp;<strong>Barcelona<\/strong>, \u200b\u200by luego ir\u00e1n a&nbsp;<strong>Bahr\u00e9in<\/strong>&nbsp;para dos sesiones m\u00e1s de pretemporada, del 11 al 13 y del 18 al 20 de febrero.<\/p>\n","protected":false},"excerpt":{"rendered":"<p>El argentino habl\u00f3 sobre el trabajo de la escuder\u00eda francesa sobre el nuevo monoplaza de 2026 y reconoci\u00f3 una mejor\u00eda respecto al coche de 2025, seg\u00fan lo que pudo probar en el simulador.<\/p>\n","protected":false},"author":0,"featured_media":1010381873,"comment_status":"closed","ping_status":"closed","sticky":false,"template":"","format":"standard","meta":{"42wp_featured_image_caption":"","42wp_featured_image_credits":"","42wp_featured_video":"","42wp_featured_image_hidden":false,"42wp_authors_list":[],"footnotes":""},"categories":[5],"tags":[11783,13445,678,1680,179,814,197,7930,210],"42wp_author":[14240],"class_list":["post-3592","post","type-post","status-publish","format-standard","has-post-thumbnail","hentry","category-f1","tag-a525","tag-a526","tag-alpine","tag-f1-2026","tag-formula-1","tag-franco-colapinto","tag-mercedes","tag-reglamento-2026","tag-renault","42wp_author-ignacio-bogado"],"_links":{"self":[{"href":"https:\/\/grandepremio.com\/es\/wp-json\/wp\/v2\/posts\/3592","targetHints":{"allow":["GET"]}}],"collection":[{"href":"https:\/\/grandepremio.com\/es\/wp-json\/wp\/v2\/posts"}],"about":[{"href":"https:\/\/grandepremio.com\/es\/wp-json\/wp\/v2\/types\/post"}],"replies":[{"embeddable":true,"href":"https:\/\/grandepremio.com\/es\/wp-json\/wp\/v2\/comments?post=3592"}],"version-history":[{"count":0,"href":"https:\/\/grandepremio.com\/es\/wp-json\/wp\/v2\/posts\/3592\/revisions"}],"wp:featuredmedia":[{"embeddable":true,"href":"https:\/\/grandepremio.com\/es\/wp-json\/wp\/v2\/media\/1010381873"}],"wp:attachment":[{"href":"https:\/\/grandepremio.com\/es\/wp-json\/wp\/v2\/media?parent=3592"}],"wp:term":[{"taxonomy":"category","embeddable":true,"href":"https:\/\/grandepremio.com\/es\/wp-json\/wp\/v2\/categories?post=3592"},{"taxonomy":"post_tag","embeddable":true,"href":"https:\/\/grandepremio.com\/es\/wp-json\/wp\/v2\/tags?post=3592"},{"taxonomy":"42wp_author","embeddable":true,"href":"https:\/\/grandepremio.com\/es\/wp-json\/wp\/v2\/42wp_author?post=3592"}],"curies":[{"name":"wp","href":"https:\/\/api.w.org\/{rel}","templated":true}]}}