{"id":3599,"date":"2025-12-19T10:00:31","date_gmt":"2025-12-19T13:00:31","guid":{"rendered":"https:\/\/grandepremio.com\/es\/2025\/12\/19\/nascar-consternacion-fallecimiento-greg-biffle-accidente-aereo\/"},"modified":"2025-12-19T10:03:09","modified_gmt":"2025-12-19T13:03:09","slug":"nascar-consternacion-fallecimiento-greg-biffle-accidente-aereo","status":"publish","type":"post","link":"https:\/\/grandepremio.com\/es\/nascar\/nascar-consternacion-fallecimiento-greg-biffle-accidente-aereo\/","title":{"rendered":"NASCAR lamenta la &#8220;p\u00e9rdida irreparable&#8221; de Biffle: &#8220;Estamos devastados&#8221;"},"content":{"rendered":"\n<p class=\"wp-block-paragraph\"><a href=\"https:\/\/grandepremio.com\/es\/nascar\/greg-biffle-leyenda-nascar-muere-accidente-aereo-carolina-del-norte\/\">Tras el tr\u00e1gico accidente a\u00e9reo que se cobr\u00f3 la vida de Greg Biffle y otras seis personas en Carolina del Norte, Estados Unidos<\/a>, la <strong>NASCAR <\/strong>se pronunci\u00f3 sobre la muerte del expiloto. La categor\u00eda hizo hincapi\u00e9 en la integridad del antiguo competidor y elogi\u00f3 las innumerables horas que el campe\u00f3n de la <strong>Truck <\/strong>y la <strong>Xfinity Series<\/strong> dedic\u00f3 a ayudar a las v\u00edctimas del <strong>hurac\u00e1n Helene<\/strong>, que azot\u00f3 el pa\u00eds en 2024.<\/p>\n\n\n\n<p class=\"wp-block-paragraph\">\ud83d\udfe5&nbsp;<strong><em>\u00a1Todas las novedades te esperan en el canal de&nbsp;<\/em><\/strong><a href=\"https:\/\/www.youtube.com\/@GrandePremioES\"><em>YouTube<\/em><\/a><strong><em>&nbsp;de Grande Pr\u00eamio en Espa\u00f1ol!<\/em><\/strong>&nbsp;\ud83d\udfe8<\/p>\n\n\n\n<p class=\"wp-block-paragraph\">El avi\u00f3n, un <strong>Cessna C550<\/strong> propiedad de <strong>Biffle<\/strong>, se estrell\u00f3 poco despu\u00e9s de despegar del aeropuerto local y explot\u00f3. Sin mucha informaci\u00f3n en los primeros momentos, fue el canal <em>WCNC<\/em>, afiliado a la <em>NBC <\/em>en <strong>Carolina del Norte<\/strong>, el que inform\u00f3 que las autoridades del <strong>condado de Iredell<\/strong> confirmaron la muerte de todos los ocupantes, identificados m\u00e1s tarde como <strong>Greg<\/strong>, su esposa <strong>Cristina<\/strong>, sus hijos <strong>Ryder <\/strong>y <strong>Emma<\/strong>, <strong>Dennis Dutton<\/strong> y su hijo <strong>Jack<\/strong>, y <strong>Craig Wadsworth<\/strong>.<\/p>\n\n\n\n<p class=\"wp-block-paragraph\">\u00ab<strong>NASCAR <\/strong>est\u00e1 devastada por la tr\u00e1gica p\u00e9rdida de <strong>Greg Biffle<\/strong>, su esposa <strong>Cristina<\/strong>, su hija <strong>Emma<\/strong>, su hijo <strong>Ryder, Craig Wadsworth<\/strong>, <strong>Dennis <\/strong>y <strong>Jack Dutton<\/strong> en un fatal accidente a\u00e9reo. <strong>Greg <\/strong>era m\u00e1s que un piloto campe\u00f3n; era un miembro querido de la comunidad de <strong>NASCAR<\/strong>, un competidor feroz y un amigo para muchos. Su pasi\u00f3n por el automovilismo, su integridad y su compromiso tanto con los aficionados como con sus compa\u00f1eros de pista dejaron una huella imborrable en el deporte\u00bb, comenz\u00f3 la categor\u00eda.<\/p>\n\n\n\n<p class=\"wp-block-paragraph\">\u00abEn las pistas, el talento y la tenacidad de <strong>Greg <\/strong>le valieron t\u00edtulos en las series <strong>Truck <\/strong>y <strong>Xfinity<\/strong>, adem\u00e1s de innumerables victorias y logros en la <strong>Cup Series<\/strong>. M\u00e1s all\u00e1 de su trayectoria, se dedic\u00f3 al bienestar de la comunidad. En particular, <strong>Greg <\/strong>dedic\u00f3 innumerables horas a ayudar a los ciudadanos de <strong>Carolina del Norte<\/strong> durante los desastres que siguieron al <strong>hurac\u00e1n Helene<\/strong>. Su incansable labor salv\u00f3 vidas. Nuestros pensamientos y m\u00e1s sinceras condolencias est\u00e1n con toda la familia de <strong>Greg<\/strong>, sus amigos y todos aquellos que se vieron afectados por su vida\u00bb, concluy\u00f3.<\/p>\n\n\n\n<p class=\"wp-block-paragraph\">Los familiares de las v\u00edctimas tambi\u00e9n emitieron un comunicado. \u00abEstamos devastados por la p\u00e9rdida de nuestros seres queridos. Esta tragedia dej\u00f3 a todas nuestras familias con el coraz\u00f3n roto, m\u00e1s all\u00e1 de lo que las palabras pueden expresar. <strong>Greg<\/strong> y <strong>Cristina <\/strong>eran padres dedicados y fil\u00e1ntropos activos, cuyas vidas giraban en torno a su hijo peque\u00f1o <strong>Ryder <\/strong>y a la hija de <strong>Greg, Emma<\/strong> (madre: <strong>Nicole Lunders<\/strong>). <strong>Emma <\/strong>era un ser humano maravilloso, de alma gentil, amada por muchas personas. <strong>Ryder <\/strong>era un ni\u00f1o activo, curioso e infinitamente alegre\u00bb, lamentaron.<\/p>\n\n\n\n<p class=\"wp-block-paragraph\">\u23e9&nbsp;<strong><em>\u00a1Seguinos en redes por&nbsp;<\/em><\/strong><a href=\"https:\/\/twitter.com\/grandepremioES\"><em>Twitter&nbsp;<\/em><\/a><strong><em>e&nbsp;<\/em><\/strong><a href=\"https:\/\/www.instagram.com\/grandepremioes\/\"><em>Instagram!<br><\/em><\/a>\u23e9&nbsp;<strong><em>Adem\u00e1s, tenemos nuestro&nbsp;<\/em><\/strong><a href=\"https:\/\/whatsapp.com\/channel\/0029VaDZ5zb0gcfDxuwxBM05\"><em>canal de Whatsapp<\/em><\/a><strong><em>&nbsp;con toda la informaci\u00f3n al instante<\/em><\/strong>&nbsp;\ud83c\udfc1<\/p>\n\n\n\n<figure class=\"wp-block-image size-large\"><img decoding=\"async\" src=\"https:\/\/grandepremio.com\/es\/wp-content\/uploads\/2025\/12\/G8fP8xdXoAEpHxY-1024x521.jpg\" alt=\"\" class=\"wp-image-384589\"\/><figcaption class=\"wp-element-caption\">Greg Biffle fue subcampe\u00f3n de la NASCAR Cup Series en 2005 (Foto: Reproducci\u00f3n)<\/figcaption><\/figure>\n\n\n\n<p class=\"wp-block-paragraph\">\u00ab<strong>Dennis Dutton<\/strong> y su hijo <strong>Jack <\/strong>tambi\u00e9n eran profundamente queridos, y su p\u00e9rdida es sentida por todos los que los conocieron. <strong>Craig Wadsworth<\/strong> era querido por muchos en la comunidad de <strong>NASCAR <\/strong>y ser\u00e1 extra\u00f1ado por aquellos que lo conocieron. Cada uno de ellos lo era todo para nosotros, y su ausencia deja un vac\u00edo inconmensurable en nuestras vidas. Pedimos privacidad, compasi\u00f3n y comprensi\u00f3n mientras lloramos y comenzamos a procesar esta p\u00e9rdida inimaginable. Agradecemos la amabilidad y el apoyo que se ha brindado a nuestras familias durante este momento incre\u00edblemente dif\u00edcil. En este momento, nuestro enfoque es honrar sus vidas y apoyarnos mutuamente\u201d, concluyeron.<\/p>\n\n\n\n<p class=\"wp-block-paragraph\">Algunos pilotos de <strong>NASCAR <\/strong>tambi\u00e9n se manifestaron en las redes sociales, como fue el caso de <strong>Chase Briscoe<\/strong>. \u00abUn d\u00eda dif\u00edcil para nuestra comunidad. Biff, obviamente, caus\u00f3 un gran impacto en las pistas, ganando m\u00e1s de 50 carreras, pero eso no se acerca ni remotamente al impacto que tuvo fuera de ellas, especialmente con todo lo que hizo durante los esfuerzos de ayuda tras el hurac\u00e1n. Nuestros pensamientos y oraciones est\u00e1n con la familia <strong>Biffle<\/strong>\u00bb, escribi\u00f3.<\/p>\n\n\n\n<p class=\"wp-block-paragraph\">\u00abEs terrible lo que ha pasado con <strong>Greg <\/strong>y su familia. Fue alguien a quien tuve el privilegio de admirar en la televisi\u00f3n y contra quien pude competir. Uno de los m\u00e1s grandes de todos los tiempos, tanto dentro como fuera de las pistas. El #16 siempre ser\u00e1 ic\u00f3nico\u00bb, declar\u00f3 <strong>Ryan Blaney<\/strong>. <strong>Bubba Wallace<\/strong>, por su parte, prefiri\u00f3 no usar palabras y solo public\u00f3 un emoji de oraci\u00f3n acompa\u00f1ado de una foto de <strong>Greg <\/strong>con su familia.<\/p>\n\n\n\n<p class=\"wp-block-paragraph\">Por \u00faltimo, <strong>Connor Zilisch<\/strong>, subcampe\u00f3n de la <strong>Xfinity <\/strong>en 2025, dej\u00f3 un breve mensaje con una reflexi\u00f3n sobre el valor de la vida. \u00abOraciones para la familia <strong>Biffle<\/strong>. Aprovechen cada momento\u00bb, subray\u00f3.<\/p>\n\n\n\n<figure class=\"wp-block-image size-large\"><img decoding=\"async\" src=\"https:\/\/grandepremio.com\/es\/wp-content\/uploads\/2025\/12\/GettyImages-533179238_1463849505983_2423906_ver1.0-1024x576.jpg\" alt=\"\" class=\"wp-image-384590\"\/><figcaption class=\"wp-element-caption\">Greg Biffle disput\u00f3 515 carreras en la NASCAR Cup Series (Foto: Getty Images)<\/figcaption><\/figure>\n\n\n\n<p class=\"wp-block-paragraph\">Nacido en <strong>Vancouver, Washington, Biffle<\/strong> fue uno de los pilotos m\u00e1s populares de la <strong>NASCAR <\/strong>en la d\u00e9cada de 2000. Comenz\u00f3 su carrera en 1995, destac\u00e1ndose por el t\u00edtulo de la <strong>Truck Series<\/strong> en 2000 y de la <strong>Busch Series<\/strong> en 2002, que lo ascendieron a la <strong>Cup Series <\/strong>como titular a partir de 2003. <strong>Greg <\/strong>se hizo cargo del #16 de <strong>Roush Racing<\/strong> y consigui\u00f3 una victoria en su primera temporada, en <strong>Daytona<\/strong>. 2005 fue el a\u00f1o m\u00e1s destacado del piloto, conquistando seis victorias y siendo subcampe\u00f3n, detr\u00e1s de <strong>Tony Stewart<\/strong>.<\/p>\n\n\n\n<p class=\"wp-block-paragraph\">En 2008, tambi\u00e9n fue candidato al t\u00edtulo. A pesar de no ganar durante la temporada regular, sorprendi\u00f3 al ganar las dos primeras carreras de la <strong>Chase<\/strong>. Sin embargo, termin\u00f3 en tercer lugar en el campeonato, detr\u00e1s de <strong>Jimmie Johnson<\/strong> y <strong>Carl Edwards<\/strong>. <strong>Biffle <\/strong>dej\u00f3 <strong>Roush Fenway Racing<\/strong> a finales de 2016 y debut\u00f3 como comentarista de <strong>NASCAR <\/strong>en <em>NBC Sports<\/em>. En 2022, tuvo un breve regreso a la <strong>Cup Series<\/strong> pilotando en cinco carreras, incluida la <strong>Daytona 500<\/strong>, para el <strong>NY Racing Team<\/strong>.<\/p>\n\n\n\n<p class=\"wp-block-paragraph\">En 2023, fue elegido como uno de los 75 mejores pilotos de la historia de la <strong>NASCAR<\/strong>. En total, disput\u00f3 515 carreras en la <strong>Cup Series<\/strong>, con 19 victorias, 13 poles y 175 finalizaciones en el top-10.<\/p>\n\n\n\n<figure class=\"wp-block-embed is-type-video is-provider-youtube wp-block-embed-youtube wp-embed-aspect-16-9 wp-has-aspect-ratio\"><div class=\"wp-block-embed__wrapper\">\n<iframe loading=\"lazy\" title=\"\u00bfFRACASO O EVOLUCI\u00d3N? EL BALANCE DE LA TEMPORADA 2025 DE COLAPINTO EN F1\" width=\"500\" height=\"281\" src=\"https:\/\/www.youtube.com\/embed\/SvfHenCafu8?feature=oembed\" frameborder=\"0\" allow=\"accelerometer; autoplay; clipboard-write; encrypted-media; gyroscope; picture-in-picture; web-share\" referrerpolicy=\"strict-origin-when-cross-origin\" allowfullscreen><\/iframe>\n<\/div><\/figure>\n","protected":false},"excerpt":{"rendered":"<p>Adem\u00e1s de Nascar, los familiares de las v\u00edctimas y algunos pilotos de la categor\u00eda tambi\u00e9n se pronunciaron sobre el tr\u00e1gico accidente del jueves.<\/p>\n","protected":false},"author":0,"featured_media":1001044961,"comment_status":"closed","ping_status":"closed","sticky":false,"template":"","format":"standard","meta":{"42wp_featured_image_caption":"","42wp_featured_image_credits":"","42wp_featured_video":"","42wp_featured_image_hidden":false,"42wp_authors_list":[],"footnotes":""},"categories":[24],"tags":[1488,13435,926,5751,8551,4988],"42wp_author":[14239],"class_list":["post-3599","post","type-post","status-publish","format-standard","has-post-thumbnail","hentry","category-nascar","tag-grande-premio","tag-greg-biffle","tag-nascar","tag-nascar-cup-series","tag-nascar-truck-series","tag-nascar-xfinity-series","42wp_author-jp-otrosky"],"_links":{"self":[{"href":"https:\/\/grandepremio.com\/es\/wp-json\/wp\/v2\/posts\/3599","targetHints":{"allow":["GET"]}}],"collection":[{"href":"https:\/\/grandepremio.com\/es\/wp-json\/wp\/v2\/posts"}],"about":[{"href":"https:\/\/grandepremio.com\/es\/wp-json\/wp\/v2\/types\/post"}],"replies":[{"embeddable":true,"href":"https:\/\/grandepremio.com\/es\/wp-json\/wp\/v2\/comments?post=3599"}],"version-history":[{"count":0,"href":"https:\/\/grandepremio.com\/es\/wp-json\/wp\/v2\/posts\/3599\/revisions"}],"wp:featuredmedia":[{"embeddable":true,"href":"https:\/\/grandepremio.com\/es\/wp-json\/wp\/v2\/media\/1001044961"}],"wp:attachment":[{"href":"https:\/\/grandepremio.com\/es\/wp-json\/wp\/v2\/media?parent=3599"}],"wp:term":[{"taxonomy":"category","embeddable":true,"href":"https:\/\/grandepremio.com\/es\/wp-json\/wp\/v2\/categories?post=3599"},{"taxonomy":"post_tag","embeddable":true,"href":"https:\/\/grandepremio.com\/es\/wp-json\/wp\/v2\/tags?post=3599"},{"taxonomy":"42wp_author","embeddable":true,"href":"https:\/\/grandepremio.com\/es\/wp-json\/wp\/v2\/42wp_author?post=3599"}],"curies":[{"name":"wp","href":"https:\/\/api.w.org\/{rel}","templated":true}]}}